{"id":24175,"date":"2023-02-15T12:15:28","date_gmt":"2023-02-15T09:15:28","guid":{"rendered":"http:\/\/akdenizolaygazetesi.com\/?p=24175"},"modified":"2023-02-15T12:15:28","modified_gmt":"2023-02-15T09:15:28","slug":"baskan-secer-deniz-baykalin-cenaze-torenine-katildi","status":"publish","type":"post","link":"https:\/\/akdenizolaygazetesi.com\/?p=24175","title":{"rendered":"BA\u015eKAN SE\u00c7ER, DEN\u0130Z BAYKAL&#8217;IN CENAZE T\u00d6REN\u0130NE KATILDI"},"content":{"rendered":"<p>Mersin B\u00fcy\u00fck\u015fehir Belediye Ba\u015fkan\u0131 Vahap Se\u00e7er, Cumhuriyet Halk Partisi (CHP) Eski Genel Ba\u015fkan\u0131 ve Antalya Milletvekili Deniz Baykal&#8217;\u0131n Ankara&#8217;da d\u00fczenlenen cenaze t\u00f6renine kat\u0131ld\u0131. Deniz Baykal, d\u00fczenlenen t\u00f6renlerin ard\u0131ndan Devlet Mezarl\u0131\u011f\u0131&#8217;na defnedildi.<br \/>\n\u0130lk t\u00f6ren Genel Merkez&#8217;de ge\u00e7ekle\u015fti<br \/>\n84 ya\u015f\u0131nda hayat\u0131n\u0131 kaybeden Deniz Baykal i\u00e7in ilk olarak Cumhuriyet Halk Partisi (CHP) Genel Merkezi&#8217;nde bir t\u00f6ren d\u00fczenlendi. Ard\u0131ndan Baykal&#8217;\u0131n naa\u015f\u0131 y\u0131llarca milletvekili olarak g\u00f6rev yapt\u0131\u011f\u0131 T\u00fcrkiye B\u00fcy\u00fck Millet Meclisi&#8217;ne (TBMM) g\u00f6t\u00fcr\u00fcld\u00fc ve resmi t\u00f6ren ger\u00e7ekle\u015ftirildi.<br \/>\nBaykal&#8217;\u0131n Ankara&#8217;daki Ahmet Hamdi Akseki Camii&#8217;nde \u00f6\u011fle namaz\u0131 sonras\u0131 cenaze namaz\u0131 k\u0131l\u0131nd\u0131 ve Devlet Mezarl\u0131\u011f\u0131&#8217;nda topra\u011fa verildi.<\/p>\n","protected":false},"excerpt":{"rendered":"<p>Mersin B\u00fcy\u00fck\u015fehir Belediye Ba\u015fkan\u0131 Vahap Se\u00e7er, Cumhuriyet Halk Partisi (CHP) Eski Genel Ba\u015fkan\u0131 ve Antalya Milletvekili Deniz Baykal&#8217;\u0131n Ankara&#8217;da d\u00fczenlenen cenaze t\u00f6renine kat\u0131ld\u0131. Deniz Baykal, d\u00fczenlenen t\u00f6renlerin ard\u0131ndan Devlet Mezarl\u0131\u011f\u0131&#8217;na &hellip; <a href=\"https:\/\/akdenizolaygazetesi.com\/?p=24175\" class=\"more-link\">Devam\u0131n\u0131 Oku&#8230;<\/a><\/p>\n","protected":false},"author":2,"featured_media":24176,"comment_status":"open","ping_status":"open","sticky":false,"template":"","format":"standard","meta":[],"categories":[34,1,2,3],"tags":[],"_links":{"self":[{"href":"https:\/\/akdenizolaygazetesi.com\/index.php?rest_route=\/wp\/v2\/posts\/24175"}],"collection":[{"href":"https:\/\/akdenizolaygazetesi.com\/index.php?rest_route=\/wp\/v2\/posts"}],"about":[{"href":"https:\/\/akdenizolaygazetesi.com\/index.php?rest_route=\/wp\/v2\/types\/post"}],"author":[{"embeddable":true,"href":"https:\/\/akdenizolaygazetesi.com\/index.php?rest_route=\/wp\/v2\/users\/2"}],"replies":[{"embeddable":true,"href":"https:\/\/akdenizolaygazetesi.com\/index.php?rest_route=%2Fwp%2Fv2%2Fcomments&post=24175"}],"version-history":[{"count":1,"href":"https:\/\/akdenizolaygazetesi.com\/index.php?rest_route=\/wp\/v2\/posts\/24175\/revisions"}],"predecessor-version":[{"id":24177,"href":"https:\/\/akdenizolaygazetesi.com\/index.php?rest_route=\/wp\/v2\/posts\/24175\/revisions\/24177"}],"wp:featuredmedia":[{"embeddable":true,"href":"https:\/\/akdenizolaygazetesi.com\/index.php?rest_route=\/wp\/v2\/media\/24176"}],"wp:attachment":[{"href":"https:\/\/akdenizolaygazetesi.com\/index.php?rest_route=%2Fwp%2Fv2%2Fmedia&parent=24175"}],"wp:term":[{"taxonomy":"category","embeddable":true,"href":"https:\/\/akdenizolaygazetesi.com\/index.php?rest_route=%2Fwp%2Fv2%2Fcategories&post=24175"},{"taxonomy":"post_tag","embeddable":true,"href":"https:\/\/akdenizolaygazetesi.com\/index.php?rest_route=%2Fwp%2Fv2%2Ftags&post=24175"}],"curies":[{"name":"wp","href":"https:\/\/api.w.org\/{rel}","templated":true}]}}