{"id":24187,"date":"2023-02-15T12:22:16","date_gmt":"2023-02-15T09:22:16","guid":{"rendered":"http:\/\/akdenizolaygazetesi.com\/?p=24187"},"modified":"2023-02-15T12:22:16","modified_gmt":"2023-02-15T09:22:16","slug":"yenisehirin-almanyadaki-kardes-kentinden-depremzedelere-destek","status":"publish","type":"post","link":"https:\/\/akdenizolaygazetesi.com\/?p=24187","title":{"rendered":"Yeni\u015fehir&#8217;in Almanya\u2019daki karde\u015f kentinden depremzedelere destek"},"content":{"rendered":"<p>Mersin Yeni\u015fehir&#8217;in Almanya\u2019daki karde\u015f kenti Neustadt an der Weinstrasse&#8217;de T\u00fcrkiye\u2019de ya\u015fanan y\u0131k\u0131c\u0131 depremlerin ard\u0131ndan afetzedeler i\u00e7in yard\u0131m kermesi d\u00fczenlendi.Neustadt an der Weinstrasse halk\u0131n\u0131n kurdu\u011fu kermesten elde edilen gelir afetzedelere ba\u011f\u0131\u015flanacak. Yeni\u015fehir Belediye Ba\u015fkan\u0131 Abdullah \u00d6zyi\u011fit, karde\u015f kent halk\u0131na duyarl\u0131l\u0131klar\u0131ndan dolay\u0131 te\u015fekk\u00fcr etti.<br \/>\nMersin Yeni\u015fehir Belediyesinin yard\u0131m kampanyalar\u0131na karde\u015f belediye Almanya Neustadt da duyars\u0131z kalmad\u0131. Neustadt an der Weinstrasse halk\u0131 kurduklar\u0131 kermesle dayan\u0131\u015fma \u00f6rne\u011fi sergiledi. Kermesten elde edilecek t\u00fcm gelir depremden etkilenen afetzedelere ba\u011f\u0131\u015flanacak. Haz\u0131rlad\u0131klar\u0131 \u00fcr\u00fcnleri satan Almanya Neustadt an der Weinstrasse halk\u0131 \u201c Depremzedeler i\u00e7in Yard\u0131m Kampanyas\u0131\u201d yaz\u0131l\u0131 d\u00f6vizleri de kermeste T\u00fcrk bayra\u011f\u0131 ile birlikte sergiledi. Ge\u00e7ti\u011fimiz g\u00fcnlerde Almanya\u2019da faaliyet g\u00f6steren \u201cHumanitas\u201d organizasyonu da yard\u0131m malzemesi ta\u015f\u0131yan 5 arac\u0131n\u0131 Yeni\u015fehir\u2019e g\u00f6ndermi\u015fti. Mersin Yeni\u015fehir Belediye Ba\u015fkan\u0131 Abdullah \u00d6zyi\u011fit karde\u015f kent halk\u0131na te\u015fekk\u00fcr ederek \u201c\u0130\u015fte karde\u015flik budur. G\u00f6n\u00fcller birken, dayan\u0131\u015fman\u0131n \u00f6n\u00fcnde engel olmaz. En zor zamanlarda unutmamak, destek olmak \u00e7ok k\u0131ymetli. Bizleri duyguland\u0131rd\u0131lar. Kendilerine yurtta\u015flar\u0131m ad\u0131na te\u015fekk\u00fcr ediyorum.\u201ddedi. <\/p>\n","protected":false},"excerpt":{"rendered":"<p>Mersin Yeni\u015fehir&#8217;in Almanya\u2019daki karde\u015f kenti Neustadt an der Weinstrasse&#8217;de T\u00fcrkiye\u2019de ya\u015fanan y\u0131k\u0131c\u0131 depremlerin ard\u0131ndan afetzedeler i\u00e7in yard\u0131m kermesi d\u00fczenlendi.Neustadt an der Weinstrasse halk\u0131n\u0131n kurdu\u011fu kermesten elde edilen gelir afetzedelere ba\u011f\u0131\u015flanacak. &hellip; <a href=\"https:\/\/akdenizolaygazetesi.com\/?p=24187\" class=\"more-link\">Devam\u0131n\u0131 Oku&#8230;<\/a><\/p>\n","protected":false},"author":2,"featured_media":24188,"comment_status":"open","ping_status":"open","sticky":false,"template":"","format":"standard","meta":[],"categories":[1,2,3],"tags":[],"_links":{"self":[{"href":"https:\/\/akdenizolaygazetesi.com\/index.php?rest_route=\/wp\/v2\/posts\/24187"}],"collection":[{"href":"https:\/\/akdenizolaygazetesi.com\/index.php?rest_route=\/wp\/v2\/posts"}],"about":[{"href":"https:\/\/akdenizolaygazetesi.com\/index.php?rest_route=\/wp\/v2\/types\/post"}],"author":[{"embeddable":true,"href":"https:\/\/akdenizolaygazetesi.com\/index.php?rest_route=\/wp\/v2\/users\/2"}],"replies":[{"embeddable":true,"href":"https:\/\/akdenizolaygazetesi.com\/index.php?rest_route=%2Fwp%2Fv2%2Fcomments&post=24187"}],"version-history":[{"count":1,"href":"https:\/\/akdenizolaygazetesi.com\/index.php?rest_route=\/wp\/v2\/posts\/24187\/revisions"}],"predecessor-version":[{"id":24189,"href":"https:\/\/akdenizolaygazetesi.com\/index.php?rest_route=\/wp\/v2\/posts\/24187\/revisions\/24189"}],"wp:featuredmedia":[{"embeddable":true,"href":"https:\/\/akdenizolaygazetesi.com\/index.php?rest_route=\/wp\/v2\/media\/24188"}],"wp:attachment":[{"href":"https:\/\/akdenizolaygazetesi.com\/index.php?rest_route=%2Fwp%2Fv2%2Fmedia&parent=24187"}],"wp:term":[{"taxonomy":"category","embeddable":true,"href":"https:\/\/akdenizolaygazetesi.com\/index.php?rest_route=%2Fwp%2Fv2%2Fcategories&post=24187"},{"taxonomy":"post_tag","embeddable":true,"href":"https:\/\/akdenizolaygazetesi.com\/index.php?rest_route=%2Fwp%2Fv2%2Ftags&post=24187"}],"curies":[{"name":"wp","href":"https:\/\/api.w.org\/{rel}","templated":true}]}}