{"id":24190,"date":"2023-02-15T12:23:42","date_gmt":"2023-02-15T09:23:42","guid":{"rendered":"http:\/\/akdenizolaygazetesi.com\/?p=24190"},"modified":"2023-02-15T12:23:42","modified_gmt":"2023-02-15T09:23:42","slug":"yenisehir-belediyesi-dezenfeksiyon-ekipleri-afet-bolgesinde","status":"publish","type":"post","link":"https:\/\/akdenizolaygazetesi.com\/?p=24190","title":{"rendered":"Yeni\u015fehir Belediyesi dezenfeksiyon ekipleri afet b\u00f6lgesinde"},"content":{"rendered":"<p>Mersin Yeni\u015fehir Belediyesi T\u00fcrkiye\u2019nin 10 ilinde y\u0131k\u0131mlara neden olan iki b\u00fcy\u00fck depremin ard\u0131ndan yaralar\u0131 sarmak i\u00e7in \u00e7al\u0131\u015fmalar\u0131n\u0131 s\u00fcrd\u00fcr\u00fcyor. 20 personel ve 3 ara\u00e7la Samanda\u011f\u2019da temizlik \u00e7al\u0131\u015fmalar\u0131na destek veren Yeni\u015fehir Belediyesi, G\u00f6lba\u015f\u0131\u2019nda da dezenfeksiyon i\u015flemlerine ba\u015flad\u0131.<br \/>\nKahramanmara\u015f\u2019ta meydana gelen depremlerin ard\u0131ndan T\u00fcrkiye tek y\u00fcrek olup depremzedelerin yard\u0131m\u0131na ko\u015fmaya devam ediyor. Mersin Yeni\u015fehir Belediyesi de t\u00fcm imkanlar\u0131yla hem afet b\u00f6lgesinde hem de Mersin\u2019e gelen depremzedelerin konaklad\u0131\u011f\u0131 yerlerde \u00e7al\u0131\u015fmalar\u0131n\u0131 s\u00fcrd\u00fcr\u00fcyor. Yeni\u015fehir Belediyesi  dezenfeksiyon ekipleri afet b\u00f6lgesinde bulunan konteynerler ba\u015fta olmak \u00fczere sokaklar\u0131, \u00e7\u00f6p kutular\u0131n\u0131 ve t\u00fcm ortak kullan\u0131m alanlar\u0131n\u0131 dezenfekte ederek olas\u0131 hastal\u0131klara kar\u015f\u0131 \u00f6nlem al\u0131yor.<br \/>\nMersin Yeni\u015fehir Belediye Ba\u015fkan\u0131 Abdullah \u00d6zyi\u011fit konuyla ilgili yapt\u0131\u011f\u0131 a\u00e7\u0131klamas\u0131nda \u201cDeprem b\u00f6lgelerinde en b\u00fcy\u00fck sorunlardan biri salg\u0131n hastal\u0131k. Bunun i\u00e7in \u00f6nlem almal\u0131 ve dezenfekte \u00e7al\u0131\u015fmalar\u0131n\u0131n yap\u0131lmas\u0131 gerekiyor. Dezenfeksiyon ekiplerimiz Ad\u0131yaman G\u00f6lba\u015f\u0131\u2019nda  \u00e7al\u0131\u015fmalar\u0131na ba\u015flad\u0131. Her ko\u015fulda depremzedelerimizin yan\u0131nday\u0131z.\u201d ifadelerine yer verdi.<\/p>\n","protected":false},"excerpt":{"rendered":"<p>Mersin Yeni\u015fehir Belediyesi T\u00fcrkiye\u2019nin 10 ilinde y\u0131k\u0131mlara neden olan iki b\u00fcy\u00fck depremin ard\u0131ndan yaralar\u0131 sarmak i\u00e7in \u00e7al\u0131\u015fmalar\u0131n\u0131 s\u00fcrd\u00fcr\u00fcyor. 20 personel ve 3 ara\u00e7la Samanda\u011f\u2019da temizlik \u00e7al\u0131\u015fmalar\u0131na destek veren Yeni\u015fehir Belediyesi, &hellip; <a href=\"https:\/\/akdenizolaygazetesi.com\/?p=24190\" class=\"more-link\">Devam\u0131n\u0131 Oku&#8230;<\/a><\/p>\n","protected":false},"author":2,"featured_media":24191,"comment_status":"open","ping_status":"open","sticky":false,"template":"","format":"standard","meta":[],"categories":[2,3],"tags":[],"_links":{"self":[{"href":"https:\/\/akdenizolaygazetesi.com\/index.php?rest_route=\/wp\/v2\/posts\/24190"}],"collection":[{"href":"https:\/\/akdenizolaygazetesi.com\/index.php?rest_route=\/wp\/v2\/posts"}],"about":[{"href":"https:\/\/akdenizolaygazetesi.com\/index.php?rest_route=\/wp\/v2\/types\/post"}],"author":[{"embeddable":true,"href":"https:\/\/akdenizolaygazetesi.com\/index.php?rest_route=\/wp\/v2\/users\/2"}],"replies":[{"embeddable":true,"href":"https:\/\/akdenizolaygazetesi.com\/index.php?rest_route=%2Fwp%2Fv2%2Fcomments&post=24190"}],"version-history":[{"count":1,"href":"https:\/\/akdenizolaygazetesi.com\/index.php?rest_route=\/wp\/v2\/posts\/24190\/revisions"}],"predecessor-version":[{"id":24192,"href":"https:\/\/akdenizolaygazetesi.com\/index.php?rest_route=\/wp\/v2\/posts\/24190\/revisions\/24192"}],"wp:featuredmedia":[{"embeddable":true,"href":"https:\/\/akdenizolaygazetesi.com\/index.php?rest_route=\/wp\/v2\/media\/24191"}],"wp:attachment":[{"href":"https:\/\/akdenizolaygazetesi.com\/index.php?rest_route=%2Fwp%2Fv2%2Fmedia&parent=24190"}],"wp:term":[{"taxonomy":"category","embeddable":true,"href":"https:\/\/akdenizolaygazetesi.com\/index.php?rest_route=%2Fwp%2Fv2%2Fcategories&post=24190"},{"taxonomy":"post_tag","embeddable":true,"href":"https:\/\/akdenizolaygazetesi.com\/index.php?rest_route=%2Fwp%2Fv2%2Ftags&post=24190"}],"curies":[{"name":"wp","href":"https:\/\/api.w.org\/{rel}","templated":true}]}}