{"id":24214,"date":"2023-02-16T16:19:39","date_gmt":"2023-02-16T13:19:39","guid":{"rendered":"http:\/\/akdenizolaygazetesi.com\/?p=24214"},"modified":"2023-02-16T16:19:39","modified_gmt":"2023-02-16T13:19:39","slug":"goc-sorununu-getirip-2-3-ilin-uzerine-yigmayin","status":"publish","type":"post","link":"https:\/\/akdenizolaygazetesi.com\/?p=24214","title":{"rendered":"&#8220;G\u00d6\u00c7 SORUNUNU GET\u0130R\u0130P 2-3 \u0130L\u0130N \u00dcZER\u0130NE YI\u011eMAYIN&#8221;"},"content":{"rendered":"<p>Mersin B\u00fcy\u00fck\u015fehir Belediye Ba\u015fkan\u0131 Vahap Se\u00e7er, Tele 1 ekranlar\u0131nda &#8216;\u015eimdiki Zaman&#8217; program\u0131n\u0131n konu\u011fu oldu. Programda, deprem sonras\u0131 Mersin&#8217;de ya\u015fananlar\u0131 aktaran Ba\u015fkan Se\u00e7er, ya\u015fanan felaket sonras\u0131 \u00f6zellikle Mersin&#8217;in yo\u011fun bir g\u00f6\u00e7 ile kar\u015f\u0131 kar\u015f\u0131ya kald\u0131\u011f\u0131n\u0131 belirterek, &#8220;D\u00fcn itibariyle minimum 250 bin yurtta\u015f Mersin&#8217;e giri\u015f yapt\u0131. S\u0131\u011f\u0131nmac\u0131 da var, T\u00fcrkiye Cumhuriyeti kimli\u011fi ta\u015f\u0131yan hem\u015ferilerimiz de var ama toplam minimum 250 bin vatanda\u015f\u0131n Mersin&#8217;e girdi\u011fini tahmin ediyorum&#8221; dedi.<br \/>\n&#8220;En az 400 bin ki\u015fi yerle\u015fmek \u00fczere Mersin&#8217;e gelecek&#8221;<br \/>\nBa\u015fkan Se\u00e7er, depremzede vatanda\u015flar\u0131n yan\u0131 s\u0131ra yo\u011fun bir s\u0131\u011f\u0131nmac\u0131 g\u00f6\u00e7\u00fc ile de kar\u015f\u0131 kar\u015f\u0131ya kald\u0131klar\u0131n\u0131 ve bu durumun Mersin&#8217;in gelece\u011fi a\u00e7\u0131s\u0131ndan sorunlar ortaya koyabilece\u011fini ifade etti. Mersin&#8217;de kay\u0131tl\u0131 ve kay\u0131tl\u0131 olmayan 400 bin s\u0131\u011f\u0131nmac\u0131n\u0131n ya\u015fad\u0131\u011f\u0131n\u0131 s\u00f6yleyen Ba\u015fkan Se\u00e7er,  &#8220;Mersin&#8217;in yerli n\u00fcfusu 1 milyon 900 bin. S\u0131\u011f\u0131nmac\u0131 n\u00fcfusuyla 2,3 milyon. Ben eminim ki depremden dolay\u0131 bizim vatanda\u015flar\u0131m\u0131z, yakla\u015f\u0131k 400 bin ki\u015fi Mersin&#8217;e yerle\u015fmek \u00fczere deprem b\u00f6lgesinden gelecekler, bizim hem\u015ferimiz olacaklar, burada ya\u015fayacaklar. Onlar\u0131 da \u00fczerine koyarsan\u0131z 2.7 milyona \u00e7\u0131kacak Mersin&#8217;in n\u00fcfusu. Ben \u015fu anda 1.9 milyon insana g\u00f6re merkezi y\u00f6netimden, genel b\u00fct\u00e7e gelirleri pay\u0131ndan, \u0130ller Bankas\u0131 pay\u0131ndan bir de \u00f6z gelirlerimden sa\u011flad\u0131\u011f\u0131m kaynaklarla 2.3 milyon insana hizmet g\u00f6t\u00fcr\u00fcyorum. B\u00f6yle bakt\u0131\u011f\u0131n\u0131z zaman ortada bir sorun var, bir y\u00fck var&#8221; dedi.<br \/>\n&#8220;Bu sorunu getirip 2-3 ilin \u00fczerine y\u0131\u011fmay\u0131n&#8221;<br \/>\nBu sorunun \u00f6zellikle Mersin&#8217;in \u00fczerine y\u0131k\u0131ld\u0131\u011f\u0131na dikkat \u00e7eken Ba\u015fkan Se\u00e7er, &#8220;Deprem b\u00f6lgesinde depremden etkilenen kendi vatanda\u015flar\u0131m\u0131z da var s\u0131\u011f\u0131nmac\u0131lar da var. S\u0131\u011f\u0131nmac\u0131lar da insan, bunun insani boyutu var asla bu konuda olumsuz bir de\u011ferlendirme yapamam. Ama siz bu sorunu getirip 2-3 ilin \u00fczerine y\u0131\u011fmay\u0131n. Bu s\u0131\u011f\u0131nmac\u0131lar\u0131 siz Orta Anadolu&#8217;ya da g\u00f6t\u00fcrebilirsiniz ama Orta Anadolu&#8217;daki illerin idarecileri, valilikleri kabul etmiyor bunlar\u0131. Zaten Mersin \u00fczerinde bir y\u00fck var. Bir de bunun \u00fcst\u00fcne neden, hangi hakla hizmet ederek getiriyorsunuz? Ben bu kentte her iki ki\u015fiden birinin oyunu alm\u0131\u015f bir Belediye Ba\u015fkan\u0131y\u0131m. Siz bu n\u00fcfus hareketlerini d\u00fczenlerken, Mersin&#8217;in demografisi ile ilgili bir tasarrufta bulunurken, Merkezi Y\u00f6netim olarak o kentin Belediye Ba\u015fkan\u0131yla ilgili bir de\u011ferlendirme yap\u0131p, oturup beraber bir konu\u015fup bu durumu anlatmaz m\u0131s\u0131n\u0131z?&#8221; ifadelerini kulland\u0131.<br \/>\n&#8220;Yerel y\u00f6netimlerde siyasi ayr\u0131m beni rahats\u0131z ediyor&#8221;<br \/>\nSon zamanlarda siyasetin en \u00f6nemli konular\u0131ndan birisinin ya\u015fanan siyasi gerginlikler ve b\u00f6l\u00fcnm\u00fc\u015fl\u00fckler oldu\u011funa da dikkat \u00e7eken Ba\u015fkan Se\u00e7er \u015funlar\u0131 kaydetti: &#8220;Yerel y\u00f6netimlerde &#8216;Senin belediyen, benim belediyem. Cumhur \u0130ttifak\u0131&#8217;n\u0131n Belediyesi ya da CHP&#8217;li Belediyelerin Millet \u0130ttifak\u0131&#8217;n\u0131n belediyeleri&#8217;.  Bu ayr\u0131m bizi gelece\u011fe dair sorunlar\u0131 konu\u015famama gibi bir duruma sokuyor ve bu beni rahats\u0131z ediyor. Bunun g\u00fcnah\u0131n\u0131 5-10 sene sonra bu kent \u00e7eker. Ben belki y\u00f6netici olurum bu y\u00fck\u00fc ben kald\u0131rmak zorunda kal\u0131r\u0131m, bu sorunlarla da ben bo\u011fu\u015fmak zorunda kal\u0131r\u0131m. Ben gitsem dahi devlette devaml\u0131l\u0131k esast\u0131r, benden sonra gelecek y\u00f6netici bu y\u00fck\u00fc \u00e7ekecek. Ben buna i\u015faret etmek istiyorum.&#8221;<br \/>\n&#8220;Mersin Afet B\u00f6lgesi&#8217;ne dahil edilmeli ya da destek kapsam\u0131na al\u0131nmal\u0131&#8221;<br \/>\nG\u00f6rev s\u00fcresi boyunca hi\u00e7bir ayr\u0131m veya \u00f6tekile\u015ftirme yapmad\u0131\u011f\u0131n\u0131n alt\u0131n\u0131 \u00e7izen Ba\u015fkan Se\u00e7er, &#8220;Bu kentte 400 bin s\u0131\u011f\u0131nmac\u0131 var. Benim s\u00f6ylemlerim de en ufak bir ayr\u0131mc\u0131l\u0131k, \u00f6tekile\u015ftirme gibi bir beyanat\u0131m olmam\u0131\u015ft\u0131r. Hizmetlerimde de fiiliyatta da bir uygulama olmam\u0131\u015ft\u0131r. Ben Sosyal Demokrat bir insan\u0131m. Benim d\u00fcnya g\u00f6r\u00fc\u015f\u00fcm belli. Zaten ben insanlar\u0131 kategorize edemem ama ortada bir ger\u00e7e\u011fi de cesurca dile getirmem gerekiyordu. Ben de bunu yapt\u0131m&#8221; dedi.<br \/>\nMersin&#8217;in \u00fczerine d\u00fc\u015fen bu y\u00fck\u00fc kald\u0131rabilmesi i\u00e7in kente bir imtiyaz tan\u0131nmas\u0131 gerekti\u011fine i\u015faret eden Ba\u015fkan Se\u00e7er, &#8220;Mersin bir tahribat, bir y\u0131k\u0131nt\u0131 ya\u015famad\u0131 ama depremin komplikasyonlar\u0131n\u0131n en yo\u011fun ya\u015fand\u0131\u011f\u0131 yer. Buraya alaca\u011f\u0131m\u0131z g\u00f6\u00e7 bize b\u00fcy\u00fck yat\u0131r\u0131mlar, finansman kaynaklar\u0131 gerektirecek. Ya afet b\u00f6lgesine d\u00e2hil edilmeli ya da farkl\u0131 bir stat\u00fc verilebilir. Mersin gibi yo\u011fun g\u00f6\u00e7 alan yerlere farkl\u0131 bir stat\u00fc ad\u0131 alt\u0131nda bir de\u011ferlendirme yap\u0131labilir, bir destek, te\u015fvik kapsam\u0131na al\u0131nmas\u0131 gerekir diye d\u00fc\u015f\u00fcn\u00fcyorum&#8221; diyerek s\u00f6zlerini tamamlad\u0131.<br \/>\n&#8220;N\u00fckleer santralin gelece\u011fi a\u00e7\u0131s\u0131ndan da deprem tehlikesi i\u00e7erdi\u011fini s\u00f6yleyebilirim&#8221;<br \/>\nDepremin ard\u0131ndan endi\u015felere sebebiyet veren Akkuyu N\u00fckleer Santrali konusunda da de\u011finen Ba\u015fkan Se\u00e7er, olas\u0131 bir depremde santralin yaratabilece\u011fi tehlikelerle ilgili konu\u015farak, &#8220;Ben parlamentoda oldu\u011fum, n\u00fckleer santralin bir uluslararas\u0131 anla\u015fmayla kabul edildi\u011fi d\u00f6nemde ret oy veren bir Milletvekiliyim. \u00c7ok ciddi sars\u0131nt\u0131 ge\u00e7irdik. Ben o saatlerde de uyumuyordum, 1,5 dakika s\u00fcren bir deprem d\u00fc\u015f\u00fcn\u00fcn. Yani 15-20 saniye daha bu \u015fiddetle Mersin&#8217;de uzasayd\u0131 s\u00fcre, zaten s\u00fcrenin uzunlu\u011fu demek depremin \u015fiddetinin artmas\u0131 demek. Bu anlamda da burada y\u0131k\u0131nt\u0131lar olabilirdi. N\u00fckleer santralin gelece\u011fi a\u00e7\u0131s\u0131ndan da sismik tehlike yani deprem tehlikesi i\u00e7erdi\u011fini de a\u00e7\u0131k\u00e7as\u0131 s\u00f6yleyebilirim&#8221; ifadelerine yer verdi.<\/p>\n","protected":false},"excerpt":{"rendered":"<p>Mersin B\u00fcy\u00fck\u015fehir Belediye Ba\u015fkan\u0131 Vahap Se\u00e7er, Tele 1 ekranlar\u0131nda &#8216;\u015eimdiki Zaman&#8217; program\u0131n\u0131n konu\u011fu oldu. Programda, deprem sonras\u0131 Mersin&#8217;de ya\u015fananlar\u0131 aktaran Ba\u015fkan Se\u00e7er, ya\u015fanan felaket sonras\u0131 \u00f6zellikle Mersin&#8217;in yo\u011fun bir g\u00f6\u00e7 &hellip; <a href=\"https:\/\/akdenizolaygazetesi.com\/?p=24214\" class=\"more-link\">Devam\u0131n\u0131 Oku&#8230;<\/a><\/p>\n","protected":false},"author":2,"featured_media":24215,"comment_status":"open","ping_status":"open","sticky":false,"template":"","format":"standard","meta":[],"categories":[8,34,2,3,5,6],"tags":[],"_links":{"self":[{"href":"https:\/\/akdenizolaygazetesi.com\/index.php?rest_route=\/wp\/v2\/posts\/24214"}],"collection":[{"href":"https:\/\/akdenizolaygazetesi.com\/index.php?rest_route=\/wp\/v2\/posts"}],"about":[{"href":"https:\/\/akdenizolaygazetesi.com\/index.php?rest_route=\/wp\/v2\/types\/post"}],"author":[{"embeddable":true,"href":"https:\/\/akdenizolaygazetesi.com\/index.php?rest_route=\/wp\/v2\/users\/2"}],"replies":[{"embeddable":true,"href":"https:\/\/akdenizolaygazetesi.com\/index.php?rest_route=%2Fwp%2Fv2%2Fcomments&post=24214"}],"version-history":[{"count":1,"href":"https:\/\/akdenizolaygazetesi.com\/index.php?rest_route=\/wp\/v2\/posts\/24214\/revisions"}],"predecessor-version":[{"id":24216,"href":"https:\/\/akdenizolaygazetesi.com\/index.php?rest_route=\/wp\/v2\/posts\/24214\/revisions\/24216"}],"wp:featuredmedia":[{"embeddable":true,"href":"https:\/\/akdenizolaygazetesi.com\/index.php?rest_route=\/wp\/v2\/media\/24215"}],"wp:attachment":[{"href":"https:\/\/akdenizolaygazetesi.com\/index.php?rest_route=%2Fwp%2Fv2%2Fmedia&parent=24214"}],"wp:term":[{"taxonomy":"category","embeddable":true,"href":"https:\/\/akdenizolaygazetesi.com\/index.php?rest_route=%2Fwp%2Fv2%2Fcategories&post=24214"},{"taxonomy":"post_tag","embeddable":true,"href":"https:\/\/akdenizolaygazetesi.com\/index.php?rest_route=%2Fwp%2Fv2%2Ftags&post=24214"}],"curies":[{"name":"wp","href":"https:\/\/api.w.org\/{rel}","templated":true}]}}