{"id":24217,"date":"2023-02-16T16:20:51","date_gmt":"2023-02-16T13:20:51","guid":{"rendered":"http:\/\/akdenizolaygazetesi.com\/?p=24217"},"modified":"2023-02-16T16:20:51","modified_gmt":"2023-02-16T13:20:51","slug":"toroslar-belediyesi-acil-destek-merkezi-depremzedelerin-yaninda","status":"publish","type":"post","link":"https:\/\/akdenizolaygazetesi.com\/?p=24217","title":{"rendered":"TOROSLAR BELED\u0130YES\u0130 AC\u0130L DESTEK MERKEZ\u0130, DEPREMZEDELER\u0130N YANINDA"},"content":{"rendered":"<p>Mersin&#8217;in merkez il\u00e7esi Toroslar Belediyesinin Acil Destek Merkezi, Kahramanmara\u015f merkezli 10 ili etkileyen depremlerin ard\u0131ndan kente gelen depremzedelerin ihtiya\u00e7lar\u0131n\u0131n giderilmesine y\u00f6nelik \u00e7al\u0131\u015fmalar\u0131n\u0131 aral\u0131ks\u0131z s\u00fcrd\u00fcr\u00fcyor.<\/p>\n<p>Yunus Emre K\u00fclt\u00fcr Merkezi&#8217;nde depremzede vatanda\u015flar i\u00e7in olu\u015fturulan Acil Destek Merkezi&#8217;nde; konaklama, s\u0131cak yemek, giyim, psikolojik destek, sa\u011fl\u0131k, \u00c7ocuk Dan\u0131\u015fma Merkezi, ara\u00e7 koordinasyon ve \u00f6zel gereksinimli birey deste\u011fi hizmeti veriliyor.<\/p>\n<p>Depremin ard\u0131ndan h\u0131zl\u0131 bir \u015fekilde teyakkuza ge\u00e7erek Acil Durum Afet ekiplerini deprem b\u00f6lgesine g\u00f6nderen, d\u00fczenledi\u011fi yard\u0131m kampanyas\u0131 ile temel ihtiya\u00e7lar\u0131n kar\u015f\u0131lanmas\u0131 noktas\u0131nda b\u00fcy\u00fck gayret g\u00f6steren Toroslar Belediyesi, bir yandan da deprem b\u00f6lgesinden Mersin&#8217;e gelen depremzedeleri sosyal tesislere ve evlere yerle\u015ftirilmesinden ihtiya\u00e7lar\u0131n\u0131n giderilmesine kadar yaln\u0131z b\u0131rakm\u0131yor.<\/p>\n<p>Mersin Valili\u011fi&#8217;nden ya da Toroslar Kaymakaml\u0131\u011f\u0131&#8217;ndan ald\u0131klar\u0131 belge ile Toroslar Belediyesi Acil Destek Merkezi&#8217;ne m\u00fcracaat eden depremzedeler, acil ihtiya\u00e7lar\u0131n\u0131 kar\u015f\u0131lama imkan\u0131 buluyor.<\/p>\n<p>&#8220;DEVLET M\u0130LLET EL ELE BU ZORLU S\u00dcREC\u0130 DE A\u015eACA\u011eIZ&#8221;<\/p>\n<p>Toroslar Belediye Ba\u015fkan\u0131 Ats\u0131z Af\u015f\u0131n Y\u0131lmaz, T\u00fcrkiye&#8217;yi derinden sarsan b\u00fcy\u00fck afetin yaralar\u0131n\u0131 bir an \u00f6nce sarmak i\u00e7in devlet millet el ele m\u00fccadele ettiklerini s\u00f6yledi.<\/p>\n<p>Bu zorlu g\u00fcnlerin \u00fcstesinden de hep birlikte geleceklerini kaydeden Ba\u015fkan Y\u0131lmaz; &#8220;Ekiplerimiz, Yunus Emre K\u00fclt\u00fcr Merkezimizde olu\u015fturdu\u011fumuz Acil Destek Merkezi&#8217;nden depremzedelerimizin t\u00fcm ihtiya\u00e7lar\u0131na cevap veriyor. \u0130l\u00e7emizde misafir etti\u011fimiz ve edece\u011fimiz depremzede vatanda\u015flar\u0131m\u0131z i\u00e7in hem\u015fehrilerimizin deste\u011fi de bizim i\u00e7in \u00e7ok k\u0131ymetli. Depremin hemen ard\u0131ndan ba\u015flatt\u0131\u011f\u0131m\u0131z yard\u0131m kampanyam\u0131z\u0131n yan\u0131 s\u0131ra &#8220;1 Oda, 1 Aile&#8221; Kampanyam\u0131za da destek vererek evlerinde deprem ma\u011fduru vatanda\u015flar\u0131m\u0131z\u0131 konuk eden t\u00fcm hem\u015fehrilerimize te\u015fekk\u00fcr ediyorum. Bu seferberli\u011fin yan\u0131nda olan t\u00fcm hay\u0131rsever vatanda\u015flar\u0131m\u0131zdan Allah raz\u0131 olsun. Milletimiz, g\u00fczel kalpli insanlar\u0131yla bu zorlu s\u00fcreci de hep birlikte a\u015facakt\u0131r&#8221; \u015feklinde konu\u015ftu.<\/p>\n","protected":false},"excerpt":{"rendered":"<p>Mersin&#8217;in merkez il\u00e7esi Toroslar Belediyesinin Acil Destek Merkezi, Kahramanmara\u015f merkezli 10 ili etkileyen depremlerin ard\u0131ndan kente gelen depremzedelerin ihtiya\u00e7lar\u0131n\u0131n giderilmesine y\u00f6nelik \u00e7al\u0131\u015fmalar\u0131n\u0131 aral\u0131ks\u0131z s\u00fcrd\u00fcr\u00fcyor. Yunus Emre K\u00fclt\u00fcr Merkezi&#8217;nde depremzede vatanda\u015flar &hellip; <a href=\"https:\/\/akdenizolaygazetesi.com\/?p=24217\" class=\"more-link\">Devam\u0131n\u0131 Oku&#8230;<\/a><\/p>\n","protected":false},"author":2,"featured_media":24218,"comment_status":"open","ping_status":"open","sticky":false,"template":"","format":"standard","meta":[],"categories":[2,3,5,9],"tags":[],"_links":{"self":[{"href":"https:\/\/akdenizolaygazetesi.com\/index.php?rest_route=\/wp\/v2\/posts\/24217"}],"collection":[{"href":"https:\/\/akdenizolaygazetesi.com\/index.php?rest_route=\/wp\/v2\/posts"}],"about":[{"href":"https:\/\/akdenizolaygazetesi.com\/index.php?rest_route=\/wp\/v2\/types\/post"}],"author":[{"embeddable":true,"href":"https:\/\/akdenizolaygazetesi.com\/index.php?rest_route=\/wp\/v2\/users\/2"}],"replies":[{"embeddable":true,"href":"https:\/\/akdenizolaygazetesi.com\/index.php?rest_route=%2Fwp%2Fv2%2Fcomments&post=24217"}],"version-history":[{"count":1,"href":"https:\/\/akdenizolaygazetesi.com\/index.php?rest_route=\/wp\/v2\/posts\/24217\/revisions"}],"predecessor-version":[{"id":24219,"href":"https:\/\/akdenizolaygazetesi.com\/index.php?rest_route=\/wp\/v2\/posts\/24217\/revisions\/24219"}],"wp:featuredmedia":[{"embeddable":true,"href":"https:\/\/akdenizolaygazetesi.com\/index.php?rest_route=\/wp\/v2\/media\/24218"}],"wp:attachment":[{"href":"https:\/\/akdenizolaygazetesi.com\/index.php?rest_route=%2Fwp%2Fv2%2Fmedia&parent=24217"}],"wp:term":[{"taxonomy":"category","embeddable":true,"href":"https:\/\/akdenizolaygazetesi.com\/index.php?rest_route=%2Fwp%2Fv2%2Fcategories&post=24217"},{"taxonomy":"post_tag","embeddable":true,"href":"https:\/\/akdenizolaygazetesi.com\/index.php?rest_route=%2Fwp%2Fv2%2Ftags&post=24217"}],"curies":[{"name":"wp","href":"https:\/\/api.w.org\/{rel}","templated":true}]}}