{"id":24226,"date":"2023-02-17T13:12:55","date_gmt":"2023-02-17T10:12:55","guid":{"rendered":"http:\/\/akdenizolaygazetesi.com\/?p=24226"},"modified":"2023-02-17T13:12:55","modified_gmt":"2023-02-17T10:12:55","slug":"ak-partili-yilmaz-bu-mubarek-gecede-dualarimiz-depremde-yitirdigimiz-canlar-ve-yaralilarimiz-icin","status":"publish","type":"post","link":"https:\/\/akdenizolaygazetesi.com\/?p=24226","title":{"rendered":"AK Parti&#8217;li Y\u0131lmaz: Bu m\u00fcbarek gecede dualar\u0131m\u0131z depremde yitirdi\u011fimiz canlar ve yaral\u0131lar\u0131m\u0131z i\u00e7in"},"content":{"rendered":"<p>TBMM Anayasa Komisyonu Katip \u00dcyesi ve AK Parti Mersin Milletvekili Zeynep G\u00fcl Y\u0131lmaz, Mira\u00e7 Gecesinin hay\u0131rlara vesile olmas\u0131 temennisinde bulunarak, &#8220;Bu m\u00fcbarek gecede dualar\u0131m\u0131z depremde yitirdi\u011fimiz canlar ve yaral\u0131lar\u0131m\u0131z i\u00e7in&#8221; dedi.<br \/>\nMira\u00e7 Gecesi dolay\u0131s\u0131yla bir mesaj yay\u0131mlayan Mersin Milletvekili Zeynep G\u00fcl Y\u0131lmaz, T\u00fcrkiye&#8217;nin y\u00fcre\u011finde derin yaralar a\u00e7an, asr\u0131n en b\u00fcy\u00fck deprem felaketinin ya\u015fand\u0131\u011f\u0131 bug\u00fcnlerde, \u00fclke ve millet olarak kenetlenmeye ihtiya\u00e7 duyuldu\u011funu s\u00f6yledi. Birlik ve beraberli\u011fin, dayan\u0131\u015fma ve yard\u0131mla\u015fman\u0131n ne kadar \u00f6nemli oldu\u011funun Kahramanmara\u015f merkezli depremlerin ard\u0131ndan bir kez daha ortaya \u00e7\u0131kt\u0131\u011f\u0131n\u0131 belirten Y\u0131lmaz, Mira\u00e7 Gecesinin hep birlikte el ele, omuz omuza y\u00fcr\u00fcmeye vesile olmas\u0131n\u0131 temenni etti. Y\u0131lmaz, mesaj\u0131nda \u015fu ifadelere yer verdi:<br \/>\n&#8221;Mira\u00e7, payla\u015fma, dayan\u0131\u015fma, sevgi, sayg\u0131 ve g\u00fczel ahlak gibi de\u011ferlerde y\u00fckseli\u015f i\u00e7in b\u00fcy\u00fck bir f\u0131rsat. Asr\u0131n felaketini ya\u015fad\u0131\u011f\u0131m\u0131z bu g\u00fcnlerde, birlik ve beraberli\u011fin, dayan\u0131\u015fma ve yard\u0131mla\u015fman\u0131n ne kadar \u00f6nemli oldu\u011funu hep birlikte bir kez daha g\u00f6rd\u00fck. G\u00fcn birlik ve beraberlik g\u00fcn\u00fcd\u00fcr. G\u00fcn kenetlenme g\u00fcn\u00fcd\u00fcr. G\u00fcn, yard\u0131mla\u015fma ve dayan\u0131\u015fma g\u00fcn\u00fcd\u00fcr. Kahramanmara\u015f merkezli iki b\u00fcy\u00fck depremin a\u00e7t\u0131\u011f\u0131 yaralar\u0131 sarmak i\u00e7in, devletimiz ve milletimiz el ele vererek, k\u00f6klerimizden gelen birlik olma bilincini bir kez daha en \u00fcst d\u00fczeyde sergiliyor. Mira\u00e7 Gecesi vesilesiyle deprem b\u00f6lgesinde yitirdi\u011fimiz karde\u015flerimize Allah&#8217;tan rahmet, yaral\u0131lar\u0131m\u0131za acil \u015fifalar diliyorum. Bu m\u00fcbarek gecede dualar\u0131m\u0131z deprem felaketinde ahirete irtihal eden vatanda\u015flar\u0131m\u0131z i\u00e7in. Rabbim bu gecenin y\u00fcz\u00fc h\u00fcrmetine \u00fclkemizin ve milletimizin yard\u0131mc\u0131s\u0131 olsun, her t\u00fcrl\u00fc afetten, musibetten  bizleri muhafaza eylesin. Leyle-i Mirac\u0131m\u0131z m\u00fcbarek, dualar\u0131m\u0131z kabul olsun.&#8221;<\/p>\n","protected":false},"excerpt":{"rendered":"<p>TBMM Anayasa Komisyonu Katip \u00dcyesi ve AK Parti Mersin Milletvekili Zeynep G\u00fcl Y\u0131lmaz, Mira\u00e7 Gecesinin hay\u0131rlara vesile olmas\u0131 temennisinde bulunarak, &#8220;Bu m\u00fcbarek gecede dualar\u0131m\u0131z depremde yitirdi\u011fimiz canlar ve yaral\u0131lar\u0131m\u0131z i\u00e7in&#8221; &hellip; <a href=\"https:\/\/akdenizolaygazetesi.com\/?p=24226\" class=\"more-link\">Devam\u0131n\u0131 Oku&#8230;<\/a><\/p>\n","protected":false},"author":2,"featured_media":24227,"comment_status":"open","ping_status":"open","sticky":false,"template":"","format":"standard","meta":[],"categories":[2,3,6],"tags":[],"_links":{"self":[{"href":"https:\/\/akdenizolaygazetesi.com\/index.php?rest_route=\/wp\/v2\/posts\/24226"}],"collection":[{"href":"https:\/\/akdenizolaygazetesi.com\/index.php?rest_route=\/wp\/v2\/posts"}],"about":[{"href":"https:\/\/akdenizolaygazetesi.com\/index.php?rest_route=\/wp\/v2\/types\/post"}],"author":[{"embeddable":true,"href":"https:\/\/akdenizolaygazetesi.com\/index.php?rest_route=\/wp\/v2\/users\/2"}],"replies":[{"embeddable":true,"href":"https:\/\/akdenizolaygazetesi.com\/index.php?rest_route=%2Fwp%2Fv2%2Fcomments&post=24226"}],"version-history":[{"count":1,"href":"https:\/\/akdenizolaygazetesi.com\/index.php?rest_route=\/wp\/v2\/posts\/24226\/revisions"}],"predecessor-version":[{"id":24228,"href":"https:\/\/akdenizolaygazetesi.com\/index.php?rest_route=\/wp\/v2\/posts\/24226\/revisions\/24228"}],"wp:featuredmedia":[{"embeddable":true,"href":"https:\/\/akdenizolaygazetesi.com\/index.php?rest_route=\/wp\/v2\/media\/24227"}],"wp:attachment":[{"href":"https:\/\/akdenizolaygazetesi.com\/index.php?rest_route=%2Fwp%2Fv2%2Fmedia&parent=24226"}],"wp:term":[{"taxonomy":"category","embeddable":true,"href":"https:\/\/akdenizolaygazetesi.com\/index.php?rest_route=%2Fwp%2Fv2%2Fcategories&post=24226"},{"taxonomy":"post_tag","embeddable":true,"href":"https:\/\/akdenizolaygazetesi.com\/index.php?rest_route=%2Fwp%2Fv2%2Ftags&post=24226"}],"curies":[{"name":"wp","href":"https:\/\/api.w.org\/{rel}","templated":true}]}}