{"id":24232,"date":"2023-02-17T13:15:54","date_gmt":"2023-02-17T10:15:54","guid":{"rendered":"http:\/\/akdenizolaygazetesi.com\/?p=24232"},"modified":"2023-02-17T13:15:54","modified_gmt":"2023-02-17T10:15:54","slug":"akdeniz-belediyesinden-depremzede-cocuklara-psikolojik-destek","status":"publish","type":"post","link":"https:\/\/akdenizolaygazetesi.com\/?p=24232","title":{"rendered":"AKDEN\u0130Z BELED\u0130YES\u0130\u2019NDEN DEPREMZEDE \u00c7OCUKLARA PS\u0130KOLOJ\u0130K DESTEK"},"content":{"rendered":"<p>Akdeniz Belediyesi, deprem ma\u011fduru k\u00fc\u00e7\u00fck \u00e7ocuklara yuva s\u0131cakl\u0131\u011f\u0131 sa\u011flay\u0131p, ya\u015fad\u0131klar\u0131 travmay\u0131 k\u0131sa s\u00fcrede ve daha kolay atlatabilmeleri i\u00e7in uzman psikologlar g\u00f6zetiminde \u00e7al\u0131\u015fmalar\u0131n\u0131 s\u00fcrd\u00fcr\u00fcyor.<br \/>\nAkdeniz Belediyesi K\u00fclt\u00fcr ve Sosyal \u0130\u015fler M\u00fcd\u00fcrl\u00fc\u011f\u00fc\u2019ne ait mahalle k\u00fclt\u00fcr ve sanat evlerine yerle\u015fen y\u00fczlerce ailenin g\u00fcndelik ihtiya\u00e7lar\u0131 kar\u015f\u0131lan\u0131rken; deprem felaketinden en \u00e7ok etkilenen \u00e7ocuklara y\u00f6nelik psikolojik destekler de ger\u00e7ekle\u015fiyor.<br \/>\nMersin\u2019e g\u00f6\u00e7 eden depremzede vatanda\u015flar\u0131n kald\u0131\u011f\u0131 mahalle k\u00fclt\u00fcr ve sanat evlerini ziyaret eden uzmanlar, afet ma\u011fduru ailelerle konu\u015fup yaralar\u0131na bir nebze merhem olmaya \u00e7al\u0131\u015f\u0131yor. Belediyeye ba\u011fl\u0131 uzman psikologlar e\u015fli\u011finde, depremzede \u00e7ocuklar yarar\u0131na da \u00e7e\u015fitli etkinlikler d\u00fczenleniyor, maruz kald\u0131klar\u0131 k\u00f6t\u00fc anlar\u0131 unutmalar\u0131 i\u00e7in oyunlar, animasyon film g\u00f6sterimleri, resim \u00e7izme ve y\u00fcz boyama etkinlikleri d\u00fczenleniyor.<br \/>\n\u00c7ocuklara s\u00fcrpriz do\u011fum g\u00fcn\u00fc etkinli\u011fi<br \/>\nDo\u011fum g\u00fcn\u00fc olan depremzede \u00e7ocuklar i\u00e7in de pastalar haz\u0131rlan\u0131p s\u00fcrpriz do\u011fum g\u00fcn\u00fc partileri d\u00fczenleniyor, b\u00f6ylelikle k\u00fc\u00e7\u00fck \u00e7ocuklar\u0131n ya\u015fad\u0131klar\u0131 psikolojik travmay\u0131 daha kolay ve h\u0131zl\u0131 \u00fczerlerinden atmalar\u0131 ama\u00e7lan\u0131yor. Uzman psikologlar, belediyeye ba\u011fl\u0131 t\u00fcm mahalle evlerinde kalan depremzede \u00e7ocuklara ula\u015f\u0131p rehabilitasyon ve psikolojik dan\u0131\u015fmanl\u0131k hizmetini vermeye devam edecek.<br \/>\nDi\u011fer yandan; Akdeniz Belediyesi\u2019ne ba\u011fl\u0131 Kad\u0131n ve Aile Hizmetleri M\u00fcd\u00fcrl\u00fc\u011f\u00fc ekipleri de deprem ma\u011fduru y\u00fczlerce ailenin a\u011f\u0131rland\u0131\u011f\u0131 mahalle k\u00fclt\u00fcr ve sanat evleri ile sosyal tesislerde, dileyen afetzede vatanda\u015flar\u0131n sa\u00e7 ve sakal kesimini yap\u0131yor, kuaf\u00f6rl\u00fck ve ki\u015fisel bak\u0131m hizmeti veriyor. <\/p>\n","protected":false},"excerpt":{"rendered":"<p>Akdeniz Belediyesi, deprem ma\u011fduru k\u00fc\u00e7\u00fck \u00e7ocuklara yuva s\u0131cakl\u0131\u011f\u0131 sa\u011flay\u0131p, ya\u015fad\u0131klar\u0131 travmay\u0131 k\u0131sa s\u00fcrede ve daha kolay atlatabilmeleri i\u00e7in uzman psikologlar g\u00f6zetiminde \u00e7al\u0131\u015fmalar\u0131n\u0131 s\u00fcrd\u00fcr\u00fcyor. Akdeniz Belediyesi K\u00fclt\u00fcr ve Sosyal \u0130\u015fler M\u00fcd\u00fcrl\u00fc\u011f\u00fc\u2019ne &hellip; <a href=\"https:\/\/akdenizolaygazetesi.com\/?p=24232\" class=\"more-link\">Devam\u0131n\u0131 Oku&#8230;<\/a><\/p>\n","protected":false},"author":2,"featured_media":24233,"comment_status":"open","ping_status":"open","sticky":false,"template":"","format":"standard","meta":[],"categories":[2,3,9],"tags":[],"_links":{"self":[{"href":"https:\/\/akdenizolaygazetesi.com\/index.php?rest_route=\/wp\/v2\/posts\/24232"}],"collection":[{"href":"https:\/\/akdenizolaygazetesi.com\/index.php?rest_route=\/wp\/v2\/posts"}],"about":[{"href":"https:\/\/akdenizolaygazetesi.com\/index.php?rest_route=\/wp\/v2\/types\/post"}],"author":[{"embeddable":true,"href":"https:\/\/akdenizolaygazetesi.com\/index.php?rest_route=\/wp\/v2\/users\/2"}],"replies":[{"embeddable":true,"href":"https:\/\/akdenizolaygazetesi.com\/index.php?rest_route=%2Fwp%2Fv2%2Fcomments&post=24232"}],"version-history":[{"count":1,"href":"https:\/\/akdenizolaygazetesi.com\/index.php?rest_route=\/wp\/v2\/posts\/24232\/revisions"}],"predecessor-version":[{"id":24234,"href":"https:\/\/akdenizolaygazetesi.com\/index.php?rest_route=\/wp\/v2\/posts\/24232\/revisions\/24234"}],"wp:featuredmedia":[{"embeddable":true,"href":"https:\/\/akdenizolaygazetesi.com\/index.php?rest_route=\/wp\/v2\/media\/24233"}],"wp:attachment":[{"href":"https:\/\/akdenizolaygazetesi.com\/index.php?rest_route=%2Fwp%2Fv2%2Fmedia&parent=24232"}],"wp:term":[{"taxonomy":"category","embeddable":true,"href":"https:\/\/akdenizolaygazetesi.com\/index.php?rest_route=%2Fwp%2Fv2%2Fcategories&post=24232"},{"taxonomy":"post_tag","embeddable":true,"href":"https:\/\/akdenizolaygazetesi.com\/index.php?rest_route=%2Fwp%2Fv2%2Ftags&post=24232"}],"curies":[{"name":"wp","href":"https:\/\/api.w.org\/{rel}","templated":true}]}}