{"id":24235,"date":"2023-02-17T16:26:56","date_gmt":"2023-02-17T13:26:56","guid":{"rendered":"http:\/\/akdenizolaygazetesi.com\/?p=24235"},"modified":"2023-02-17T16:26:58","modified_gmt":"2023-02-17T13:26:58","slug":"baskan-yilmazdan-mirac-kandili-mesaji","status":"publish","type":"post","link":"https:\/\/akdenizolaygazetesi.com\/?p=24235","title":{"rendered":"&#8220;BA\u015eKAN YILMAZ&#8217;DAN M\u0130RA\u00c7 KAND\u0130L\u0130 MESAJI&#8221;"},"content":{"rendered":"<p>Toroslar Belediyesi, bu gece idrak edece\u011fimiz m\u00fcbarek Mira\u00e7 Kandili&#8217;nde deprem felaketinde hayat\u0131n\u0131 kaybeden vatanda\u015flar i\u00e7in t\u00fcm camilerde Mevlid-i \u015eerif okutacak.<\/p>\n<p>Toroslar \u0130l\u00e7e M\u00fcft\u00fcl\u00fc\u011f\u00fc ile birlikte ger\u00e7ekle\u015ftirilecek Kandil program\u0131, saat 19.00&#8217;da d\u00fczenlenecek. Kent protokol\u00fc de Akbelen Mahallesi&#8217;nde bulunan Hz. Hamza Camii&#8217;ndeki programa kat\u0131lacak.<\/p>\n<p>Kahramanmara\u015f merkezli \u00e7evre illeri etkileyen ve T\u00fcrkiye&#8217;yi yasa bo\u011fan depremde vefat edenler dualar ile an\u0131lacak. Kandil program\u0131nda vatanda\u015flara Toroslar Belediyesince helva, lokma ve kandil simidi de ikram edilecek.<\/p>\n<p>&#8220;Rabbim, \u00dclkemizi T\u00fcm Felaket ve Afetlerden Korusun&#8221;<\/p>\n<p>Toroslar Belediye Ba\u015fkan\u0131 Ats\u0131z Af\u015f\u0131n Y\u0131lmaz, Mira\u00e7 Kandili dolay\u0131s\u0131yla bir mesaj yay\u0131nlayarak, t\u00fcm hem\u015fehrilerinin ve \u0130slam Alemi&#8217;nin kandilini kutlad\u0131.<\/p>\n<p>Mira\u00e7 gecesinin milletimize, \u0130slam alemine ve t\u00fcm insanl\u0131\u011fa hay\u0131rlar getirmesini dileyen Ba\u015fkan Y\u0131lmaz, birlik ve beraberli\u011fin \u00f6zellikle bu zorlu s\u00fcre\u00e7te \u00e7ok \u00f6nemli oldu\u011funu belirterek; &#8220;Alemlere rahmet olarak g\u00f6nderilen Peygamber Efendimiz Hz. Muhammed&#8217;in (SAV) Allah&#8217;\u0131n huzuruna y\u00fckseldi\u011fi gece olarak kabul edilen m\u00fcbarek Mira\u00e7 Kandili&#8217;nde, \u00fclkemizin bekas\u0131, afetlerin son bulmas\u0131, milletimizin sa\u011fl\u0131k ve huzuru i\u00e7in dua edelim&#8221; dedi.<\/p>\n<p>Ba\u015fkan Y\u0131lmaz; &#8220;\u00dclke olarak y\u00fczy\u0131l\u0131n en b\u00fcy\u00fck depremini ya\u015fad\u0131k. \u00dclkemize, milletimize ge\u00e7mi\u015f olsun. Dayan\u0131\u015fma i\u00e7erisinde el ele, g\u00f6n\u00fcl g\u00f6n\u00fcle vererek, yaralar\u0131 hep birlikte saraca\u011f\u0131z in\u015fallah. Mira\u00e7, Peygamber Efendimizin \u015fahs\u0131nda insanl\u0131\u011f\u0131n \u00f6n\u00fcne a\u00e7\u0131lan s\u0131n\u0131rs\u0131z bir y\u00fckseli\u015f ufkudur.  Bizler de feyiz ve bereketin artt\u0131\u011f\u0131 bu geceyi manevi ve g\u00fczel duygular e\u015fli\u011finde de\u011ferlendirmeliyiz.Rabbimizden dile\u011fimiz \u00fclkemizi her t\u00fcrl\u00fc afetten korumas\u0131d\u0131r. Bu duygu ve d\u00fc\u015f\u00fcncelerle depremde hayat\u0131n\u0131 kaybeden vatanda\u015flar\u0131m\u0131za Allah&#8217;tan rahmet, yaral\u0131lar\u0131m\u0131za acil \u015fifalar diliyorum. Bu m\u00fcbarek gecenin milletimiz ve \u0130slam alemi i\u00e7in ba\u015fta sa\u011fl\u0131\u011fa, huzura, birli\u011fe ve bar\u0131\u015fa vesile olmas\u0131n\u0131 temenni ediyorum. T\u00fcm hem\u015fehrilerimin Mira\u00e7 Kandili m\u00fcbarek olsun&#8221; diye konu\u015ftu.<\/p>\n","protected":false},"excerpt":{"rendered":"<p>Toroslar Belediyesi, bu gece idrak edece\u011fimiz m\u00fcbarek Mira\u00e7 Kandili&#8217;nde deprem felaketinde hayat\u0131n\u0131 kaybeden vatanda\u015flar i\u00e7in t\u00fcm camilerde Mevlid-i \u015eerif okutacak. Toroslar \u0130l\u00e7e M\u00fcft\u00fcl\u00fc\u011f\u00fc ile birlikte ger\u00e7ekle\u015ftirilecek Kandil program\u0131, saat 19.00&#8217;da &hellip; <a href=\"https:\/\/akdenizolaygazetesi.com\/?p=24235\" class=\"more-link\">Devam\u0131n\u0131 Oku&#8230;<\/a><\/p>\n","protected":false},"author":2,"featured_media":24236,"comment_status":"open","ping_status":"open","sticky":false,"template":"","format":"standard","meta":[],"categories":[2,3,5],"tags":[],"_links":{"self":[{"href":"https:\/\/akdenizolaygazetesi.com\/index.php?rest_route=\/wp\/v2\/posts\/24235"}],"collection":[{"href":"https:\/\/akdenizolaygazetesi.com\/index.php?rest_route=\/wp\/v2\/posts"}],"about":[{"href":"https:\/\/akdenizolaygazetesi.com\/index.php?rest_route=\/wp\/v2\/types\/post"}],"author":[{"embeddable":true,"href":"https:\/\/akdenizolaygazetesi.com\/index.php?rest_route=\/wp\/v2\/users\/2"}],"replies":[{"embeddable":true,"href":"https:\/\/akdenizolaygazetesi.com\/index.php?rest_route=%2Fwp%2Fv2%2Fcomments&post=24235"}],"version-history":[{"count":1,"href":"https:\/\/akdenizolaygazetesi.com\/index.php?rest_route=\/wp\/v2\/posts\/24235\/revisions"}],"predecessor-version":[{"id":24237,"href":"https:\/\/akdenizolaygazetesi.com\/index.php?rest_route=\/wp\/v2\/posts\/24235\/revisions\/24237"}],"wp:featuredmedia":[{"embeddable":true,"href":"https:\/\/akdenizolaygazetesi.com\/index.php?rest_route=\/wp\/v2\/media\/24236"}],"wp:attachment":[{"href":"https:\/\/akdenizolaygazetesi.com\/index.php?rest_route=%2Fwp%2Fv2%2Fmedia&parent=24235"}],"wp:term":[{"taxonomy":"category","embeddable":true,"href":"https:\/\/akdenizolaygazetesi.com\/index.php?rest_route=%2Fwp%2Fv2%2Fcategories&post=24235"},{"taxonomy":"post_tag","embeddable":true,"href":"https:\/\/akdenizolaygazetesi.com\/index.php?rest_route=%2Fwp%2Fv2%2Ftags&post=24235"}],"curies":[{"name":"wp","href":"https:\/\/api.w.org\/{rel}","templated":true}]}}