{"id":24238,"date":"2023-02-18T18:08:18","date_gmt":"2023-02-18T15:08:18","guid":{"rendered":"http:\/\/akdenizolaygazetesi.com\/?p=24238"},"modified":"2023-02-18T18:08:18","modified_gmt":"2023-02-18T15:08:18","slug":"secer-is-dunyasi-stklariyla-depremin-kente-yansimalarini-konustu","status":"publish","type":"post","link":"https:\/\/akdenizolaygazetesi.com\/?p=24238","title":{"rendered":"SE\u00c7ER \u0130\u015e D\u00dcNYASI STK&#8217;LARIYLA DEPREM\u0130N KENTE YANSIMALARINI KONU\u015eTU"},"content":{"rendered":"<p>Mersin B\u00fcy\u00fck\u015fehir Belediye Ba\u015fkan\u0131 Vahap Se\u00e7er, deprem sonras\u0131nda kentte geli\u015fen komplikasyonlar\u0131 de\u011ferlendirmek ve bundan sonraki s\u00fcrece dair at\u0131lmas\u0131 gereken ad\u0131mlar hakk\u0131nda g\u00f6r\u00fc\u015f al\u0131\u015fveri\u015finde bulunmak \u00fczere i\u015f d\u00fcnyas\u0131 ve STK temsilcileri ile bir araya geldi.<\/p>\n<p>Ger\u00e7ekle\u015ftirilen toplant\u0131n\u0131n a\u00e7\u0131l\u0131\u015f\u0131nda konu\u015fan Ba\u015fkan Se\u00e7er, kat\u0131l\u0131mc\u0131lara, Mersin B\u00fcy\u00fck\u015fehir Belediyesi&#8217;nin deprem sonras\u0131nda b\u00f6lgede ve kentte ger\u00e7ekle\u015ftirdi\u011fi \u00e7al\u0131\u015fmalar hakk\u0131nda bilgi verdi.<\/p>\n<p>&#8220;Yetkililerin Mersin ger\u00e7e\u011finden ya haberleri yok ya g\u00f6rmemezlikten geliyorlar&#8221;<\/p>\n<p>Mersin&#8217;in n\u00fcfusunun deprem sonras\u0131nda yakla\u015f\u0131k olarak 350 bin ki\u015fi artt\u0131\u011f\u0131na dikkat \u00e7eken Ba\u015fkan Se\u00e7er, bu rakama kentteki su t\u00fcketimi oranlar\u0131nda yapt\u0131klar\u0131 \u00f6l\u00e7\u00fcmler ile ula\u015ft\u0131klar\u0131n\u0131 s\u00f6yledi. \u015eehirdeki su kullan\u0131m\u0131yla ilgili tablo hakk\u0131nda detayl\u0131 bilgiler veren Ba\u015fkan Se\u00e7er &#8220;Tespitler reel rakamlar \u00fczerinden. Dolay\u0131s\u0131yla bizim projeksiyonlar\u0131m\u0131zda bunlar \u00f6nemli g\u00f6sterge. Bunu niye detayl\u0131 anlat\u0131yorum? \u00dcz\u00fclerek \u015funu ifade edeyim; devletin bir\u00e7ok kurumunun \u015fu anki Mersin ger\u00e7e\u011finden ya haberi yok ya g\u00f6rmemezlikten geliyor. Bunu \u00e7ok net s\u00f6yl\u00fcyorum. Gidin ba\u015fka bir kurumun y\u00f6neticisine s\u00f6yleyin; &#8216;Mersin&#8217;de n\u00fcfus art\u0131\u015f\u0131 ne?&#8217; &#8216;Karde\u015fim, \u00e7ok abart\u0131yorlar&#8217; derler. 50 bin der, 100 bin der, tablo budur. Bundan daha net bir g\u00f6sterge olamaz. Valilik biliyorsunuz kayd\u0131 da kald\u0131rd\u0131 ama kay\u0131t ald\u0131\u011f\u0131 d\u00f6nemlerde dahi ben biliyorum 150 binin \u00fczerinde kay\u0131t al\u0131nd\u0131. Yani b\u00f6yle bir tablo var. \u015eu anda kay\u0131t al\u0131nm\u0131yor. Bizim \u015fu anda objektif \u00f6l\u00e7\u00fcm yapabilece\u011fimiz tek enstr\u00fcman; su t\u00fcketimi. Onun i\u00e7in bunun dikkate al\u0131nmas\u0131n\u0131 istiyorum&#8221; dedi.<\/p>\n<p>&#8220;O b\u00f6lgedeki vatanda\u015flar\u0131m\u0131z\u0131n talep etmeleri durumunda Mersinimizin kap\u0131s\u0131 a\u00e7\u0131k&#8221;<\/p>\n<p>Son birka\u00e7 g\u00fcnd\u00fcr \u00f6zellikle s\u0131\u011f\u0131nmac\u0131 giri\u015flerinin \u00e7ok alt d\u00fczeye d\u00fc\u015ft\u00fc\u011f\u00fcn\u00fc aktaran Ba\u015fkan Se\u00e7er, kendisine konuya dair gelen bir bilgi olmad\u0131\u011f\u0131n\u0131 belirterek &#8220;Ancak bizim kendi vatanda\u015f\u0131m\u0131zla ilgili s\u0131n\u0131rlamay\u0131 bir tarafa b\u0131rak\u0131n ben \u015funu a\u00e7\u0131k y\u00fcreklilikle ifade edeyim; bu kentin n\u00fcfusunun artmas\u0131 hi\u00e7birimizi korkutmas\u0131n.  Bir felaket ya\u015fam\u0131\u015f n\u00fcfus var. Zaten kent geli\u015fen bir kent. Biz \u00f6ncelikle onlar\u0131 ba\u011fr\u0131m\u0131za basal\u0131m. Onlar\u0131n gidecek ba\u015fka yeri var ama Mersin kadar onlara avantaj sa\u011flayacak yer say\u0131s\u0131 T\u00fcrkiye&#8217;de \u00e7ok az. Akrabas\u0131 var, mesafe yak\u0131n, iklim ko\u015fullar\u0131 uygun. Mersin&#8217;in potansiyeli iyi kullan\u0131labilirse, altyap\u0131s\u0131 haz\u0131rlan\u0131rsa uygun. O insanlar\u0131n buraya gelmesinden, buray\u0131 d\u00fc\u015f\u00fcnmesinden do\u011fal bir \u015fey olamaz. Bizim de onlar\u0131 karde\u015f\u00e7e kucaklamam\u0131zdan, ba\u011fr\u0131m\u0131za basmam\u0131zdan, hukuki, idare olarak g\u00f6revimizi b\u0131rak\u0131n, daha insani bir durum d\u00fc\u015f\u00fcnemiyorum. O nedenle o b\u00f6lgedeki vatanda\u015flar\u0131m\u0131z\u0131n talep etmeleri durumunda her zaman Mersinimizin kap\u0131s\u0131n\u0131n a\u00e7\u0131k oldu\u011funu buradan duyurmam\u0131z laz\u0131m&#8221; diye konu\u015ftu. Se\u00e7er, deprem sonras\u0131nda Mersin&#8217;e gelen yakla\u015f\u0131k 350 bin ki\u015fiden ortalama 150-200 bin ki\u015finin kentte kalaca\u011f\u0131n\u0131 s\u00f6yledi.<\/p>\n<p>&#8220;Mersin yat\u0131r\u0131mda \u00f6ncelikli il kapsam\u0131na al\u0131nmal\u0131&#8221;<\/p>\n<p>Mersin&#8217;deki n\u00fcfus art\u0131\u015f\u0131na dikkat \u00e7eken Ba\u015fkan Se\u00e7er, &#8220;\u015eimdi 200 bin kal\u0131c\u0131 n\u00fcfus geldi buraya. Zaten 400 bin s\u0131\u011f\u0131nmac\u0131 vard\u0131. 50 bin daha geldi\u011fini \u00e7ok rahat s\u00f6yleyebilirim. Bu daha fazla da olabilir. 200 bin yeni n\u00fcfus geldi. Bunlar en asgari rakamlar. Bu kentin n\u00fcfusu 2,5 milyon, 2,7 milyon aras\u0131na kadar ula\u015fabilir. Bizim y\u0131llard\u0131r bekledi\u011fimiz yat\u0131r\u0131mlar, havaalan\u0131n\u0131 ayr\u0131 tutuyorum. N\u00fcfus ayr\u0131 da kalsa artsa da zaten bitmek \u00fczere olan bir yat\u0131r\u0131m ama toplu ta\u015f\u0131ma art\u0131k \u00e7ok daha \u00f6nemli hale geliyor&#8221; dedi. Kentin b\u00fcy\u00fcmesiyle birlikte yat\u0131r\u0131mlar\u0131n daha da \u00f6nem kazand\u0131\u011f\u0131na dikkat \u00e7eken Ba\u015fkan Se\u00e7er, Mersin&#8217;in yat\u0131r\u0131mda \u00f6ncelikli il kapsam\u0131na al\u0131nmas\u0131 gerekti\u011fini belirterek, &#8220;Bizim istedi\u011fimiz belli. Altyap\u0131 yapaca\u011f\u0131z, yol yapaca\u011f\u0131z. Ben yapaca\u011f\u0131m, karayollar\u0131 yapacak, \u00f6teki yapacak, DS\u0130 yapacak. Kim yapacaksa yapacak. \u00d6zel bir stat\u00fcyle burada yat\u0131r\u0131mda \u00f6ncelikli il kapsam\u0131na al\u0131nacak. Bu kadar basit. Bana verece\u011fi borcu \u0130ller Bankas\u0131 art\u0131k verecek. Bana at\u0131lacak Metro imzas\u0131 bir an \u00f6nce at\u0131lacak. Bu kadar basit&#8221; dedi.<\/p>\n<p>&#8220;Kentin i\u015fbirli\u011fine ihtiyac\u0131 var&#8221;<\/p>\n<p>Kurumlar\u0131n belediyelerle i\u015fbirli\u011fi i\u00e7inde olmas\u0131 gerekti\u011fini s\u00f6yleyen Ba\u015fkan Se\u00e7er, &#8220;Kentin i\u015fbirli\u011fine ihtiyac\u0131 var. Ba\u015fta kamu kurumlar\u0131. Hepimiz bu \u00fclkeyi sorumlulu\u011fumuz \u00e7er\u00e7evesinde de\u011ferine de\u011fer katmaya, y\u00f6netmeye \u00e7al\u0131\u015f\u0131yoruz. Yerel y\u00f6netimler kamu kurumlar\u0131 i\u00e7erisinde en organize kurumlard\u0131r&#8221; diye konu\u015ftu.<\/p>\n<p>&#8220;www.birizberaberiz.org yay\u0131nda&#8221;<\/p>\n<p>Ger\u00e7ekle\u015ftirilen toplant\u0131n\u0131n amac\u0131n\u0131n B\u00fcy\u00fck\u015fehir ile STK ve i\u015f d\u00fcnyas\u0131n\u0131n i\u015fbirli\u011finin g\u00fc\u00e7lenerek, e\u015f g\u00fcd\u00fcmle devam etmesini sa\u011flamak oldu\u011funa dikkat \u00e7eken Ba\u015fkan Se\u00e7er, &#8220;Hem deprem b\u00f6lgesine katk\u0131m\u0131z\u0131 devam ettirelim hem bu n\u00fcfus y\u00fck\u00fcn\u00fc nas\u0131l \u00e7ok derin bir krize d\u00f6n\u00fc\u015fmeden ta\u015f\u0131yabilece\u011fimizi burada konu\u015fal\u0131m istedim. Yard\u0131mla\u015fma ve dayan\u0131\u015fmay\u0131 artt\u0131racak bir \u00e7al\u0131\u015fma yapt\u0131k. Bir site kurduk. Bug\u00fcn itibariyle devreye ald\u0131k. www.birizberaberiz.org isimli siteye girdi\u011fimiz zaman yard\u0131m yapmak isteyenler, hangi kalemde yard\u0131m yapmak istiyorlarsa, g\u0131da, malzeme yard\u0131m\u0131, nakdi ba\u011f\u0131\u015f ya da bebek bezi, ayakkab\u0131, i\u00e7 \u00e7ama\u015f\u0131r\u0131, g\u0131da kolisi, e\u015fofman vs. bunlar\u0131n tamam\u0131ndan vatanda\u015flar\u0131m\u0131z\u0131n katk\u0131 almas\u0131 i\u00e7in al\u0131m yapabilirler&#8221; dedi. Ba\u015fkan Se\u00e7er, yard\u0131m talebinde bulunmak isteyen vatanda\u015flar i\u00e7in de Alo 185 ve Teksin&#8217;in her zaman vatanda\u015flar\u0131n hizmetinde oldu\u011funu belirtti.<\/p>\n<p>\u0130\u015f d\u00fcnyas\u0131 STK&#8217;lar\u0131n\u0131n metruk binalara da deprem \u00f6l\u00e7\u00fcs\u00fc yap\u0131lmas\u0131 gerekti\u011fini belirtmesi \u00fczerine Ba\u015fkan Se\u00e7er,  B\u00fcy\u00fck\u015fehir olarak bu konuda hassasiyetini dile getirerek sorunlu binalar\u0131n tespitlerini yapt\u0131klar\u0131n\u0131 aktard\u0131. Deprem riski ta\u015f\u0131yan K\u0131rm\u0131z\u0131 Lacivert i\u015f han\u0131n\u0131 bo\u015faltt\u0131klar\u0131na dikkat \u00e7eken Ba\u015fkan Se\u00e7er,  vatanda\u015flar\u0131n da bu konuda hassasiyet g\u00f6stermesi gerekti\u011fini vurgulad\u0131.<\/p>\n","protected":false},"excerpt":{"rendered":"<p>Mersin B\u00fcy\u00fck\u015fehir Belediye Ba\u015fkan\u0131 Vahap Se\u00e7er, deprem sonras\u0131nda kentte geli\u015fen komplikasyonlar\u0131 de\u011ferlendirmek ve bundan sonraki s\u00fcrece dair at\u0131lmas\u0131 gereken ad\u0131mlar hakk\u0131nda g\u00f6r\u00fc\u015f al\u0131\u015fveri\u015finde bulunmak \u00fczere i\u015f d\u00fcnyas\u0131 ve STK temsilcileri &hellip; <a href=\"https:\/\/akdenizolaygazetesi.com\/?p=24238\" class=\"more-link\">Devam\u0131n\u0131 Oku&#8230;<\/a><\/p>\n","protected":false},"author":2,"featured_media":24239,"comment_status":"open","ping_status":"open","sticky":false,"template":"","format":"standard","meta":[],"categories":[8,2,3,5],"tags":[],"_links":{"self":[{"href":"https:\/\/akdenizolaygazetesi.com\/index.php?rest_route=\/wp\/v2\/posts\/24238"}],"collection":[{"href":"https:\/\/akdenizolaygazetesi.com\/index.php?rest_route=\/wp\/v2\/posts"}],"about":[{"href":"https:\/\/akdenizolaygazetesi.com\/index.php?rest_route=\/wp\/v2\/types\/post"}],"author":[{"embeddable":true,"href":"https:\/\/akdenizolaygazetesi.com\/index.php?rest_route=\/wp\/v2\/users\/2"}],"replies":[{"embeddable":true,"href":"https:\/\/akdenizolaygazetesi.com\/index.php?rest_route=%2Fwp%2Fv2%2Fcomments&post=24238"}],"version-history":[{"count":1,"href":"https:\/\/akdenizolaygazetesi.com\/index.php?rest_route=\/wp\/v2\/posts\/24238\/revisions"}],"predecessor-version":[{"id":24240,"href":"https:\/\/akdenizolaygazetesi.com\/index.php?rest_route=\/wp\/v2\/posts\/24238\/revisions\/24240"}],"wp:featuredmedia":[{"embeddable":true,"href":"https:\/\/akdenizolaygazetesi.com\/index.php?rest_route=\/wp\/v2\/media\/24239"}],"wp:attachment":[{"href":"https:\/\/akdenizolaygazetesi.com\/index.php?rest_route=%2Fwp%2Fv2%2Fmedia&parent=24238"}],"wp:term":[{"taxonomy":"category","embeddable":true,"href":"https:\/\/akdenizolaygazetesi.com\/index.php?rest_route=%2Fwp%2Fv2%2Fcategories&post=24238"},{"taxonomy":"post_tag","embeddable":true,"href":"https:\/\/akdenizolaygazetesi.com\/index.php?rest_route=%2Fwp%2Fv2%2Ftags&post=24238"}],"curies":[{"name":"wp","href":"https:\/\/api.w.org\/{rel}","templated":true}]}}