{"id":24241,"date":"2023-02-18T18:09:46","date_gmt":"2023-02-18T15:09:46","guid":{"rendered":"http:\/\/akdenizolaygazetesi.com\/?p=24241"},"modified":"2023-02-18T18:09:46","modified_gmt":"2023-02-18T15:09:46","slug":"buyuksehirin-kandil-simitleri-hem-mersinlilere-hem-depremzedelere-ulasti","status":"publish","type":"post","link":"https:\/\/akdenizolaygazetesi.com\/?p=24241","title":{"rendered":"B\u00dcY\u00dcK\u015eEH\u0130R&#8217;\u0130N KAND\u0130L S\u0130M\u0130TLER\u0130 HEM MERS\u0130NL\u0130LERE HEM DEPREMZEDELERE ULA\u015eTI"},"content":{"rendered":"<p>Mersin B\u00fcy\u00fck\u015fehir Belediyesi, her kandil gecesinde oldu\u011fu gibi, d\u00fcn gece kutlanan Mira\u00e7 Kandili&#8217;nde de yats\u0131 namaz\u0131n\u0131n ard\u0131ndan vatanda\u015flara kandil simidi da\u011f\u0131tt\u0131. Hem cami \u00e7\u0131k\u0131\u015flar\u0131nda vatanda\u015flara hem B\u00fcy\u00fck\u015fehir Belediyesi taraf\u0131ndan kurulan ge\u00e7ici bar\u0131nma alanlar\u0131nda hem de Mersin genelindeki bar\u0131nma alanlar\u0131nda konaklayan depremzedelere kandil simitleri ula\u015ft\u0131r\u0131ld\u0131.<\/p>\n<p>Camilerin \u00f6n\u00fcne stant kuran B\u00fcy\u00fck\u015fehir Belediyesi Sosyal Hizmetler Dairesi ve Muhtarl\u0131k \u0130\u015fleri Dairesi ekipleri, yats\u0131 namaz\u0131n\u0131n ard\u0131ndan kandil simidi ikram\u0131nda bulundu. Tek tek paketlenerek haz\u0131rlanan kandil simitlerini da\u011f\u0131tan ekipler, vatanda\u015flar\u0131n kandilini kutlad\u0131. B\u00fcy\u00fck\u015fehir ekipleri; 4 merkez il\u00e7enin yan\u0131 s\u0131ra Tarsus, \u00c7aml\u0131yayla, Erdemli, Silifke, Anamur, Bozyaz\u0131, G\u00fclnar, Ayd\u0131nc\u0131k ve Mut&#8217;ta olmak \u00fczere t\u00fcm il\u00e7elerde toplam 15 bin kandil simidi da\u011f\u0131tt\u0131.<\/p>\n","protected":false},"excerpt":{"rendered":"<p>Mersin B\u00fcy\u00fck\u015fehir Belediyesi, her kandil gecesinde oldu\u011fu gibi, d\u00fcn gece kutlanan Mira\u00e7 Kandili&#8217;nde de yats\u0131 namaz\u0131n\u0131n ard\u0131ndan vatanda\u015flara kandil simidi da\u011f\u0131tt\u0131. Hem cami \u00e7\u0131k\u0131\u015flar\u0131nda vatanda\u015flara hem B\u00fcy\u00fck\u015fehir Belediyesi taraf\u0131ndan kurulan &hellip; <a href=\"https:\/\/akdenizolaygazetesi.com\/?p=24241\" class=\"more-link\">Devam\u0131n\u0131 Oku&#8230;<\/a><\/p>\n","protected":false},"author":2,"featured_media":24242,"comment_status":"open","ping_status":"open","sticky":false,"template":"","format":"standard","meta":[],"categories":[3],"tags":[],"_links":{"self":[{"href":"https:\/\/akdenizolaygazetesi.com\/index.php?rest_route=\/wp\/v2\/posts\/24241"}],"collection":[{"href":"https:\/\/akdenizolaygazetesi.com\/index.php?rest_route=\/wp\/v2\/posts"}],"about":[{"href":"https:\/\/akdenizolaygazetesi.com\/index.php?rest_route=\/wp\/v2\/types\/post"}],"author":[{"embeddable":true,"href":"https:\/\/akdenizolaygazetesi.com\/index.php?rest_route=\/wp\/v2\/users\/2"}],"replies":[{"embeddable":true,"href":"https:\/\/akdenizolaygazetesi.com\/index.php?rest_route=%2Fwp%2Fv2%2Fcomments&post=24241"}],"version-history":[{"count":1,"href":"https:\/\/akdenizolaygazetesi.com\/index.php?rest_route=\/wp\/v2\/posts\/24241\/revisions"}],"predecessor-version":[{"id":24243,"href":"https:\/\/akdenizolaygazetesi.com\/index.php?rest_route=\/wp\/v2\/posts\/24241\/revisions\/24243"}],"wp:featuredmedia":[{"embeddable":true,"href":"https:\/\/akdenizolaygazetesi.com\/index.php?rest_route=\/wp\/v2\/media\/24242"}],"wp:attachment":[{"href":"https:\/\/akdenizolaygazetesi.com\/index.php?rest_route=%2Fwp%2Fv2%2Fmedia&parent=24241"}],"wp:term":[{"taxonomy":"category","embeddable":true,"href":"https:\/\/akdenizolaygazetesi.com\/index.php?rest_route=%2Fwp%2Fv2%2Fcategories&post=24241"},{"taxonomy":"post_tag","embeddable":true,"href":"https:\/\/akdenizolaygazetesi.com\/index.php?rest_route=%2Fwp%2Fv2%2Ftags&post=24241"}],"curies":[{"name":"wp","href":"https:\/\/api.w.org\/{rel}","templated":true}]}}