{"id":24244,"date":"2023-02-18T18:11:56","date_gmt":"2023-02-18T15:11:56","guid":{"rendered":"http:\/\/akdenizolaygazetesi.com\/?p=24244"},"modified":"2023-02-18T18:11:56","modified_gmt":"2023-02-18T15:11:56","slug":"gultak-ozgurluk-mahalle-evinde-agirlanan-misafirleri-ziyaret-etti","status":"publish","type":"post","link":"https:\/\/akdenizolaygazetesi.com\/?p=24244","title":{"rendered":"G\u00dcLTAK, \u00d6ZG\u00dcRL\u00dcK MAHALLE EV\u0130NDE A\u011eIRLANAN M\u0130SAF\u0130RLER\u0130 Z\u0130YARET ETT\u0130"},"content":{"rendered":"<p>Ba\u015fkan G\u00fcltak, \u00d6zg\u00fcrl\u00fck Mahalle K\u00fclt\u00fcr ve Sanat Evi\u2019nde misafir edilen depremzede aileleri ziyaret etti. Afet ma\u011fduru vatanda\u015flar\u0131n ac\u0131s\u0131n\u0131 payla\u015fan Ba\u015fkan G\u00fcltak, k\u00fc\u00e7\u00fck \u00e7ocuklarla da yak\u0131ndan ilgilendi, onlarla birlikte ebru sanat\u0131 ile eserler yapt\u0131.<br \/>\nAkdeniz Belediyesi, t\u00fcm T\u00fcrkiye\u2019yi yasa bo\u011fan depremler sonras\u0131 yaralar\u0131 sarmaya, Mersin\u2019e g\u00f6\u00e7 eden afetzede vatanda\u015flar\u0131 a\u011f\u0131rlay\u0131p ihtiya\u00e7lar\u0131n\u0131 kar\u015f\u0131lamaya devam ediyor. Akdeniz Belediye Ba\u015fkan\u0131 M. Mustafa G\u00fcltak, depremzede onlarca ailenin bar\u0131nd\u0131\u011f\u0131 \u00d6zg\u00fcrl\u00fck Mahalle K\u00fclt\u00fcr Evi\u2019ni ziyaret etti, burada bar\u0131nan ailelerle bir araya geldi. \u00c7ocuklarla yak\u0131ndan ilgilenen Ba\u015fkan G\u00fcltak, onlarla birlikte ebru sanat\u0131 yapt\u0131, vatanda\u015flarla birlikte Kahramanmara\u015f\u2019tan gelen iki m\u00fczisyenin keman ve kaval ile \u00e7ald\u0131\u011f\u0131 ilahileri dinledi<br \/>\n\u201cNerede depremzede \u00e7ocuklar\u0131m\u0131z varsa oraday\u0131m\u201d<br \/>\nAileleriyle birlikte \u00d6zg\u00fcrl\u00fck Mahalle K\u00fclt\u00fcr Evi\u2019nde a\u011f\u0131rlanan depremzede \u00e7ocuklara ebru sanat\u0131n\u0131 \u00f6\u011freten Karacao\u011flan Halk E\u011fitim Merkezi G\u00f6rsel Sanatlar \u00d6\u011fretmeni Fehmi A\u00e7\u0131k, \u201cAfetten sonra ben de teknemi, f\u0131r\u00e7a ve boyalar\u0131m\u0131 al\u0131p gelen misafirlerimiz ve \u00e7ocuklar\u0131m\u0131zla bir araya geldim. Nerede olurlarsa yanlar\u0131na gidip b\u00f6yle k\u00fc\u00e7\u00fck etkinliklerle dikkatlerini sanata \u00e7ekmeye \u00e7al\u0131\u015f\u0131yorum. Bug\u00fcn de burada \u00e7ocuklar\u0131m\u0131zla birlikte battal ebru \u00e7al\u0131\u015fmas\u0131 yapt\u0131k\u201d diye konu\u015ftu.<br \/>\nBa\u015fkan G\u00fcltak; \u201cYaralar\u0131m\u0131z\u0131 birlikte sar\u0131yoruz\u201d<br \/>\nT\u00fcrkiye\u2019nin 11 kentini etkileyen depremler sonras\u0131 Mersin\u2019e g\u00f6\u00e7 eden afetzede aileleri, belediyenin mahalle k\u00fclt\u00fcr ve sanat evlerinde a\u011f\u0131rlad\u0131klar\u0131n\u0131 ifade eden Ba\u015fkan G\u00fcltak, \u201cKentimize gelen deprem ma\u011fduru vatanda\u015flar\u0131m\u0131z\u0131n evlerimizde konaklamalar\u0131n\u0131 sa\u011fl\u0131yoruz. Yeme i\u00e7me ve di\u011fer ihtiya\u00e7lar\u0131n\u0131 kar\u015f\u0131lamaya devam ediyoruz. Ya\u015fam\u0131n\u0131 yitiren vatanda\u015flar\u0131m\u0131za bir kez daha Allah\u2019tan rahmet, yaral\u0131 insanlar\u0131m\u0131za \u015fifalar diliyorum. T\u00fcm milletimizin ba\u015f\u0131 sa\u011f olsun\u201d dedi.<br \/>\n\u201cDepremin yaratt\u0131\u011f\u0131 travmay\u0131 atlatabilmek \u00f6nemli\u201d<br \/>\nDeprem ma\u011fduru insanlar\u0131n hayata yeniden tutunabilmesi i\u00e7in, ya\u015fad\u0131klar\u0131 o a\u011f\u0131r travmay\u0131 atlatabilmelerinin \u00f6nemli oldu\u011funu dile getiren Ba\u015fkan G\u00fcltak, \u201cO nedenle de mahalle k\u00fclt\u00fcr evlerimizde \u00e7ocuklar\u0131m\u0131z ve gen\u00e7lerimiz i\u00e7in farkl\u0131 faaliyetlerde bulunuyoruz. Bu etkinliklerimizden bir tanesi de ebru sanat\u0131. Mahalle evimizde, e\u011fitmenimizin e\u015fli\u011finde \u00e7ocuklar\u0131m\u0131zla birlikte ebru sanat\u0131n\u0131 yap\u0131yoruz. Amac\u0131m\u0131z, gen\u00e7lerimize ve \u00e7ocuklar\u0131m\u0131za ya\u015fad\u0131klar\u0131 o ac\u0131lar\u0131 bir nebze unutturup, bir an \u00f6nce hayata yeniden tutunmalar\u0131n\u0131 sa\u011flamak\u201d diye konu\u015ftu.<br \/>\n\u201cDepreme sahnede yakaland\u0131k\u201d<br \/>\n\u0130stanbul\u2019da ya\u015fad\u0131\u011f\u0131n\u0131, 31 Ocak\u2019ta sahneye \u00e7\u0131kmak i\u00e7in Kahramanmara\u015f\u2019a gitti\u011fini s\u00f6yleyen M\u00fczisyen Muhammed Kuytu ise, \u201cDepreme sahnede yakaland\u0131k, can\u0131m\u0131z\u0131 zor kurtard\u0131k. Ya\u015fam\u0131n\u0131 yitirenlere rahmet, kalanlara sab\u0131r diliyorum. Tabi \u00e7ok \u00fczg\u00fcn\u00fcz, psikolojimiz bozuldu. Yakla\u015f\u0131k bir haftad\u0131r Mersin\u2019e geldik ve burada konakl\u0131yoruz. Bizlere yard\u0131m eden herkese de \u00e7ok te\u015fekk\u00fcr ediyoruz. Burada insanlar\u0131m\u0131za biraz moral verme ad\u0131na m\u00fczik yap\u0131yor, teselli vermeye \u00e7al\u0131\u015f\u0131yoruz. \u0130n\u015fallah her \u015feyin yeniden g\u00fczel olmas\u0131n\u0131 temenni ediyoruz\u201d s\u00f6zleriyle duygular\u0131n\u0131 dile getirdi.<\/p>\n","protected":false},"excerpt":{"rendered":"<p>Ba\u015fkan G\u00fcltak, \u00d6zg\u00fcrl\u00fck Mahalle K\u00fclt\u00fcr ve Sanat Evi\u2019nde misafir edilen depremzede aileleri ziyaret etti. Afet ma\u011fduru vatanda\u015flar\u0131n ac\u0131s\u0131n\u0131 payla\u015fan Ba\u015fkan G\u00fcltak, k\u00fc\u00e7\u00fck \u00e7ocuklarla da yak\u0131ndan ilgilendi, onlarla birlikte ebru sanat\u0131 &hellip; <a href=\"https:\/\/akdenizolaygazetesi.com\/?p=24244\" class=\"more-link\">Devam\u0131n\u0131 Oku&#8230;<\/a><\/p>\n","protected":false},"author":2,"featured_media":24245,"comment_status":"open","ping_status":"open","sticky":false,"template":"","format":"standard","meta":[],"categories":[34,2,3,5],"tags":[],"_links":{"self":[{"href":"https:\/\/akdenizolaygazetesi.com\/index.php?rest_route=\/wp\/v2\/posts\/24244"}],"collection":[{"href":"https:\/\/akdenizolaygazetesi.com\/index.php?rest_route=\/wp\/v2\/posts"}],"about":[{"href":"https:\/\/akdenizolaygazetesi.com\/index.php?rest_route=\/wp\/v2\/types\/post"}],"author":[{"embeddable":true,"href":"https:\/\/akdenizolaygazetesi.com\/index.php?rest_route=\/wp\/v2\/users\/2"}],"replies":[{"embeddable":true,"href":"https:\/\/akdenizolaygazetesi.com\/index.php?rest_route=%2Fwp%2Fv2%2Fcomments&post=24244"}],"version-history":[{"count":1,"href":"https:\/\/akdenizolaygazetesi.com\/index.php?rest_route=\/wp\/v2\/posts\/24244\/revisions"}],"predecessor-version":[{"id":24246,"href":"https:\/\/akdenizolaygazetesi.com\/index.php?rest_route=\/wp\/v2\/posts\/24244\/revisions\/24246"}],"wp:featuredmedia":[{"embeddable":true,"href":"https:\/\/akdenizolaygazetesi.com\/index.php?rest_route=\/wp\/v2\/media\/24245"}],"wp:attachment":[{"href":"https:\/\/akdenizolaygazetesi.com\/index.php?rest_route=%2Fwp%2Fv2%2Fmedia&parent=24244"}],"wp:term":[{"taxonomy":"category","embeddable":true,"href":"https:\/\/akdenizolaygazetesi.com\/index.php?rest_route=%2Fwp%2Fv2%2Fcategories&post=24244"},{"taxonomy":"post_tag","embeddable":true,"href":"https:\/\/akdenizolaygazetesi.com\/index.php?rest_route=%2Fwp%2Fv2%2Ftags&post=24244"}],"curies":[{"name":"wp","href":"https:\/\/api.w.org\/{rel}","templated":true}]}}