{"id":24248,"date":"2023-02-18T18:13:56","date_gmt":"2023-02-18T15:13:56","guid":{"rendered":"http:\/\/akdenizolaygazetesi.com\/?p=24248"},"modified":"2023-02-18T18:13:56","modified_gmt":"2023-02-18T15:13:56","slug":"toroslar-belediyesi-ilcedeki-tum-camilerde-depremde-hayatini-kaybeden-vatandaslar-icin-mevlid-okuttu","status":"publish","type":"post","link":"https:\/\/akdenizolaygazetesi.com\/?p=24248","title":{"rendered":"TOROSLAR BELED\u0130YES\u0130, \u0130L\u00c7EDEK\u0130 T\u00dcM CAM\u0130LERDE DEPREMDE HAYATINI KAYBEDEN VATANDA\u015eLAR \u0130\u00c7\u0130N MEVL\u0130D OKUTTU"},"content":{"rendered":"<p>Toroslar Belediyesi, Mira\u00e7 Kandili&#8217;nde asr\u0131n felaketi olarak nitelendirilen Kahramanmara\u015f merkezli depremlerde hayat\u0131n\u0131 kaybeden vatanda\u015flar i\u00e7in il\u00e7edeki t\u00fcm camilerde Mevlid-i \u015eerif okuttu. <\/p>\n<p>Kandil gecesinde vatanda\u015flara Toroslar Belediyesince haz\u0131rlanan lokma ve helva da\u011f\u0131t\u0131ld\u0131.<\/p>\n<p>Toroslar \u0130l\u00e7e M\u00fcft\u00fcl\u00fc\u011f\u00fc ile birlikte ger\u00e7ekle\u015ftirilen kandil program\u0131nda, depremde hayat\u0131n\u0131 kaybeden vatanda\u015flar ve afetzedeler i\u00e7in dua edildi. Din g\u00f6revlilerince mirac\u0131n \u00f6neminin vurguland\u0131\u011f\u0131 ve ilahilerin okundu\u011fu kandil program\u0131n\u0131n ard\u0131ndan cemaat, yats\u0131 namaz\u0131n\u0131 k\u0131ld\u0131.<\/p>\n<p>Hz. Hamza Camii&#8217;ndeki kandil program\u0131na; Mersin Vali Vekili Harun Sar\u0131fak\u0131o\u011fullar\u0131, \u0130l Emniyet M\u00fcd\u00fcr\u00fc Mehmet Aslan, Toroslar \u0130l\u00e7e Kaymakam\u0131 \u0130brahim \u00c7enet,  Toroslar Belediye Ba\u015fkan\u0131 Ats\u0131z Af\u015f\u0131n Y\u0131lmaz, MHP Toroslar \u0130l\u00e7e Ba\u015fkan\u0131 H\u00fcsn\u00fc Do\u011fan, \u0130l M\u00fcft\u00fcs\u00fc Ayd\u0131n Y\u0131\u011fman ve \u0130l\u00e7e M\u00fcft\u00fcs\u00fc Bayram Danac\u0131 kat\u0131ld\u0131.<\/p>\n<p>Ba\u015fkan Y\u0131lmaz, Mira\u00e7 Kandili&#8217;ni kent protokol\u00fc ve hem\u015fehrilerinin yan\u0131 s\u0131ra deprem b\u00f6lgesinden Mersin&#8217;e gelerek il\u00e7eye yerle\u015fen depremzede vatanda\u015flarla idrak etti.<\/p>\n<p>Kandil gecesine kat\u0131lan vatanda\u015flar ise birlik ve beraberlik mesajlar\u0131 vererek, devlet, millet el ele dayan\u0131\u015fma i\u00e7erisinde olduklar\u0131n\u0131 ve bu zorlu s\u00fcreci de hep birlikte atlacaklar\u0131na inand\u0131klar\u0131n\u0131 s\u00f6yledi.<\/p>\n<p>&#8220;Ele Ele, G\u00f6n\u00fcl G\u00f6n\u00fcle Depremzede Karde\u015flerimizin Yaralar\u0131n\u0131 Saraca\u011f\u0131z&#8221;<\/p>\n<p>Kandil program\u0131na kat\u0131lan \u00e7ocuklarla da yak\u0131ndan ilgilenen Ba\u015fkan Y\u0131lmaz; &#8220;Asr\u0131n felaketinden sonra daha \u00e7ok birlik ve beraberli\u011fe ihtiya\u00e7 duydu\u011fumuz g\u00fcnlerden ge\u00e7iyoruz.  Depremde hayat\u0131n\u0131 kaybeden vatanda\u015flar\u0131m\u0131z\u0131n ac\u0131s\u0131 y\u00fcreklerimizi yakt\u0131. Allah&#8217;tan rahmet, yaral\u0131lar\u0131m\u0131za acil \u015fifalar diliyorum. El ele g\u00f6n\u00fcl g\u00f6n\u00fcle vererek dayan\u0131\u015fma ile depremzede karde\u015flerimizin yaralar\u0131n\u0131 saraca\u011f\u0131z. Mira\u00e7 Kandili&#8217;nin \u00fclkemize, milletimize hay\u0131rlar getirmesini dilerim.  Rabbim, birlik ve beraberli\u011fimizi daim etsin in\u015fallah&#8221; diye konu\u015ftu.<\/p>\n","protected":false},"excerpt":{"rendered":"<p>Toroslar Belediyesi, Mira\u00e7 Kandili&#8217;nde asr\u0131n felaketi olarak nitelendirilen Kahramanmara\u015f merkezli depremlerde hayat\u0131n\u0131 kaybeden vatanda\u015flar i\u00e7in il\u00e7edeki t\u00fcm camilerde Mevlid-i \u015eerif okuttu. Kandil gecesinde vatanda\u015flara Toroslar Belediyesince haz\u0131rlanan lokma ve helva &hellip; <a href=\"https:\/\/akdenizolaygazetesi.com\/?p=24248\" class=\"more-link\">Devam\u0131n\u0131 Oku&#8230;<\/a><\/p>\n","protected":false},"author":2,"featured_media":24249,"comment_status":"open","ping_status":"open","sticky":false,"template":"","format":"standard","meta":[],"categories":[1,2,3,5],"tags":[],"_links":{"self":[{"href":"https:\/\/akdenizolaygazetesi.com\/index.php?rest_route=\/wp\/v2\/posts\/24248"}],"collection":[{"href":"https:\/\/akdenizolaygazetesi.com\/index.php?rest_route=\/wp\/v2\/posts"}],"about":[{"href":"https:\/\/akdenizolaygazetesi.com\/index.php?rest_route=\/wp\/v2\/types\/post"}],"author":[{"embeddable":true,"href":"https:\/\/akdenizolaygazetesi.com\/index.php?rest_route=\/wp\/v2\/users\/2"}],"replies":[{"embeddable":true,"href":"https:\/\/akdenizolaygazetesi.com\/index.php?rest_route=%2Fwp%2Fv2%2Fcomments&post=24248"}],"version-history":[{"count":1,"href":"https:\/\/akdenizolaygazetesi.com\/index.php?rest_route=\/wp\/v2\/posts\/24248\/revisions"}],"predecessor-version":[{"id":24250,"href":"https:\/\/akdenizolaygazetesi.com\/index.php?rest_route=\/wp\/v2\/posts\/24248\/revisions\/24250"}],"wp:featuredmedia":[{"embeddable":true,"href":"https:\/\/akdenizolaygazetesi.com\/index.php?rest_route=\/wp\/v2\/media\/24249"}],"wp:attachment":[{"href":"https:\/\/akdenizolaygazetesi.com\/index.php?rest_route=%2Fwp%2Fv2%2Fmedia&parent=24248"}],"wp:term":[{"taxonomy":"category","embeddable":true,"href":"https:\/\/akdenizolaygazetesi.com\/index.php?rest_route=%2Fwp%2Fv2%2Fcategories&post=24248"},{"taxonomy":"post_tag","embeddable":true,"href":"https:\/\/akdenizolaygazetesi.com\/index.php?rest_route=%2Fwp%2Fv2%2Ftags&post=24248"}],"curies":[{"name":"wp","href":"https:\/\/api.w.org\/{rel}","templated":true}]}}