{"id":24254,"date":"2023-02-18T18:18:05","date_gmt":"2023-02-18T15:18:05","guid":{"rendered":"http:\/\/akdenizolaygazetesi.com\/?p=24254"},"modified":"2023-02-18T18:18:05","modified_gmt":"2023-02-18T15:18:05","slug":"akdeniz-belediyesi-zabita-muduru-ufuk-sivaslioglu-deprem-bolgesinde-tanik-olduklarini-anlatti","status":"publish","type":"post","link":"https:\/\/akdenizolaygazetesi.com\/?p=24254","title":{"rendered":"AKDEN\u0130Z BELED\u0130YES\u0130 ZABITA M\u00dcD\u00dcR\u00dc UFUK S\u0130VASLIO\u011eLU; DEPREM B\u00d6LGES\u0130NDE TANIK OLDUKLARINI ANLATTI"},"content":{"rendered":"<p>Kahramanmara\u015f merkezli 11 kenti etkileyen y\u0131k\u0131c\u0131 depremler sonras\u0131, acil arama ve kurtarma e\u011fitimi alm\u0131\u015f zab\u0131ta memurlar\u0131 ile birlikte \u00f6nce Osmaniye, ard\u0131ndan Gaziantep\u2019e hareket eden Akdeniz Belediyesi Zab\u0131ta M\u00fcd\u00fcr\u00fc Ufuk Sivasl\u0131o\u011flu hem b\u00f6lgede yapt\u0131klar\u0131 \u00e7al\u0131\u015fmalar\u0131 hem de tan\u0131kl\u0131\u011f\u0131n\u0131 anlatt\u0131.<br \/>\nAFAD koordinesinde; \u00f6nce Osmaniye, ard\u0131ndan Gaziantep\u2019te arama kurtarma faaliyeti ve lojistik destek sa\u011flad\u0131klar\u0131n\u0131 belirten Sivasl\u0131o\u011flu; \u201cKar\u015f\u0131la\u015ft\u0131\u011f\u0131m\u0131z tablo \u00e7ok k\u00f6t\u00fcyd\u00fc, ger\u00e7ekten anlat\u0131lamaz. Ac\u0131s\u0131 y\u00fcre\u011fimizde, \u00e7ok b\u00fcy\u00fck bir travma, y\u0131k\u0131m, \u00e7aresizlik, \u00fcz\u00fcnt\u00fc&#8230; Buna ra\u011fmen var g\u00fcc\u00fcm\u00fczle \u00e7al\u0131\u015fmalara kat\u0131ld\u0131k. Devletimizin t\u00fcm kurumlar\u0131 oradayd\u0131. Bizler de arama kurtarma faaliyeti, depremzede vatanda\u015flar\u0131m\u0131za \u00e7ad\u0131r ve kumanya da\u011f\u0131t\u0131m\u0131 sa\u011flad\u0131k, yolda kalanlar\u0131 ta\u015f\u0131d\u0131k\u201d dedi.<br \/>\n\u201c\u00d6nce Osmaniye\u2019de arama kurtarma faaliyetine ba\u015flad\u0131k\u201d<br \/>\nS\u00f6zlerini; \u201c\u00d6ncelikle t\u00fcm T\u00fcrkiye\u2019mize ge\u00e7mi\u015f olsun, y\u00fcce rabbim bir daha b\u00f6yle ac\u0131lar ya\u015fatmas\u0131n. \u00d6lenlere Allah rahmet, kalanlara da sab\u0131rlar versin\u201d \u015feklinde s\u00fcrd\u00fcren Sivasl\u0131o\u011flu; \u201cDepremin oldu\u011fu ilk g\u00fcn\u00fcn sabah\u0131 Akdeniz Belediye Ba\u015fkan\u0131m\u0131z Say\u0131n Mustafa G\u00fcltak\u2019\u0131n talimat\u0131yla m\u00fcd\u00fcrl\u00fc\u011f\u00fcm\u00fczden 15 ki\u015fi Gaziantep\u2019e intikal ettik. Ancak Osmaniye\u2019yi ge\u00e7ip Nurda\u011f\u0131\u2019na yakla\u015ft\u0131\u011f\u0131m\u0131zda otoban ve tali yolun zarar g\u00f6rd\u00fc\u011f\u00fcn\u00fc g\u00f6rd\u00fck. O tarafa yol yoktu. Bunun \u00fczerine yine Ba\u015fkan\u0131m\u0131z\u0131n talimat\u0131yla Osmaniye\u2019ye ge\u00e7ip arama kurtarma ve enkaz kald\u0131rma \u00e7al\u0131\u015fmalar\u0131na ba\u015flad\u0131k. Kar\u015f\u0131la\u015ft\u0131\u011f\u0131m\u0131z tablo \u00e7ok k\u00f6t\u00fcyd\u00fc, ger\u00e7ekten anlat\u0131lamaz. Ac\u0131s\u0131 y\u00fcre\u011fimizde, halen hissediyoruz. \u00c7ok b\u00fcy\u00fck bir travma&#8230; Y\u0131k\u0131m, \u00e7aresizlik, \u00fcz\u00fcnt\u00fc, buna ra\u011fmen var g\u00fcc\u00fcm\u00fczle arama kurtarma faaliyetlerine kat\u0131ld\u0131k\u201d diye konu\u015ftu.<br \/>\n\u201cJAK, AFAD, UMKE, valiler, belediyeler; devletimizin t\u00fcm kurumlar\u0131 oradayd\u0131\u201d<br \/>\nAkabinde sabah saat 06:00\u2019da Gaziantep\u2019e hareket ettiklerini belirten Sivasl\u0131o\u011flu, \u201cBize Nurda\u011f\u0131\u2019nda g\u00f6revlendirildi\u011fimiz iletildi. Nurda\u011f\u0131\u2019na geldi\u011fimizde, Osmaniye\u2019den daha b\u00fcy\u00fck y\u0131k\u0131ma u\u011frad\u0131\u011f\u0131n\u0131 g\u00f6rd\u00fck. Anlatamayaca\u011f\u0131m kadar k\u00f6t\u00fc bir durumdayd\u0131 \u015fehir. Ekibimle birlikte var g\u00fcc\u00fcm\u00fczle arama kurtarma \u00e7al\u0131\u015fmalar\u0131na ba\u015flad\u0131k. AFAD koordinesinde insanlar\u0131m\u0131za destek verdik, yolda kalanlar\u0131 ta\u015f\u0131d\u0131k, erzak ta\u015f\u0131d\u0131k. Bir yandan arama kurtarma faaliyeti y\u00fcr\u00fctt\u00fck, di\u011fer yandan da \u00e7ad\u0131r ve kumanya da\u011f\u0131t\u0131m\u0131 gibi lojistik destek sa\u011flad\u0131k. Devletimizin t\u00fcm kurumlar\u0131 oradayd\u0131; JAK, AFAD, UMKE, belediyelerin kurtarma ekipleri, di\u011fer illerden gelen Valilerimiz\u2026 K\u0131sacas\u0131 T\u00fcrkiye\u2019nin hepsi oradayd\u0131. Devletimizin t\u00fcm kurumlar\u0131 depremin vurdu\u011fu b\u00f6lgedeydi\u201d \u015feklinde konu\u015ftu.<br \/>\nAkdeniz Belediyesi Zab\u0131ta M\u00fcd\u00fcr\u00fc Ufuk Sivasl\u0131o\u011flu, b\u00f6lgedeki arama kurtarma faaliyetinin ard\u0131ndan Mersin\u2019e d\u00f6nd\u00fcklerinde de kente g\u00f6\u00e7 eden depremzede vatanda\u015flar\u0131n konaklamas\u0131, g\u0131da ve temel ya\u015fam malzemelerinin kar\u015f\u0131lanmas\u0131 i\u00e7in \u00e7al\u0131\u015fmaya devam ettiklerini ifade etti. Sivasl\u0131o\u011flu; \u201cBu bizim her \u015feyden \u00f6nce insani ve vicdani g\u00f6revimiz. Bu g\u00f6revimizi de lay\u0131k\u0131yla yap\u0131yorsak ne mutlu bizlere\u201d ifadelerini kulland\u0131.<\/p>\n","protected":false},"excerpt":{"rendered":"<p>Kahramanmara\u015f merkezli 11 kenti etkileyen y\u0131k\u0131c\u0131 depremler sonras\u0131, acil arama ve kurtarma e\u011fitimi alm\u0131\u015f zab\u0131ta memurlar\u0131 ile birlikte \u00f6nce Osmaniye, ard\u0131ndan Gaziantep\u2019e hareket eden Akdeniz Belediyesi Zab\u0131ta M\u00fcd\u00fcr\u00fc Ufuk Sivasl\u0131o\u011flu &hellip; <a href=\"https:\/\/akdenizolaygazetesi.com\/?p=24254\" class=\"more-link\">Devam\u0131n\u0131 Oku&#8230;<\/a><\/p>\n","protected":false},"author":2,"featured_media":24255,"comment_status":"open","ping_status":"open","sticky":false,"template":"","format":"standard","meta":[],"categories":[34,2,3,5],"tags":[],"_links":{"self":[{"href":"https:\/\/akdenizolaygazetesi.com\/index.php?rest_route=\/wp\/v2\/posts\/24254"}],"collection":[{"href":"https:\/\/akdenizolaygazetesi.com\/index.php?rest_route=\/wp\/v2\/posts"}],"about":[{"href":"https:\/\/akdenizolaygazetesi.com\/index.php?rest_route=\/wp\/v2\/types\/post"}],"author":[{"embeddable":true,"href":"https:\/\/akdenizolaygazetesi.com\/index.php?rest_route=\/wp\/v2\/users\/2"}],"replies":[{"embeddable":true,"href":"https:\/\/akdenizolaygazetesi.com\/index.php?rest_route=%2Fwp%2Fv2%2Fcomments&post=24254"}],"version-history":[{"count":1,"href":"https:\/\/akdenizolaygazetesi.com\/index.php?rest_route=\/wp\/v2\/posts\/24254\/revisions"}],"predecessor-version":[{"id":24256,"href":"https:\/\/akdenizolaygazetesi.com\/index.php?rest_route=\/wp\/v2\/posts\/24254\/revisions\/24256"}],"wp:featuredmedia":[{"embeddable":true,"href":"https:\/\/akdenizolaygazetesi.com\/index.php?rest_route=\/wp\/v2\/media\/24255"}],"wp:attachment":[{"href":"https:\/\/akdenizolaygazetesi.com\/index.php?rest_route=%2Fwp%2Fv2%2Fmedia&parent=24254"}],"wp:term":[{"taxonomy":"category","embeddable":true,"href":"https:\/\/akdenizolaygazetesi.com\/index.php?rest_route=%2Fwp%2Fv2%2Fcategories&post=24254"},{"taxonomy":"post_tag","embeddable":true,"href":"https:\/\/akdenizolaygazetesi.com\/index.php?rest_route=%2Fwp%2Fv2%2Ftags&post=24254"}],"curies":[{"name":"wp","href":"https:\/\/api.w.org\/{rel}","templated":true}]}}