{"id":24257,"date":"2023-02-19T15:33:09","date_gmt":"2023-02-19T12:33:09","guid":{"rendered":"http:\/\/akdenizolaygazetesi.com\/?p=24257"},"modified":"2023-02-19T15:33:09","modified_gmt":"2023-02-19T12:33:09","slug":"meslek-odalari-sendika-ve-stk-temsilcilerinden-ortak-deklarasyon-karari","status":"publish","type":"post","link":"https:\/\/akdenizolaygazetesi.com\/?p=24257","title":{"rendered":"MESLEK ODALARI, SEND\u0130KA VE STK TEMS\u0130LC\u0130LER\u0130NDEN &#8216;ORTAK DEKLARASYON&#8217; KARARI"},"content":{"rendered":"<p>Mersin B\u00fcy\u00fck\u015fehir Belediye Ba\u015fkan\u0131 Vahap Se\u00e7er, depremin ard\u0131ndan ilk olarak i\u015f d\u00fcnyas\u0131 ve STK temsilcileri ile ger\u00e7ekle\u015ftirdi\u011fi &#8216;Deprem sonras\u0131 kentteki geli\u015fmeleri de\u011ferlendirme&#8217; toplant\u0131s\u0131n\u0131n ikincisinde sendika ve TMMOB&#8217;a ba\u011fl\u0131 oda temsilcileri ile yapt\u0131.  <\/p>\n<p>&#8220;Mersin&#8217;e ya bir \u00f6zel stat\u00fc verilsin, bir destek ya da te\u015fvik kapsam\u0131na al\u0131ns\u0131n&#8221;<\/p>\n<p>Mersin&#8217;in ald\u0131\u011f\u0131 g\u00f6\u00e7 sonras\u0131nda, ya\u015fanacak sorunlar\u0131n projeksiyonunu STK temsilcilerine anlatan Ba\u015fkan Se\u00e7er, &#8220;Mersin yo\u011fun g\u00f6\u00e7 al\u0131yor. Orada ortaya \u00e7\u0131kan konut sorunu burada da \u00e7\u0131kt\u0131. Konut sorunu var. Mersin&#8217;in depremden sonra alaca\u011f\u0131 bu n\u00fcfusun \u00f6n\u00fcm\u00fczdeki s\u00fcre\u00e7te farkl\u0131 komplikasyonlara neden olaca\u011f\u0131, ba\u015fta i\u015fsizlik, toplu ta\u015f\u0131mada, ula\u015f\u0131mda, kanalizasyon sisteminde, i\u00e7me suyu \u015febekelerinde, sa\u011fl\u0131k, e\u011fitim konusunda sorun. Yani ya\u015fama ait ne varsa her tarafta sorun. Dolay\u0131s\u0131yla bunlar\u0131n \u00f6n\u00fcn\u00fc almak i\u00e7in yat\u0131r\u0131m laz\u0131m&#8221; dedi.  <\/p>\n<p>Mersin&#8217;in; Metro, Ta\u015fucu-\u00c7e\u015fmeli Otoyolu, Pamukluk Baraj\u0131 gibi bekleyen \u00f6nemli projelerinin oldu\u011funa dikkat \u00e7eken Ba\u015fkan Se\u00e7er, al\u0131nan g\u00f6\u00e7le birlikte \u00f6zellikle Metro gibi yat\u0131r\u0131mlar\u0131n daha da b\u00fcy\u00fck \u00f6nem kazand\u0131\u011f\u0131n\u0131 vurgulayarak,  &#8220;Pamukluk Baraj\u0131 i\u00e7me suyu hatt\u0131n\u0131n isale hatt\u0131n\u0131n bir an \u00f6nce yap\u0131lmas\u0131 laz\u0131m. Susuz kal\u0131r\u0131z. Hi\u00e7 \u015fakas\u0131 yok bunun. Yeti\u015ftiremeyiz, mevcut sistemle ben size su yeti\u015ftiremem. Bunlar\u0131n \u00f6n\u00fcn\u00fc a\u00e7m\u0131\u015f oluruz. Otoban\u0131n Ta\u015fucu&#8217;na kadar otoyolun devam\u0131 \u00e7ok \u00f6nemlidir. \u00c7ok b\u00fcy\u00fck istihdam sorunu ya\u015fanacak. Yeni sanayi b\u00f6lgelerini, OSB&#8217;lerini, k\u00fc\u00e7\u00fck sanayi sitelerinin bir an \u00f6nce yap\u0131lmas\u0131 a\u00e7\u0131s\u0131ndan da son derece \u00f6nemli. Belediyemizin bekleyen projeleri var. Metro \u00e7ok \u00f6nemli&#8221; diye konu\u015ftu.<\/p>\n<p>STK bulu\u015fmas\u0131nda &#8216;ortak deklarasyon&#8217; karar\u0131 al\u0131nd\u0131<\/p>\n<p>Ba\u015fkan Se\u00e7er, yap\u0131lan toplant\u0131lar\u0131n neticesinde ortak deklarasyonun \u00e7ok \u00f6nemli oldu\u011funu belirtti. Bir \u00f6nceki i\u015f d\u00fcnyas\u0131 ile yap\u0131lan toplant\u0131da da \u00f6nemli sonu\u00e7lara vard\u0131klar\u0131n\u0131 ifade eden Se\u00e7er, Mersin&#8217;in depremden zarar g\u00f6ren 12. il olarak afet b\u00f6lgesi ilan edilmesi ya da \u00f6zel bir stat\u00fc verilmesi gerekti\u011fini s\u00f6ylerken, &#8220;Sadece yol, su vesaire de\u011fil, sanat\u0131ndan e\u011fitimine kadar sa\u011fl\u0131\u011f\u0131na kadar psikolojisine kadar ya\u015fama dair ne varsa. Yerli n\u00fcfusumuzun % 15 daha artaca\u011f\u0131n\u0131 d\u00fc\u015f\u00fcn\u00fcrseniz  % 15 bir y\u00fck ilave geliyor&#8221; diyerek haz\u0131rlanacak ortak sorunda bu sorunlar\u0131n merkezi h\u00fck\u00fcmete bir \u00e7a\u011fr\u0131 niteli\u011finde olaca\u011f\u0131n\u0131n alt\u0131n\u0131 \u00e7izdi.   <\/p>\n<p>B\u00fcy\u00fck\u015fehir, deprem i\u00e7in \u00f6zel \u00e7al\u0131\u015fma gruplar\u0131 olu\u015fturdu<\/p>\n<p>B\u00fcy\u00fck\u015fehir olarak e\u011fitim, sa\u011fl\u0131k, istihdam, m\u00fchendislik, bar\u0131nma ve sosyal destekler ba\u015fl\u0131klar\u0131 alt\u0131nda \u00e7al\u0131\u015fma gruplar\u0131 olu\u015fturduklar\u0131n\u0131n da bilgisini veren Ba\u015fkan Se\u00e7er, ilgili STK&#8217;larla birlikte ortak bildiri yay\u0131nlanaca\u011f\u0131n\u0131 veya \u00e7\u00f6z\u00fcm kitap\u00e7\u0131\u011f\u0131 olu\u015fturulaca\u011f\u0131n\u0131 s\u00f6yledi.<\/p>\n<p>Depremzedelere yard\u0131m i\u00e7in efektif, \u015feffaf yeni platform:  www.birizberaberiz.org<\/p>\n<p>Mersin B\u00fcy\u00fck\u015fehir Belediyesi taraf\u0131ndan olu\u015fturulan https:\/\/imsva91-ctp.trendmicro.com:443\/wis\/clicktime\/v1\/query?url=www.birizberaberiz.org&#038;umid=BA7FF43C-F4FB-8005-96E8-8CFB9C7954E7&#038;auth=3b1925d1bc8738e93b0ed0c6e2bc564debba9efa-39b5af440edcc70ba932146eb250911a3a197561 web sayfas\u0131 hakk\u0131nda da bilgi veren Se\u00e7er, yard\u0131mlar\u0131 bu sayfa \u00fczerinden daha efektif yapabileceklerini ve yard\u0131mlar\u0131n \u015feffaf ve do\u011fru bir \u015fekilde ihtiya\u00e7 sahiplerine ula\u015ft\u0131r\u0131labilece\u011fini s\u00f6yledi. Ba\u015fkan Se\u00e7er, &#8220;Bu i\u015f \u015feffaf olsun, insanlar nereye gidiyor izleyebilsin diye https:\/\/imsva91-ctp.trendmicro.com:443\/wis\/clicktime\/v1\/query?url=www.birizberaberiz.org&#038;umid=BA7FF43C-F4FB-8005-96E8-8CFB9C7954E7&#038;auth=3b1925d1bc8738e93b0ed0c6e2bc564debba9efa-39b5af440edcc70ba932146eb250911a3a197561 web sayfas\u0131n\u0131 olu\u015fturduk. Oras\u0131 \u00fczerinden yard\u0131mlar\u0131n\u0131z\u0131n da nereye gitti\u011fini g\u00f6rerek, daha \u015feffaf ve efektif yard\u0131m yapabilirsiniz. \u0130stemeniz durumunda biz de yard\u0131mlar\u0131n\u0131z\u0131 sizin ad\u0131n\u0131za do\u011fru yerlere ula\u015ft\u0131rma imkan\u0131na sahip olabiliriz&#8221; dedi.<\/p>\n<p>STK&#8217;lardan  &#8216;Mersin \u00d6zel Destek Kapsam\u0131na Al\u0131nmal\u0131&#8217; \u00e7a\u011fr\u0131s\u0131na destek<\/p>\n<p>Temsilciler taraf\u0131ndan bulu\u015fmada \u00f6zellikle istihdam, konut, sa\u011fl\u0131k sorunlar\u0131, trafik ve mevcut konutlar\u0131n deprem analizlerinin yap\u0131lmas\u0131n\u0131n gereklili\u011fine ili\u015fkin ortak s\u00f6ylemler ortaya koyuldu. Geni\u015f kat\u0131l\u0131mla ger\u00e7ekle\u015fen toplant\u0131da temsilciler, Ba\u015fkan Se\u00e7er&#8217;in, deprem sonras\u0131 Mersin&#8217;e olan g\u00f6\u00e7 dalgas\u0131n\u0131n ve sonras\u0131nda kar\u015f\u0131la\u015f\u0131lacak ekonomik, sosyal, fiziki sorunlar\u0131n y\u00f6netim ve \u00e7\u00f6z\u00fcm \u00f6nerilerini ortaya koyarak, Mersin&#8217;in bu anlamda &#8216;\u00f6zel destek kapsam\u0131na al\u0131nmal\u0131&#8217; \u00e7a\u011fr\u0131s\u0131na da destek verdiklerini ifade ettiler. Temsilciler de STK&#8217;lar olarak B\u00fcy\u00fck\u015fehir&#8217;in yan\u0131nda olduklar\u0131n\u0131n alt\u0131n\u0131 \u00e7izdi. Mersin&#8217;in Afet b\u00f6lgesi ilan edilmesi konusunda da &#8216;Biz de var\u0131z&#8217; diyen temsilciler, at\u0131lacak ad\u0131mlara destek\u00e7i olduklar\u0131n\u0131 da ifade ettiler.<\/p>\n","protected":false},"excerpt":{"rendered":"<p>Mersin B\u00fcy\u00fck\u015fehir Belediye Ba\u015fkan\u0131 Vahap Se\u00e7er, depremin ard\u0131ndan ilk olarak i\u015f d\u00fcnyas\u0131 ve STK temsilcileri ile ger\u00e7ekle\u015ftirdi\u011fi &#8216;Deprem sonras\u0131 kentteki geli\u015fmeleri de\u011ferlendirme&#8217; toplant\u0131s\u0131n\u0131n ikincisinde sendika ve TMMOB&#8217;a ba\u011fl\u0131 oda temsilcileri &hellip; <a href=\"https:\/\/akdenizolaygazetesi.com\/?p=24257\" class=\"more-link\">Devam\u0131n\u0131 Oku&#8230;<\/a><\/p>\n","protected":false},"author":2,"featured_media":24258,"comment_status":"open","ping_status":"open","sticky":false,"template":"","format":"standard","meta":[],"categories":[8,34,1,2,3,5,9,11],"tags":[],"_links":{"self":[{"href":"https:\/\/akdenizolaygazetesi.com\/index.php?rest_route=\/wp\/v2\/posts\/24257"}],"collection":[{"href":"https:\/\/akdenizolaygazetesi.com\/index.php?rest_route=\/wp\/v2\/posts"}],"about":[{"href":"https:\/\/akdenizolaygazetesi.com\/index.php?rest_route=\/wp\/v2\/types\/post"}],"author":[{"embeddable":true,"href":"https:\/\/akdenizolaygazetesi.com\/index.php?rest_route=\/wp\/v2\/users\/2"}],"replies":[{"embeddable":true,"href":"https:\/\/akdenizolaygazetesi.com\/index.php?rest_route=%2Fwp%2Fv2%2Fcomments&post=24257"}],"version-history":[{"count":1,"href":"https:\/\/akdenizolaygazetesi.com\/index.php?rest_route=\/wp\/v2\/posts\/24257\/revisions"}],"predecessor-version":[{"id":24259,"href":"https:\/\/akdenizolaygazetesi.com\/index.php?rest_route=\/wp\/v2\/posts\/24257\/revisions\/24259"}],"wp:featuredmedia":[{"embeddable":true,"href":"https:\/\/akdenizolaygazetesi.com\/index.php?rest_route=\/wp\/v2\/media\/24258"}],"wp:attachment":[{"href":"https:\/\/akdenizolaygazetesi.com\/index.php?rest_route=%2Fwp%2Fv2%2Fmedia&parent=24257"}],"wp:term":[{"taxonomy":"category","embeddable":true,"href":"https:\/\/akdenizolaygazetesi.com\/index.php?rest_route=%2Fwp%2Fv2%2Fcategories&post=24257"},{"taxonomy":"post_tag","embeddable":true,"href":"https:\/\/akdenizolaygazetesi.com\/index.php?rest_route=%2Fwp%2Fv2%2Ftags&post=24257"}],"curies":[{"name":"wp","href":"https:\/\/api.w.org\/{rel}","templated":true}]}}