{"id":24263,"date":"2023-02-19T15:36:32","date_gmt":"2023-02-19T12:36:32","guid":{"rendered":"http:\/\/akdenizolaygazetesi.com\/?p=24263"},"modified":"2023-02-19T15:36:32","modified_gmt":"2023-02-19T12:36:32","slug":"tarsusta-farkli-noktalara-siginan-deprem-magduru-vatandaslar-doga-parkina-goturuldu","status":"publish","type":"post","link":"https:\/\/akdenizolaygazetesi.com\/?p=24263","title":{"rendered":"TARSUS&#8217;TA FARKLI NOKTALARA SI\u011eINAN DEPREM MA\u011eDURU VATANDA\u015eLAR, DO\u011eA PARKI&#8217;NA G\u00d6T\u00dcR\u00dcLD\u00dc"},"content":{"rendered":"<p>Mersin B\u00fcy\u00fck\u015fehir Belediyesi Tar\u0131msal Hizmetler Dairesi Ba\u015fkanl\u0131\u011f\u0131&#8217;na ba\u011fl\u0131 olan Tarsus Do\u011fa Park\u0131, 6 \u015eubat&#8217;ta ya\u015fanan y\u0131k\u0131c\u0131 depremler neticesinde ya\u015fad\u0131klar\u0131 kentleri terk ederek Mersin&#8217;e s\u0131\u011f\u0131nan depremzede vatanda\u015flara moral alan\u0131 oldu.<\/p>\n<p>Tarsus&#8217;ta merkez Gazipa\u015fa Mahallesi&#8217;nde yer alan taziye evinde ve Kavakl\u0131 Mahallesi&#8217;nde yer alan Cemevi&#8217;nde kalan depremzede vatanda\u015flara ve \u00f6zellikle \u00e7ocuklara moral olmas\u0131 i\u00e7in Tarsus Do\u011fa Park\u0131&#8217;na gezi d\u00fczenlendi.<\/p>\n<p>Mahallelerden otob\u00fcslerle al\u0131nan depremzede vatanda\u015flar Tarsus Do\u011fa Park\u0131&#8217;na g\u00f6t\u00fcr\u00fclerek, tertemiz havada bir nebze de olsa ya\u015fad\u0131klar\u0131 \u00fcz\u00fcnt\u00fcden uzakla\u015fma f\u0131rsat\u0131 buldu. \u00c7ocuklar ise farkl\u0131 t\u00fcrdeki hayvanlar\u0131 g\u00f6rmenin mutlulu\u011funu ya\u015fad\u0131.<\/p>\n<p>Muhtar K\u0131z\u0131lta\u015f: &#8220;El birli\u011fiyle halk\u0131m\u0131za sahip \u00e7\u0131k\u0131yoruz&#8221;<\/p>\n<p>Gazipa\u015fa Mahallesi Muhtar\u0131 Ayd\u0131n K\u0131z\u0131lta\u015f, mahalle halk\u0131n\u0131n depremzedelere sahip \u00e7\u0131kt\u0131\u011f\u0131n\u0131 belirterek, &#8220;6 \u015eubat&#8217;ta T\u00fcrkiye b\u00fcy\u00fck bir felaket ya\u015fad\u0131. Vefat edenlere Allah&#8217;tan rahmet, kalanlara da sab\u0131rlar diliyoruz. Yaral\u0131lara da ge\u00e7mi\u015f olsun diyoruz. Gelen vatanda\u015flar\u0131m\u0131z var. \u00d6zellikle Tarsus&#8217;ta Gazipa\u015fa taziye evinde kalan 7 ailemiz var. Gazipa\u015fa halk\u0131 olarak biz bu ailelerimize sahip \u00e7\u0131k\u0131yoruz. Ve \u015fu an onlar\u0131 Do\u011fa Park\u0131&#8217;nda gezdiriyoruz. Burada da Mersin B\u00fcy\u00fck\u015fehir Belediyesi&#8217;ne de te\u015fekk\u00fcr ediyoruz. Halk\u0131m\u0131za sahip \u00e7\u0131k\u0131yoruz hep beraber, el birli\u011fiyle, Belediye ile beraber&#8221; diye konu\u015ftu.<\/p>\n<p>Kahramanmara\u015f&#8217;ta ya\u015fanan felakette evleri y\u0131k\u0131lan ve ailesiyle birlikte Tarsus&#8217;a s\u0131\u011f\u0131nan \u00d6zlem Y\u00fcce, &#8220;Depremzedeyiz, burada Gazipa\u015fa taziye evinde kal\u0131yoruz. \u00c7ok g\u00fczel ilgileniyorlar. Sa\u011f olsun Belediye Ba\u015fkanlar\u0131m\u0131z, yard\u0131mc\u0131lar\u0131. Burada bug\u00fcn de bize moral ama\u00e7l\u0131 \u00e7ocuklar\u0131m\u0131z\u0131 ald\u0131lar hayvanat bah\u00e7esine getirdiler. \u00c7ok g\u00fczel oldu, \u00e7ok iyi oldu, Allah raz\u0131 olsun hepsinden&#8221; dedi.  <\/p>\n","protected":false},"excerpt":{"rendered":"<p>Mersin B\u00fcy\u00fck\u015fehir Belediyesi Tar\u0131msal Hizmetler Dairesi Ba\u015fkanl\u0131\u011f\u0131&#8217;na ba\u011fl\u0131 olan Tarsus Do\u011fa Park\u0131, 6 \u015eubat&#8217;ta ya\u015fanan y\u0131k\u0131c\u0131 depremler neticesinde ya\u015fad\u0131klar\u0131 kentleri terk ederek Mersin&#8217;e s\u0131\u011f\u0131nan depremzede vatanda\u015flara moral alan\u0131 oldu. Tarsus&#8217;ta &hellip; <a href=\"https:\/\/akdenizolaygazetesi.com\/?p=24263\" class=\"more-link\">Devam\u0131n\u0131 Oku&#8230;<\/a><\/p>\n","protected":false},"author":2,"featured_media":24264,"comment_status":"open","ping_status":"open","sticky":false,"template":"","format":"standard","meta":[],"categories":[3],"tags":[],"_links":{"self":[{"href":"https:\/\/akdenizolaygazetesi.com\/index.php?rest_route=\/wp\/v2\/posts\/24263"}],"collection":[{"href":"https:\/\/akdenizolaygazetesi.com\/index.php?rest_route=\/wp\/v2\/posts"}],"about":[{"href":"https:\/\/akdenizolaygazetesi.com\/index.php?rest_route=\/wp\/v2\/types\/post"}],"author":[{"embeddable":true,"href":"https:\/\/akdenizolaygazetesi.com\/index.php?rest_route=\/wp\/v2\/users\/2"}],"replies":[{"embeddable":true,"href":"https:\/\/akdenizolaygazetesi.com\/index.php?rest_route=%2Fwp%2Fv2%2Fcomments&post=24263"}],"version-history":[{"count":1,"href":"https:\/\/akdenizolaygazetesi.com\/index.php?rest_route=\/wp\/v2\/posts\/24263\/revisions"}],"predecessor-version":[{"id":24265,"href":"https:\/\/akdenizolaygazetesi.com\/index.php?rest_route=\/wp\/v2\/posts\/24263\/revisions\/24265"}],"wp:featuredmedia":[{"embeddable":true,"href":"https:\/\/akdenizolaygazetesi.com\/index.php?rest_route=\/wp\/v2\/media\/24264"}],"wp:attachment":[{"href":"https:\/\/akdenizolaygazetesi.com\/index.php?rest_route=%2Fwp%2Fv2%2Fmedia&parent=24263"}],"wp:term":[{"taxonomy":"category","embeddable":true,"href":"https:\/\/akdenizolaygazetesi.com\/index.php?rest_route=%2Fwp%2Fv2%2Fcategories&post=24263"},{"taxonomy":"post_tag","embeddable":true,"href":"https:\/\/akdenizolaygazetesi.com\/index.php?rest_route=%2Fwp%2Fv2%2Ftags&post=24263"}],"curies":[{"name":"wp","href":"https:\/\/api.w.org\/{rel}","templated":true}]}}