{"id":24272,"date":"2023-02-20T13:37:47","date_gmt":"2023-02-20T10:37:47","guid":{"rendered":"http:\/\/akdenizolaygazetesi.com\/?p=24272"},"modified":"2023-02-20T13:37:47","modified_gmt":"2023-02-20T10:37:47","slug":"buyuksehir-yuzlerce-gonulluyle-depremzedeler-icin-calisiyor","status":"publish","type":"post","link":"https:\/\/akdenizolaygazetesi.com\/?p=24272","title":{"rendered":"B\u00dcY\u00dcK\u015eEH\u0130R, Y\u00dcZLERCE G\u00d6N\u00dcLL\u00dcYLE DEPREMZEDELER \u0130\u00c7\u0130N \u00c7ALI\u015eIYOR"},"content":{"rendered":"<p>Mersin B\u00fcy\u00fck\u015fehir Belediyesi, depremzedeler i\u00e7in olu\u015fturdu\u011fu bar\u0131nma alanlar\u0131nda ve yard\u0131mlar\u0131n b\u00f6lgeye ula\u015ft\u0131r\u0131ld\u0131\u011f\u0131 tesislerde y\u00fczlerce g\u00f6n\u00fcll\u00fc ile \u00e7al\u0131\u015f\u0131yor. Deprem haberinin ard\u0131ndan b\u00f6lgeye gidemeyen, ama depremden etkilenen insanlara destek olmak isteyen vatanda\u015flar B\u00fcy\u00fck\u015fehir Belediyesi ile el ele verdi.<br \/>\n\u0130htiya\u00e7 olan her noktada B\u00fcy\u00fck\u015fehir Belediyesi&#8217;nin ekiplerine destek olan g\u00f6n\u00fcll\u00fcler; kar\u015f\u0131lama, k\u0131yafet tasnifleme, depremzedelerin ihtiya\u00e7 listelerini alma, yemek, \u00e7ay ve kahve da\u011f\u0131t\u0131m\u0131 gibi bir\u00e7ok alanda ekiplere destek oluyor. G\u00f6n\u00fcll\u00fcler, B\u00fcy\u00fck\u015fehir \u00e7al\u0131\u015fanlar\u0131 ile dayan\u0131\u015fma halinde, tek y\u00fcrek olarak hizmet veriyor. B\u00fcy\u00fck\u015fehir ekipleri, g\u00f6n\u00fcll\u00fclerin deste\u011fi sayesinde daha h\u0131zl\u0131 ve etkin hizmet verebiliyor.<br \/>\nKaya: &#8220;G\u00f6n\u00fcll\u00fc arkada\u015flar\u0131m\u0131zla birlikte yo\u011fun bir \u015fekilde \u00e7al\u0131\u015f\u0131yoruz&#8221;<br \/>\nMersin B\u00fcy\u00fck\u015fehir Belediyesi Kariyer Merkezi Dan\u0131\u015fman\u0131 Yal\u00e7\u0131n Kaya, Yeni\u015fehir Fuar Alan\u0131&#8217;nda g\u00f6n\u00fcll\u00fclerle birlikte, 1.5 g\u00fcn gibi k\u0131sa bir s\u00fcrede depremzedelerin t\u00fcm ihtiya\u00e7lar\u0131n\u0131 kar\u015f\u0131layacak bir alan olu\u015fturduklar\u0131n\u0131 s\u00f6yledi. Kaya, &#8220;G\u00f6n\u00fcll\u00fc arkada\u015flar\u0131m\u0131z, ilk g\u00fcnden itibaren gelerek ba\u015fvurular\u0131n\u0131 yapt\u0131lar ve yo\u011fun bir \u015fekilde \u00e7al\u0131\u015f\u0131yoruz. G\u00f6n\u00fcll\u00fc arkada\u015flar\u0131m\u0131z, buraya gelen yard\u0131mlarla alakal\u0131 destek oluyorlar. Mesela giysileri katl\u0131yor, ya\u015f gruplar\u0131na g\u00f6re ay\u0131r\u0131m yap\u0131yorlar. Buradaki yemek alanlar\u0131m\u0131zda servis yap\u0131yor, temizliklerine yard\u0131mc\u0131 oluyorlar&#8221; dedi. Kaya, g\u00f6n\u00fcll\u00fc olmak isteyenlerin bar\u0131nma alanlar\u0131na giderek kay\u0131t yapt\u0131rmalar\u0131n\u0131n yeterli oldu\u011funu s\u00f6yledi.<br \/>\nMerve Atay (\u00d6\u011fretmen): &#8220;Onlar\u0131n kanayan yaralar\u0131n\u0131 biz ruhen hissettik&#8221;<br \/>\nG\u00f6n\u00fcll\u00fc olarak \u00e7al\u0131\u015fanlardan \u00f6\u011fretmen Merve Atay, 6 \u015eubat&#8217;ta ya\u015fanan depremin herkesi derinden etkiledi\u011finden s\u00f6z ederek, &#8220;Onlar\u0131n kanayan yaralar\u0131n\u0131 biz ruhen hissettik. Bizim de ruhumuz kan\u0131yor. Evde bo\u015f duram\u0131yoruz, o y\u00fczden burada elimizden geleni yap\u0131yoruz. \u0130nsanlara k\u0131yafet, yiyecek, bar\u0131nma alan\u0131 temin ediyoruz. Ko\u015fturuyoruz, hi\u00e7 bo\u015f durmuyoruz. Benim arkada\u015flar\u0131m da g\u00f6\u00e7\u00fck alt\u0131nda kald\u0131 ve ben hi\u00e7bir \u015fey yapamad\u0131m onlar ad\u0131na. En az\u0131ndan, &#8216;kalan insanlar\u0131m\u0131za destek verelim&#8217; dedim. O y\u00fczden buraday\u0131m&#8221; dedi.<br \/>\nBelen Burcu Durukan (\u00d6\u011fretmen): &#8220;Mersin, \u00e7ok k\u00fclt\u00fcrl\u00fc bir \u015fehir&#8221;<br \/>\nG\u00f6n\u00fcll\u00fc olarak \u00e7al\u0131\u015fanlardan \u00f6\u011fretmen Belen Burcu Durukan da, depremzedelerin ihtiya\u00e7lar\u0131na g\u00f6re listeler olu\u015fturup, ayakkab\u0131dan i\u00e7 \u00e7ama\u015f\u0131r\u0131na, \u015fampuandan \u00e7ocuk bezine kadar her t\u00fcrl\u00fc ihtiya\u00e7lar\u0131n\u0131 kar\u015f\u0131lad\u0131klar\u0131n\u0131 anlatt\u0131. Durukan, &#8220;Arka tarafta yemekler da\u011f\u0131t\u0131l\u0131yor, onlara yard\u0131mc\u0131 oluyoruz. \u00d6n tarafta s\u00fcrekli g\u00fcn i\u00e7inde ba\u011f\u0131\u015f yap\u0131l\u0131yor. Ba\u011f\u0131\u015flar\u0131 al\u0131p yukar\u0131ya ta\u015f\u0131yoruz. Hepsini tek tek ay\u0131r\u0131yoruz. \u00c7ama\u015f\u0131rhanemiz var, k\u0131yafetlerini y\u0131kayabiliyorlar. B\u00fct\u00fcn ihtiya\u00e7lar\u0131 kar\u015f\u0131lan\u0131yor. Bu g\u00f6n\u00fcll\u00fcl\u00fck genelde sosyal medyada \u00e7ok payla\u015f\u0131l\u0131yor. Mersin, \u00e7ok k\u00fclt\u00fcrl\u00fc bir \u015fehir. Herkesin Osmaniye&#8217;de, Adana&#8217;da, Hatay&#8217;da, Ad\u0131yaman&#8217;da, her yerde, yani deprem b\u00f6lgelerinde akrabalar\u0131 oldu\u011fu i\u00e7in, hem onlara yard\u0131ma gidilip geliniyor, hem de burada oradan gelen insanlara bu \u015fekilde yard\u0131mc\u0131 olabiliyoruz&#8221; diye konu\u015ftu.<br \/>\nB\u00fc\u015fra D\u00fc\u015f\u00fcnekli (\u00d6\u011fretmen): &#8220;Burada yard\u0131m ederek ac\u0131m\u0131z\u0131 unutmaya \u00e7al\u0131\u015f\u0131yoruz&#8221;<br \/>\nG\u00f6n\u00fcll\u00fclerden 27 ya\u015f\u0131ndaki \u00f6\u011fretmen B\u00fc\u015fra D\u00fc\u015f\u00fcnekli, Yeni\u015fehir Fuar Alan\u0131&#8217;nda bir\u00e7ok g\u00f6n\u00fcll\u00fc ile depremzedeler i\u00e7in g\u00f6rev ald\u0131klar\u0131n\u0131 anlatarak, &#8220;Hepimiz bu durumda olabilirdik. Biz depremzedelere e\u015fyalar\u0131 verirken, bu duyguyu onlara ge\u00e7irmeye \u00e7al\u0131\u015f\u0131yoruz. \u00c7\u00fcnk\u00fc bizden \u00e7ok mahcup bir \u015fekilde e\u015fyalar\u0131 istiyorlar ve &#8216;Biz de sizin gibi burada olabilirdik. Bizim de zaten ba\u015f\u0131m\u0131za geldi. Biliyorsunuz ki Mersin de depremi \u00e7ok \u015fiddetli hissetti. Biz de iki \u00fc\u00e7 g\u00fcn sokakta kald\u0131k&#8217; diyerek, onlar\u0131n duygular\u0131n\u0131 payla\u015ft\u0131\u011f\u0131m\u0131z\u0131 onlara hissettirmeye \u00e7al\u0131\u015f\u0131yoruz. Allah hi\u00e7 kimseyi bu duruma d\u00fc\u015f\u00fcrmesin. Duygular\u0131m\u0131z\u0131n bir tarifi yok. O y\u00fczden elimizden geldi\u011fi kadar, gece g\u00fcnd\u00fcz burada yard\u0131m ederek ac\u0131m\u0131z\u0131 unutmaya \u00e7al\u0131\u015f\u0131yoruz&#8221; dedi.<br \/>\nSamet Alt\u0131nok (\u00dcniversite \u00d6\u011frencisi): &#8220;\u00c7ocuklar i\u00e7in oyun alanlar\u0131 kuruldu&#8221;<br \/>\n21 ya\u015f\u0131ndaki \u00fcniversite \u00f6\u011frencisi Samet Alt\u0131nok, &#8220;Burada, buraya kay\u0131tl\u0131 olan depremzedelerin k\u0131yafet ve di\u011fer ihtiya\u00e7lar\u0131n\u0131 kar\u015f\u0131lamaya \u00e7al\u0131\u015f\u0131yoruz. Onlar bize bir liste veriyor. Biz de onlar\u0131 temin etmeye \u00e7al\u0131\u015f\u0131yoruz. Yemek, su ve k\u0131yafet da\u011f\u0131t\u0131yoruz. \u00d6\u011fretmen g\u00f6n\u00fcll\u00fcler de var. Oraya bir oyun alan\u0131 kuruldu. Onlar da k\u00fc\u00e7\u00fck ya\u015ftaki \u00e7ocuklarla orada ilgileniyor. Asl\u0131nda buraya gelmeden deprem b\u00f6lgesine gitmeyi istiyordum. Oraya gidemedim&#8221; ifadelerine yer verdi.<br \/>\nBatuhan S\u00fcng\u00fc (\u00dcniversite \u00d6\u011frencisi): &#8220;Bizi buraya getiren, empati duygusu&#8221;<br \/>\n\u00c7ukurova \u00dcniversitesi&#8217;nde okuyan Batuhan S\u00fcng\u00fc de g\u00f6n\u00fcll\u00fclerden biri. &#8220;D\u0131\u015far\u0131 \u00e7\u0131k\u0131p kurum kurum gezdim, buras\u0131 geldi\u011fim d\u00f6rd\u00fcnc\u00fc kurumdu&#8221; diyerek g\u00f6n\u00fcll\u00fc olma s\u00fcrecini anlatan S\u00fcng\u00fc, empati duygusuyla g\u00f6n\u00fcll\u00fc olmaya karar verdi\u011fini ifade etti. S\u00fcng\u00fc, &#8220;Burada k\u0131yafet ihtiyac\u0131 olan insanlar bir liste haz\u0131rl\u0131yor ve listeyi tamamlay\u0131p onlara k\u0131yafet temin ediyoruz. Onun d\u0131\u015f\u0131nda, d\u0131\u015far\u0131ya yana\u015fan kamyonlardan gerekli malzemeleri indirip burada bir stok olu\u015fturuyoruz. Burada ya\u015fayan depremzedelere yard\u0131m etmeye \u00e7al\u0131\u015f\u0131yoruz. Bizi buraya getiren duygu, empati duygusu. Onlar\u0131n ya\u015fad\u0131\u011f\u0131 durumu az da olsa iyile\u015ftirmek ad\u0131na, burada onlara yard\u0131mc\u0131 oluyoruz&#8221; dedi.<\/p>\n","protected":false},"excerpt":{"rendered":"<p>Mersin B\u00fcy\u00fck\u015fehir Belediyesi, depremzedeler i\u00e7in olu\u015fturdu\u011fu bar\u0131nma alanlar\u0131nda ve yard\u0131mlar\u0131n b\u00f6lgeye ula\u015ft\u0131r\u0131ld\u0131\u011f\u0131 tesislerde y\u00fczlerce g\u00f6n\u00fcll\u00fc ile \u00e7al\u0131\u015f\u0131yor. Deprem haberinin ard\u0131ndan b\u00f6lgeye gidemeyen, ama depremden etkilenen insanlara destek olmak isteyen vatanda\u015flar &hellip; <a href=\"https:\/\/akdenizolaygazetesi.com\/?p=24272\" class=\"more-link\">Devam\u0131n\u0131 Oku&#8230;<\/a><\/p>\n","protected":false},"author":2,"featured_media":24273,"comment_status":"open","ping_status":"open","sticky":false,"template":"","format":"standard","meta":[],"categories":[2,3,5],"tags":[],"_links":{"self":[{"href":"https:\/\/akdenizolaygazetesi.com\/index.php?rest_route=\/wp\/v2\/posts\/24272"}],"collection":[{"href":"https:\/\/akdenizolaygazetesi.com\/index.php?rest_route=\/wp\/v2\/posts"}],"about":[{"href":"https:\/\/akdenizolaygazetesi.com\/index.php?rest_route=\/wp\/v2\/types\/post"}],"author":[{"embeddable":true,"href":"https:\/\/akdenizolaygazetesi.com\/index.php?rest_route=\/wp\/v2\/users\/2"}],"replies":[{"embeddable":true,"href":"https:\/\/akdenizolaygazetesi.com\/index.php?rest_route=%2Fwp%2Fv2%2Fcomments&post=24272"}],"version-history":[{"count":1,"href":"https:\/\/akdenizolaygazetesi.com\/index.php?rest_route=\/wp\/v2\/posts\/24272\/revisions"}],"predecessor-version":[{"id":24274,"href":"https:\/\/akdenizolaygazetesi.com\/index.php?rest_route=\/wp\/v2\/posts\/24272\/revisions\/24274"}],"wp:featuredmedia":[{"embeddable":true,"href":"https:\/\/akdenizolaygazetesi.com\/index.php?rest_route=\/wp\/v2\/media\/24273"}],"wp:attachment":[{"href":"https:\/\/akdenizolaygazetesi.com\/index.php?rest_route=%2Fwp%2Fv2%2Fmedia&parent=24272"}],"wp:term":[{"taxonomy":"category","embeddable":true,"href":"https:\/\/akdenizolaygazetesi.com\/index.php?rest_route=%2Fwp%2Fv2%2Fcategories&post=24272"},{"taxonomy":"post_tag","embeddable":true,"href":"https:\/\/akdenizolaygazetesi.com\/index.php?rest_route=%2Fwp%2Fv2%2Ftags&post=24272"}],"curies":[{"name":"wp","href":"https:\/\/api.w.org\/{rel}","templated":true}]}}