{"id":24275,"date":"2023-02-20T13:39:24","date_gmt":"2023-02-20T10:39:24","guid":{"rendered":"http:\/\/akdenizolaygazetesi.com\/?p=24275"},"modified":"2023-02-20T13:39:24","modified_gmt":"2023-02-20T10:39:24","slug":"chpli-antmen-memurlara-ek-odeme-yapacak-misiniz","status":"publish","type":"post","link":"https:\/\/akdenizolaygazetesi.com\/?p=24275","title":{"rendered":"CHP\u2019L\u0130 ANTMEN \u201cMEMURLARA EK \u00d6DEME YAPACAK MISINIZ?\u201d"},"content":{"rendered":"<p>CHP Mersin Milletvekili Alpay Antmen, 6 \u015eubat 2023 tarihinde ya\u015fanan deprem sonras\u0131 b\u00f6lgede \u00e7al\u0131\u015fan memur ve kamu personelleriyle ilgili bir soru \u00f6nergesi verdi.<\/p>\n<p>Antmen, Kahramanmara\u015f Pazarc\u0131k merkezli olarak meydana gelen deprem felaketinde Kahramanmara\u015f, Gaziantep, Malatya, Diyarbak\u0131r, Kilis, \u015eanl\u0131urfa, Ad\u0131yaman Hatay, Osmaniye, Adana ve Elaz\u0131\u011f&#8217;da b\u00fcy\u00fck bir afet ve y\u0131k\u0131m oldu\u011funu belirterek &#8220;Devlet Memurlar\u0131 Kanunu&#8217;na tabi personele fazla \u00e7al\u0131\u015fma \u00fccreti \u00f6demeyi d\u00fc\u015f\u00fcn\u00fcyor musunuz?&#8221; diye sordu.<\/p>\n<p>Hem Cumhurba\u015fkan\u0131 Yard\u0131mc\u0131s\u0131 Fuat Oktay hem de Hazine ve Maliye Bakan\u0131 Nureddin Nebati&#8217;ye ayr\u0131 ayr\u0131 soru \u00f6nergeleri veren CHP&#8217;li Vekil \u015funlar\u0131 kaydetti:<\/p>\n<p>&#8220;4123 Say\u0131l\u0131 Tabii Afet Nedeniyle Meydana Gelen Hasar ve Tahribata \u0130li\u015fkin Hizmetlerin Y\u00fcr\u00fct\u00fclmesine Dair Kanun&#8217;un Ek 4. Maddesi &#8216;Tabii afete maruz b\u00f6lgelerde \u00e7al\u0131\u015fan 657 say\u0131l\u0131 Devlet Memurlar\u0131 Kanununa tabi personele b\u00fct\u00e7e kanunlar\u0131nda yer alan fazla \u00e7al\u0131\u015fma \u00fccretinin iki kat\u0131n\u0131 ge\u00e7memek \u00fczere fazla \u00e7al\u0131\u015fma \u00fccreti \u00f6denir. Ayr\u0131ca bu b\u00f6lgede \u00e7al\u0131\u015fan her stat\u00fcdeki personele ek g\u00f6sterge dahil en y\u00fcksek Devlet Memuru ayl\u0131\u011f\u0131n\u0131n br\u00fct tutar\u0131n\u0131n %50&#8217;sini ge\u00e7memek kayd\u0131 ile tazminat, ayl\u0131k ve \u00fccretleri ile birlikte \u00f6denir. Bu tazminat, damga vergisi hari\u00e7 hi\u00e7bir vergi ve kesintiye tabi tutulmaz&#8217; demektedir&#8221;<\/p>\n<p>Alpay Antmen&#8217;in \u00f6nergesinde yer alan sorular \u015fu \u015fekilde;<\/p>\n<p>&#8211; 6 \u015eubat 2023 tarihinde Kahramanmara\u015f Pazarc\u0131k merkezli olarak meydana gelen deprem felaketi nedeni ile Kahramanmara\u015f, Gaziantep, Malatya, Diyarbak\u0131r, Kilis, \u015eanl\u0131urfa, Ad\u0131yaman, Hatay, Osmaniye, Adana \u0130llerimizde g\u00f6rev yapan 657 Say\u0131l\u0131 Devlet Memurlar\u0131 Kanunu&#8217;na tabi personele fazla \u00e7al\u0131\u015fma \u00fccreti \u00f6demeyi d\u00fc\u015f\u00fcn\u00fcyor musunuz?<\/p>\n<p>&#8211; 6 \u015eubat 2023 tarihinde Kahramanmara\u015f Pazarc\u0131k merkezli olarak meydana gelen deprem felaketi nedeni ile Kahramanmara\u015f, Gaziantep, Malatya, Diyarbak\u0131r, Kilis, \u015eanl\u0131urfa, Ad\u0131yaman, Hatay, Osmaniye, Adana \u0130llerimizde \u00e7al\u0131\u015fan her stat\u00fcdeki personele tazminat \u00f6demeyi d\u00fc\u015f\u00fcn\u00fcyor musunuz?<\/p>\n","protected":false},"excerpt":{"rendered":"<p>CHP Mersin Milletvekili Alpay Antmen, 6 \u015eubat 2023 tarihinde ya\u015fanan deprem sonras\u0131 b\u00f6lgede \u00e7al\u0131\u015fan memur ve kamu personelleriyle ilgili bir soru \u00f6nergesi verdi. Antmen, Kahramanmara\u015f Pazarc\u0131k merkezli olarak meydana gelen &hellip; <a href=\"https:\/\/akdenizolaygazetesi.com\/?p=24275\" class=\"more-link\">Devam\u0131n\u0131 Oku&#8230;<\/a><\/p>\n","protected":false},"author":2,"featured_media":24276,"comment_status":"open","ping_status":"open","sticky":false,"template":"","format":"standard","meta":[],"categories":[3,6],"tags":[],"_links":{"self":[{"href":"https:\/\/akdenizolaygazetesi.com\/index.php?rest_route=\/wp\/v2\/posts\/24275"}],"collection":[{"href":"https:\/\/akdenizolaygazetesi.com\/index.php?rest_route=\/wp\/v2\/posts"}],"about":[{"href":"https:\/\/akdenizolaygazetesi.com\/index.php?rest_route=\/wp\/v2\/types\/post"}],"author":[{"embeddable":true,"href":"https:\/\/akdenizolaygazetesi.com\/index.php?rest_route=\/wp\/v2\/users\/2"}],"replies":[{"embeddable":true,"href":"https:\/\/akdenizolaygazetesi.com\/index.php?rest_route=%2Fwp%2Fv2%2Fcomments&post=24275"}],"version-history":[{"count":1,"href":"https:\/\/akdenizolaygazetesi.com\/index.php?rest_route=\/wp\/v2\/posts\/24275\/revisions"}],"predecessor-version":[{"id":24277,"href":"https:\/\/akdenizolaygazetesi.com\/index.php?rest_route=\/wp\/v2\/posts\/24275\/revisions\/24277"}],"wp:featuredmedia":[{"embeddable":true,"href":"https:\/\/akdenizolaygazetesi.com\/index.php?rest_route=\/wp\/v2\/media\/24276"}],"wp:attachment":[{"href":"https:\/\/akdenizolaygazetesi.com\/index.php?rest_route=%2Fwp%2Fv2%2Fmedia&parent=24275"}],"wp:term":[{"taxonomy":"category","embeddable":true,"href":"https:\/\/akdenizolaygazetesi.com\/index.php?rest_route=%2Fwp%2Fv2%2Fcategories&post=24275"},{"taxonomy":"post_tag","embeddable":true,"href":"https:\/\/akdenizolaygazetesi.com\/index.php?rest_route=%2Fwp%2Fv2%2Ftags&post=24275"}],"curies":[{"name":"wp","href":"https:\/\/api.w.org\/{rel}","templated":true}]}}