{"id":24278,"date":"2023-02-20T13:41:11","date_gmt":"2023-02-20T10:41:11","guid":{"rendered":"http:\/\/akdenizolaygazetesi.com\/?p=24278"},"modified":"2023-02-20T13:41:11","modified_gmt":"2023-02-20T10:41:11","slug":"71-ilde-okullar-egitim-ogretime-basladi","status":"publish","type":"post","link":"https:\/\/akdenizolaygazetesi.com\/?p=24278","title":{"rendered":"71 ilde okullar e\u011fitim \u00f6\u011fretime ba\u015flad\u0131"},"content":{"rendered":"<p>\u0130l Mill\u00ee E\u011fitim M\u00fcd\u00fcr\u00fcm\u00fcz Say\u0131n Adem KOCA, &#8220;E\u011fitim \u00f6\u011fretim y\u0131l\u0131m\u0131z\u0131n ikinci kanaat d\u00f6nemine bug\u00fcn itibariyle ba\u015flad\u0131k. \u0130limizde t\u00fcm kademelerde resmi ve \u00f6zel kurumlar\u0131m\u0131za afet b\u00f6lgesinden yakla\u015f\u0131k 7 bin \u00f6\u011frencimiz nakil gelmi\u015ftir. Mevcut okullar\u0131m\u0131z\u0131n yan\u0131 s\u0131ra Gen\u00e7lik ve Spor Bakanl\u0131\u011f\u0131na ba\u011fl\u0131 kamplarda ve Kredi Yurtlar Kurumlar\u0131&#8217;nda kalan depremzede \u00f6\u011frencilerimiz i\u00e7in Mersin \u00dcniversitesi&#8217;nde okul \u00f6ncesi, ilkokul, ortaokul ve lise olmak \u00fczere her kademeden s\u0131n\u0131flar olu\u015fturduk. Ayr\u0131ca &#8220;Hayat Boyu \u00d6\u011frenme&#8221; birimimiz taraf\u0131ndan olu\u015fturulan &#8220;Mobil Kay\u0131t Ekip&#8221; lerimiz depremzede vatanda\u015flar\u0131m\u0131z\u0131n yo\u011fun olarak kald\u0131\u011f\u0131 pansiyon ve yurt gibi noktalara ula\u015farak hayat boyu \u00f6\u011frenme kurslar\u0131m\u0131z ve a\u00e7\u0131k \u00f6\u011fretim okullar\u0131m\u0131z i\u00e7in vatanda\u015flar\u0131m\u0131z\u0131 bilgilendirmekte ve kay\u0131t almaktad\u0131r. \u0130limiz genelinde afetzede \u00f6\u011frencilerimiz i\u00e7in nakil i\u015flemleri devam etmektedir. Devletimiz ve milletimiz el ele, tek y\u00fcrek olarak bu zorlu g\u00fcnleri hep birlikte a\u015faca\u011f\u0131z. 2022-2023 E\u011fitim \u00d6\u011fretim Y\u0131l\u0131 ikinci kanaat d\u00f6neminin t\u00fcm vatanda\u015flar\u0131m\u0131za, t\u00fcm meslekta\u015flar\u0131m\u0131za, t\u00fcm evlatlar\u0131m\u0131za hay\u0131rlar getirmesini temenni ediyor, ba\u015far\u0131lar diliyorum.&#8221; dedi.<\/p>\n","protected":false},"excerpt":{"rendered":"<p>\u0130l Mill\u00ee E\u011fitim M\u00fcd\u00fcr\u00fcm\u00fcz Say\u0131n Adem KOCA, &#8220;E\u011fitim \u00f6\u011fretim y\u0131l\u0131m\u0131z\u0131n ikinci kanaat d\u00f6nemine bug\u00fcn itibariyle ba\u015flad\u0131k. \u0130limizde t\u00fcm kademelerde resmi ve \u00f6zel kurumlar\u0131m\u0131za afet b\u00f6lgesinden yakla\u015f\u0131k 7 bin \u00f6\u011frencimiz nakil &hellip; <a href=\"https:\/\/akdenizolaygazetesi.com\/?p=24278\" class=\"more-link\">Devam\u0131n\u0131 Oku&#8230;<\/a><\/p>\n","protected":false},"author":2,"featured_media":24279,"comment_status":"open","ping_status":"open","sticky":false,"template":"","format":"standard","meta":[],"categories":[2,3],"tags":[],"_links":{"self":[{"href":"https:\/\/akdenizolaygazetesi.com\/index.php?rest_route=\/wp\/v2\/posts\/24278"}],"collection":[{"href":"https:\/\/akdenizolaygazetesi.com\/index.php?rest_route=\/wp\/v2\/posts"}],"about":[{"href":"https:\/\/akdenizolaygazetesi.com\/index.php?rest_route=\/wp\/v2\/types\/post"}],"author":[{"embeddable":true,"href":"https:\/\/akdenizolaygazetesi.com\/index.php?rest_route=\/wp\/v2\/users\/2"}],"replies":[{"embeddable":true,"href":"https:\/\/akdenizolaygazetesi.com\/index.php?rest_route=%2Fwp%2Fv2%2Fcomments&post=24278"}],"version-history":[{"count":1,"href":"https:\/\/akdenizolaygazetesi.com\/index.php?rest_route=\/wp\/v2\/posts\/24278\/revisions"}],"predecessor-version":[{"id":24280,"href":"https:\/\/akdenizolaygazetesi.com\/index.php?rest_route=\/wp\/v2\/posts\/24278\/revisions\/24280"}],"wp:featuredmedia":[{"embeddable":true,"href":"https:\/\/akdenizolaygazetesi.com\/index.php?rest_route=\/wp\/v2\/media\/24279"}],"wp:attachment":[{"href":"https:\/\/akdenizolaygazetesi.com\/index.php?rest_route=%2Fwp%2Fv2%2Fmedia&parent=24278"}],"wp:term":[{"taxonomy":"category","embeddable":true,"href":"https:\/\/akdenizolaygazetesi.com\/index.php?rest_route=%2Fwp%2Fv2%2Fcategories&post=24278"},{"taxonomy":"post_tag","embeddable":true,"href":"https:\/\/akdenizolaygazetesi.com\/index.php?rest_route=%2Fwp%2Fv2%2Ftags&post=24278"}],"curies":[{"name":"wp","href":"https:\/\/api.w.org\/{rel}","templated":true}]}}