{"id":24281,"date":"2023-02-20T13:43:31","date_gmt":"2023-02-20T10:43:31","guid":{"rendered":"http:\/\/akdenizolaygazetesi.com\/?p=24281"},"modified":"2023-02-20T13:43:31","modified_gmt":"2023-02-20T10:43:31","slug":"akdeniz-belediye-baskani-gultak-universite-sinavina-hazirlanan-miraci-etut-merkezine-davet-etti","status":"publish","type":"post","link":"https:\/\/akdenizolaygazetesi.com\/?p=24281","title":{"rendered":"AKDEN\u0130Z BELED\u0130YE BA\u015eKANI G\u00dcLTAK, \u00dcN\u0130VERS\u0130TE SINAVINA HAZIRLANAN M\u0130RA\u00c7\u2019I ET\u00dcT MERKEZ\u0130NE DAVET ETT\u0130"},"content":{"rendered":"<p>Akdeniz Belediye Ba\u015fkan\u0131 M. Mustafa G\u00fcltak; Hatay\u2019da depremden yaral\u0131 kurtulan, tedaviden sonra \u00d6zg\u00fcrl\u00fck Mahalle K\u00fclt\u00fcr Evi\u2019nde misafir edilen lise son s\u0131n\u0131f \u00f6\u011frencisi 17 ya\u015f\u0131ndaki Mira\u00e7 \u00d6zg\u00fcn\u2019\u00fc, Akdeniz Belediyesi\u2019nin \u00f6\u011frencilere \u00fccretsiz \u00fcniversite haz\u0131rl\u0131k kursu verdi\u011fi Et\u00fct Merkezi\u2019ne davet etti.<br \/>\nKahramanmara\u015f Pazarc\u0131k ve Elbistan merkezli deprem felaketinin ard\u0131ndan afetzedelerin Mersin\u2019e g\u00f6\u00e7\u00fc s\u00fcrerken; Akdeniz Belediyesi de kente gelen deprem ma\u011fduru aileleri mahalle k\u00fclt\u00fcr ve sanat evleri ile sosyal tesislerde a\u011f\u0131rlay\u0131p ihtiya\u00e7lar\u0131n\u0131 kar\u015f\u0131lamaya devam ediyor. Bu ailelerden biri de \u00d6zg\u00fcrl\u00fck Mahalle K\u00fclt\u00fcr Evi\u2019nde konaklayan \u00d6zg\u00fcn Ailesi. Ailenin 17 ya\u015f\u0131ndaki k\u0131z\u0131 Mira\u00e7 \u00d6zg\u00fcn, Hatay\u2019\u0131n Samanda\u011f il\u00e7esinde, deprem esnas\u0131nda binalardan d\u00fc\u015fen molozlar\u0131n \u00e7arpmas\u0131 sonucu aya\u011f\u0131ndan yaraland\u0131, getirildi\u011fi Mersin \u015eehir Hastanesi\u2019nde bir hafta tedavi g\u00f6rd\u00fckten sonra taburcu oldu.<br \/>\nBa\u015fkan G\u00fcltak, \u201cHayallerinden ve hedeflerinden asla vazge\u00e7me\u201d<br \/>\nAkdeniz Belediye Ba\u015fkan\u0131 M. Mustafa G\u00fcltak, deprem sonucu yaralanan 17 ya\u015f\u0131ndaki Mira\u00e7 \u00d6zg\u00fcn\u2019\u00fc, ailesiyle birlikte misafir edildi\u011fi belediyeye ait \u00d6zg\u00fcrl\u00fck Mahalle K\u00fclt\u00fcr ve Sanat Evi\u2019nde ziyaret etti. Lise son s\u0131n\u0131f \u00f6\u011frencisi Mira\u00e7 \u00d6zg\u00fcn ile yak\u0131ndan ilgilenen Ba\u015fkan G\u00fcltak, iyile\u015ftikten sonra kendisini, gen\u00e7lere \u00fccretsiz \u00fcniversite haz\u0131rl\u0131k kursu verilen Akdeniz Belediyesi Et\u00fct Merkezi\u2019ne davet etti. Ba\u015fkan G\u00fcltak; \u201cEt\u00fct Merkezimizde verilen kurslar sayesinde onlarca gencimiz hayalini kurduklar\u0131 \u00fcniversiteleri ve b\u00f6l\u00fcmleri kazand\u0131. Sen de hayallerinden ve hedeflerinden asla vazge\u00e7me. Bu zorlu g\u00fcnler elbet bir g\u00fcn gelir ge\u00e7er. \u0130yile\u015ftikten sonra e\u011fer Mersin\u2019de kal\u0131rsan\u0131z, Et\u00fct Merkezi\u2019nde seni g\u00f6rmekten mutluluk duyar\u0131z\u201d dedi.<br \/>\nMira\u00e7 \u00d6zg\u00fcn; \u201cBa\u015fkan\u0131m\u0131z bana moral verdi, et\u00fct merkezine davet etti\u201d<br \/>\nYa\u015fad\u0131klar\u0131n\u0131 anlatan Mira\u00e7 \u00d6zg\u00fcn, hastanede 6 g\u00fcn boyunca tedavi g\u00f6rd\u00fc\u011f\u00fcn\u00fc, ard\u0131ndan da ailesiyle birlikte Akdeniz Belediyesi\u2019ne ait Mahalle K\u00fclt\u00fcr Evi\u2019nde misafir edildiklerini s\u00f6yledi. Doktorlar\u0131n takibinde oldu\u011funu ve ara s\u0131ra gelip aya\u011f\u0131n\u0131 kontrol ettiklerini ifade eden Mira\u00e7 \u00d6zg\u00fcn; \u201c\u015eimdi biraz daha iyiyim. Allah hepsinden raz\u0131 olsun, \u00e7ok te\u015fekk\u00fcr ederiz. Bize kucak a\u00e7t\u0131lar, ba\u015f\u0131m\u0131z\u0131 sokabilece\u011fimiz bir yuva verdiler. Akdeniz Belediye Ba\u015fkan\u0131m\u0131za da ayr\u0131ca te\u015fekk\u00fcr ediyorum. Yan\u0131ma geldi, et\u00fct merkezinde ders \u00e7al\u0131\u015fabilme imk\u00e2n\u0131 sundu. Hedeflerime ula\u015fabilece\u011fimi, bunun i\u00e7in de elinden geleni yapaca\u011f\u0131n\u0131 s\u00f6yleyip bana moral verdi. Ba\u015fkan\u0131m\u0131za \u00e7ok te\u015fekk\u00fcr ediyorum\u201d diye konu\u015ftu. <\/p>\n","protected":false},"excerpt":{"rendered":"<p>Akdeniz Belediye Ba\u015fkan\u0131 M. Mustafa G\u00fcltak; Hatay\u2019da depremden yaral\u0131 kurtulan, tedaviden sonra \u00d6zg\u00fcrl\u00fck Mahalle K\u00fclt\u00fcr Evi\u2019nde misafir edilen lise son s\u0131n\u0131f \u00f6\u011frencisi 17 ya\u015f\u0131ndaki Mira\u00e7 \u00d6zg\u00fcn\u2019\u00fc, Akdeniz Belediyesi\u2019nin \u00f6\u011frencilere \u00fccretsiz &hellip; <a href=\"https:\/\/akdenizolaygazetesi.com\/?p=24281\" class=\"more-link\">Devam\u0131n\u0131 Oku&#8230;<\/a><\/p>\n","protected":false},"author":2,"featured_media":24282,"comment_status":"open","ping_status":"open","sticky":false,"template":"","format":"standard","meta":[],"categories":[1,3,5],"tags":[],"_links":{"self":[{"href":"https:\/\/akdenizolaygazetesi.com\/index.php?rest_route=\/wp\/v2\/posts\/24281"}],"collection":[{"href":"https:\/\/akdenizolaygazetesi.com\/index.php?rest_route=\/wp\/v2\/posts"}],"about":[{"href":"https:\/\/akdenizolaygazetesi.com\/index.php?rest_route=\/wp\/v2\/types\/post"}],"author":[{"embeddable":true,"href":"https:\/\/akdenizolaygazetesi.com\/index.php?rest_route=\/wp\/v2\/users\/2"}],"replies":[{"embeddable":true,"href":"https:\/\/akdenizolaygazetesi.com\/index.php?rest_route=%2Fwp%2Fv2%2Fcomments&post=24281"}],"version-history":[{"count":1,"href":"https:\/\/akdenizolaygazetesi.com\/index.php?rest_route=\/wp\/v2\/posts\/24281\/revisions"}],"predecessor-version":[{"id":24283,"href":"https:\/\/akdenizolaygazetesi.com\/index.php?rest_route=\/wp\/v2\/posts\/24281\/revisions\/24283"}],"wp:featuredmedia":[{"embeddable":true,"href":"https:\/\/akdenizolaygazetesi.com\/index.php?rest_route=\/wp\/v2\/media\/24282"}],"wp:attachment":[{"href":"https:\/\/akdenizolaygazetesi.com\/index.php?rest_route=%2Fwp%2Fv2%2Fmedia&parent=24281"}],"wp:term":[{"taxonomy":"category","embeddable":true,"href":"https:\/\/akdenizolaygazetesi.com\/index.php?rest_route=%2Fwp%2Fv2%2Fcategories&post=24281"},{"taxonomy":"post_tag","embeddable":true,"href":"https:\/\/akdenizolaygazetesi.com\/index.php?rest_route=%2Fwp%2Fv2%2Ftags&post=24281"}],"curies":[{"name":"wp","href":"https:\/\/api.w.org\/{rel}","templated":true}]}}