{"id":24284,"date":"2023-02-20T13:45:42","date_gmt":"2023-02-20T10:45:42","guid":{"rendered":"http:\/\/akdenizolaygazetesi.com\/?p=24284"},"modified":"2023-02-20T13:45:42","modified_gmt":"2023-02-20T10:45:42","slug":"kira-fiyatlarindaki-fahis-fiyat-artislari-konusunda-ne-tur-onlemler-alinacaktir","status":"publish","type":"post","link":"https:\/\/akdenizolaygazetesi.com\/?p=24284","title":{"rendered":"&#8220;Kira fiyatlar\u0131ndaki fahi\u015f fiyat art\u0131\u015flar\u0131 konusunda ne t\u00fcr \u00f6nlemler al\u0131nacakt\u0131r?&#8221;"},"content":{"rendered":"<p>Mara\u015f merkezli depremin ard\u0131ndan t\u00fcm \u00fclkeyi ba\u015flayan b\u00fcy\u00fck g\u00f6\u00e7 dalgas\u0131n\u0131n ba\u015f\u0131nda gelen illerden olan Mersin&#8217;e \u015fu ana kadar 400 bin insan g\u00f6\u00e7 etti. Kira fiyatlar\u0131nda fahi\u015f \u015fekilde art\u0131\u015flar ya\u015fan\u0131rken, g\u0131da ve giyinme krizleri gibi yeni problemler de ya\u015fanmaya ba\u015flad\u0131. \u00c7ok b\u00fcy\u00fck bir konut krizinin kap\u0131da oldu\u011fu belirtiliyor.<\/p>\n<p>CHP Mersin Milletvekili Alpay Antmen konuyu TBMM G\u00fcndemine ta\u015f\u0131d\u0131. Cumhurba\u015fkan\u0131 Yard\u0131mc\u0131s\u0131 Fuat Oktay taraf\u0131ndan yan\u0131tlanmas\u0131 i\u00e7in verdi\u011fi soru \u00f6nergesinde Mersin&#8217;in deprem b\u00f6lgesine en yak\u0131n il olmas\u0131 yan\u0131nda, depremin ya\u015fand\u0131\u011f\u0131 on ilde ya\u015fayan vatanda\u015flar\u0131n akrabalar\u0131n\u0131n Mersin&#8217;de yo\u011fun olarak ikamet etti\u011fini belirterek &#8220;Deprem felaketi ve deprem sonras\u0131 bar\u0131nma, ya\u015fama ve ia\u015fe nedenleriyle depremzedelerin ak\u0131n etti\u011fi en yo\u011fun \u0130l Mersin olmu\u015ftur. Mersin deprem b\u00f6lgesinden gelen t\u00fcm depremzede vatanda\u015flar\u0131m\u0131za kucak a\u00e7m\u0131\u015ft\u0131r ve sonuna kadar da kucak a\u00e7maya devam edecektir. Ancak Mersin bir sosyal afet b\u00f6lgesi oldu&#8221; dedi.<\/p>\n<p>Mersin&#8217;de bar\u0131nmay\u0131 se\u00e7en depremzedelerin say\u0131s\u0131n\u0131n, yap\u0131lan kay\u0131tlar ve su t\u00fcketim art\u0131\u015f\u0131 hesaplamalar\u0131yla bug\u00fcn i\u00e7in en az\u0131ndan 400.000 ki\u015fi olarak tahmin edildi\u011fini ifade eden Antmen &#8220;Deprem yaralar\u0131n\u0131n sar\u0131lmas\u0131yla depremzede vatanda\u015flar\u0131m\u0131z\u0131n kendi \u0130llerine geri d\u00f6nmesi s\u00f6z konusu olabilecekse de bu s\u00fcrenin en az 1 y\u0131l\u0131 a\u015faca\u011f\u0131 ve daha da \u00f6nemlisi Mersin \u0130line gelen depremzedelerin en az %75&#8217;inin Mersin&#8217;de kal\u0131c\u0131 olarak ikamet edebilece\u011fi tahmin edilmektedir&#8221; ifadelerini kulland\u0131.<\/p>\n<p>Alpay Antmen \u00f6nergesinde &#8220;Mersin B\u00fcy\u00fck\u015fehir Belediyesi ve \u0130l\u00e7e Belediyeleri ile Mersin Halk\u0131 var g\u00fc\u00e7leri ile depremzede vatanda\u015flar\u0131m\u0131za maddi ve manevi olarak destek olmakta ise de, Mersin B\u00fcy\u00fck\u015fehir Belediyesi ve \u0130l\u00e7e Belediyelerinin gelirleri ve 5779 Say\u0131l\u0131 Yasa gere\u011fince \u0130ller Bankas\u0131 taraf\u0131ndan kendilerine g\u00f6nderilen paylar deprem \u00f6nceki n\u00fcfus nazara al\u0131narak tayin ve tespit olundu\u011fundan a\u015fa\u011f\u0131da arz edilecek sorunlar\u0131n Merkezi Y\u00f6netim taraf\u0131ndan \u00e7\u00f6z\u00fclmesi ve desteklenmesi hayati \u00f6nem ta\u015f\u0131maktad\u0131r&#8221; dedi.<\/p>\n<p>CHP&#8217;li Vekilin \u00f6nergesinde yer alan sorular \u015fu \u015fekilde;<\/p>\n<p>&#8211; Afet sonras\u0131 gelen g\u00f6\u00e7 dalgas\u0131na haz\u0131rl\u0131ks\u0131z olan Mersin&#8217;nin altyap\u0131, bar\u0131nma gibi olanaklar\u0131n da yetersiz kalmas\u0131yla bir &#8220;sosyal afet&#8221; b\u00f6lgesine d\u00f6n\u00fc\u015fmesi nedeni ile Mersin&#8217;e  &#8220;\u00d6zel Bir Destek verilmesi ya da \u00d6zel Bir Stat\u00fc Kapsam\u0131na al\u0131nmas\u0131n\u0131 d\u00fc\u015f\u00fcn\u00fcyor musunuz?<\/p>\n<p>&#8211; Deprem sonras\u0131nda Depremzedelerin yerle\u015fti\u011fi kentlerimizdeki kira fiyatlar\u0131ndaki fahi\u015f fiyat art\u0131\u015flar\u0131 konusunda ne t\u00fcr \u00f6nlemler al\u0131nacakt\u0131r?<\/p>\n<p>&#8211; Depremzedelere kap\u0131lar\u0131n\u0131 a\u00e7an otel, \u00f6zel tesis vb. bar\u0131nma yerlerinin personel, elektrik, su faturas\u0131 gibi giderlerinin kar\u015f\u0131lanmas\u0131 ve oralarda konaklamak zorunda kalan depremzedelerin temel ihtiya\u00e7lar\u0131n\u0131 kar\u015f\u0131lamayla ilgili ad\u0131m atacak m\u0131s\u0131n\u0131z?<\/p>\n<p>&#8211; Deprem b\u00f6lgelerinden di\u011fer kentlerimize gelen misafir vatanda\u015flar\u0131m\u0131z\u0131n kendi ya\u015fam alanlar\u0131na geri d\u00f6n\u00fc\u015f\u00fc konusunda neler yapmay\u0131 d\u00fc\u015f\u00fcn\u00fcyorsunuz?<\/p>\n<p>&#8211; Mersin \u0130limizde \u015fu an ikamet etmek zorunda olan 400.000 civar\u0131ndaki depremzede vatanda\u015f\u0131m\u0131z\u0131n bar\u0131nma, giyim, g\u0131da, e\u011fitim, sa\u011fl\u0131k, ula\u015f\u0131m, istihdam ve benzeri ihtiya\u00e7lar\u0131 konusunda Mersin B\u00fcy\u00fck\u015fehir Belediyesi ve \u0130l\u00e7e Belediyelerine herhangi bir yard\u0131mda bulunmay\u0131 d\u00fc\u015f\u00fcn\u00fcyor musunuz?<\/p>\n<p>&#8211; Mersin \u0130limizde \u015fu an ikamet etmek zorunda olan 400.000 civar\u0131ndaki depremzede vatanda\u015f\u0131m\u0131z\u0131n bar\u0131nma, giyim, g\u0131da, e\u011fitim, sa\u011fl\u0131k, ula\u015f\u0131m, istihdam ve benzeri ihtiya\u00e7lar\u0131 konusunda ne gibi \u00f6nlemler almay\u0131 d\u00fc\u015f\u00fcn\u00fcyorsunuz?<\/p>\n<p>&#8211; Mersin \u0130limizde \u015fu an ikamet etmek zorunda olan 400.000 civar\u0131ndaki depremzede vatanda\u015f\u0131m\u0131z nedeni ile Mersin&#8217;in ihtiya\u00e7 duydu\u011fu altyap\u0131, konut, e\u011fitim, sa\u011fl\u0131k, ula\u015f\u0131m, istihdam ve benzeri yat\u0131r\u0131mlar konusunda acilen ne yapmay\u0131 d\u00fc\u015f\u00fcn\u00fcyorsunuz?<\/p>\n<p>&#8211; Depremzede vatanda\u015flar\u0131m\u0131zdan Mersin&#8217;de kal\u0131c\u0131 ikamet edecek olanlar Mersin&#8217;in ihtiya\u00e7 duydu\u011fu altyap\u0131, konut, e\u011fitim, sa\u011fl\u0131k, ula\u015f\u0131m, istihdam ve benzeri yat\u0131r\u0131mlar konusunda acilen ne yapmay\u0131 d\u00fc\u015f\u00fcn\u00fcyorsunuz?<\/p>\n<p>&#8211; Mevcut durumda Mersin&#8217;de bulunan 400.000 misafir vatanda\u015flar\u0131m\u0131z nedeni ile ve ilerde  Depremzede vatanda\u015flar\u0131m\u0131zdan Mersin&#8217;de kal\u0131c\u0131 ikamet edecek olanlar olaca\u011f\u0131ndan   Mersin&#8217;e 5779 Say\u0131l\u0131 Kanun kapsam\u0131nda \u0130ller Bankas\u0131ndan yap\u0131lan \u00f6demelerin art\u0131r\u0131lmas\u0131 konusunda harekete ge\u00e7ilecek midir?<\/p>\n<p>&#8211; Mersin&#8217;de devam eden ve fakat tamamlanmayan yat\u0131r\u0131mlar ile yap\u0131lmas\u0131 elzem olan yat\u0131r\u0131mlardan Mersin Metrosu, \u00c7e\u015fmeli Ta\u015fucu Otoyolu,  Anamur T\u00fcnelleri, Pamukluk Baraj\u0131, \u00c7ukurova Havaalan\u0131 i\u015flerine ne zaman ba\u015flamay\u0131 ve devam edenleri ne zaman tamamlamay\u0131 d\u00fc\u015f\u00fcn\u00fcyorsunuz?<\/p>\n","protected":false},"excerpt":{"rendered":"<p>Mara\u015f merkezli depremin ard\u0131ndan t\u00fcm \u00fclkeyi ba\u015flayan b\u00fcy\u00fck g\u00f6\u00e7 dalgas\u0131n\u0131n ba\u015f\u0131nda gelen illerden olan Mersin&#8217;e \u015fu ana kadar 400 bin insan g\u00f6\u00e7 etti. Kira fiyatlar\u0131nda fahi\u015f \u015fekilde art\u0131\u015flar ya\u015fan\u0131rken, g\u0131da &hellip; <a href=\"https:\/\/akdenizolaygazetesi.com\/?p=24284\" class=\"more-link\">Devam\u0131n\u0131 Oku&#8230;<\/a><\/p>\n","protected":false},"author":2,"featured_media":24285,"comment_status":"open","ping_status":"open","sticky":false,"template":"","format":"standard","meta":[],"categories":[8,3,5,6],"tags":[],"_links":{"self":[{"href":"https:\/\/akdenizolaygazetesi.com\/index.php?rest_route=\/wp\/v2\/posts\/24284"}],"collection":[{"href":"https:\/\/akdenizolaygazetesi.com\/index.php?rest_route=\/wp\/v2\/posts"}],"about":[{"href":"https:\/\/akdenizolaygazetesi.com\/index.php?rest_route=\/wp\/v2\/types\/post"}],"author":[{"embeddable":true,"href":"https:\/\/akdenizolaygazetesi.com\/index.php?rest_route=\/wp\/v2\/users\/2"}],"replies":[{"embeddable":true,"href":"https:\/\/akdenizolaygazetesi.com\/index.php?rest_route=%2Fwp%2Fv2%2Fcomments&post=24284"}],"version-history":[{"count":1,"href":"https:\/\/akdenizolaygazetesi.com\/index.php?rest_route=\/wp\/v2\/posts\/24284\/revisions"}],"predecessor-version":[{"id":24286,"href":"https:\/\/akdenizolaygazetesi.com\/index.php?rest_route=\/wp\/v2\/posts\/24284\/revisions\/24286"}],"wp:featuredmedia":[{"embeddable":true,"href":"https:\/\/akdenizolaygazetesi.com\/index.php?rest_route=\/wp\/v2\/media\/24285"}],"wp:attachment":[{"href":"https:\/\/akdenizolaygazetesi.com\/index.php?rest_route=%2Fwp%2Fv2%2Fmedia&parent=24284"}],"wp:term":[{"taxonomy":"category","embeddable":true,"href":"https:\/\/akdenizolaygazetesi.com\/index.php?rest_route=%2Fwp%2Fv2%2Fcategories&post=24284"},{"taxonomy":"post_tag","embeddable":true,"href":"https:\/\/akdenizolaygazetesi.com\/index.php?rest_route=%2Fwp%2Fv2%2Ftags&post=24284"}],"curies":[{"name":"wp","href":"https:\/\/api.w.org\/{rel}","templated":true}]}}