{"id":24287,"date":"2023-02-20T13:47:24","date_gmt":"2023-02-20T10:47:24","guid":{"rendered":"http:\/\/akdenizolaygazetesi.com\/?p=24287"},"modified":"2023-02-20T13:47:24","modified_gmt":"2023-02-20T10:47:24","slug":"pazarciktaki-yardim-calismalari-neden-engellenmeye-calisilmaktadir","status":"publish","type":"post","link":"https:\/\/akdenizolaygazetesi.com\/?p=24287","title":{"rendered":"&#8220;Pazarc\u0131k\u2019taki yard\u0131m \u00e7al\u0131\u015fmalar\u0131 neden engellenmeye \u00e7al\u0131\u015f\u0131lmaktad\u0131r?&#8221;"},"content":{"rendered":"<p>HDP Mersin Milletvekili, Ekonomi ve Tar\u0131m Politikalar\u0131ndan Sorumlu E\u015f Genel Ba\u015fkan Yard\u0131mc\u0131s\u0131 Dr. R\u0131dvan, 6 \u015eubat 2023\u2019de meydana gelen depremin ard\u0131ndan HDP\u2019nin Mara\u015f\u2019\u0131n Pazarc\u0131k il\u00e7esindeki kriz koordinasyon merkezine kayy\u0131m atanmas\u0131n\u0131 ve gelen yard\u0131mlara el konulmas\u0131n\u0131   TBMM g\u00fcndemine ta\u015f\u0131d\u0131.<br \/>\nHDP Mersin Milletvekili Dr. R\u0131dvan Turan, konuyla ilgili \u0130\u00e7i\u015fleri Bakan\u0131 S\u00fcleyman Soylu\u2019nun yan\u0131tlamas\u0131 i\u00e7in soru \u00f6nergesi verdi.<br \/>\nDr. R\u0131dvan Turan soru \u00f6nergesinde \u015funlar\u0131 s\u00f6yledi:\u201d Kahramanmara\u015f&#8217;ta 6 \u015eubat 2023\u2019de meydana gelen 7,7 b\u00fcy\u00fckl\u00fc\u011f\u00fcndeki ilk depremin ard\u0131ndan depreminin merkez \u00fcss\u00fc olan Mara\u015f&#8217;\u0131n Pazarc\u0131k il\u00e7esinde Hasankoca K\u00f6y\u00fc\u2019nde, HDP y\u00f6re dernekleriyle depremzedeler i\u00e7in yard\u0131mlar toplad\u0131\u011f\u0131 bir Kriz Koordinasyon Merkezi olu\u015fturmu\u015ftu. HDP&#8217;lilerin yard\u0131m toplamak ve da\u011f\u0131tmak amac\u0131yla kulland\u0131\u011f\u0131 K\u00f6y Evi&#8217;ne Kaymakam Mustafa Hamit K\u0131y\u0131c\u0131, jandarma ile birlikte 15 \u015eubat 2023\u2019de m\u00fcdahale etti. Ayn\u0131 zamanda taziye evi olarak kullan\u0131lan binada yard\u0131m \u00e7al\u0131\u015fmalar\u0131n\u0131 organize eden bir ki\u015fi kaymakam\u0131n buraya &#8220;kayy\u0131m atad\u0131\u011f\u0131n\u0131&#8221; s\u00f6yledi. Kaymakam K\u0131y\u0131c\u0131, &#8220;Devlette hiyerar\u015fi olmazsa olmaz. Do\u011fru ya da yanl\u0131\u015fla ilgili bir \u015fey demiyorum ama el koyma yetkimiz var&#8221; diye konu\u015ftu. \u0130ddiaya g\u00f6re Pazarc\u0131k Kaymakam\u0131 m\u00fclki amirlerle birlikte Kriz Koordinasyon Merkezindeki binay\u0131 ve yard\u0131mlar\u0131n topland\u0131\u011f\u0131 depoyu basarak orada \u00e7al\u0131\u015fma y\u00fcr\u00fcten insanlara \u201cburay\u0131 bize teslim edeceksiniz malzemeleri bizler da\u011f\u0131taca\u011f\u0131z yoksa hepinizi g\u00f6zalt\u0131na alaca\u011f\u0131z\u201d diye tehdit etmi\u015ftir.<br \/>\nDaha \u00f6nce de A\u011fr\u0131\u2019da HDP\u2019li Patnos belediyesinin deprem b\u00f6lgesine ula\u015ft\u0131rmaya \u00e7al\u0131\u015ft\u0131\u011f\u0131 yard\u0131m arac\u0131na kaymakaml\u0131k\u00e7a el koyulmu\u015ftu. Di\u011fer yandan Siirt ve Batman\u2019dan gelen i\u00e7erisinde odun, k\u00f6m\u00fcr ve yakacak olan TIR\u2019lar engellenmi\u015f ve AFAD bunlara el koymu\u015ftu. Ayn\u0131 \u015fekilde Antep\u2019e giden TIR\u2019lar da AFAD taraf\u0131ndan durdurulmu\u015f ve AFAD  bu yard\u0131m malzemelerine  el koymu\u015ftu.\u201d<br \/>\nDr. R\u0131dvan Turan \u00f6nergesinde \u015fu sorulara yer verdi:<br \/>\n1. Mara\u015f\u2019\u0131n Pazarc\u0131k il\u00e7esi 10 g\u00fcnd\u00fcr HDP\u2019nin ve y\u00f6re derneklerinin dayan\u0131\u015fmas\u0131 ile ayakta durmas\u0131na ve dondurucu so\u011fukta, zor ko\u015fullarda bir\u00e7ok insan\u0131n yard\u0131ma ko\u015fmas\u0131na ra\u011fmen Bakanl\u0131\u011f\u0131n\u0131z neden Pazarc\u0131k\u2019a kayy\u0131m atamaktad\u0131r?<br \/>\n2. Pazarc\u0131k\u2019taki yard\u0131m \u00e7al\u0131\u015fmalar\u0131 neden engellenmeye \u00e7al\u0131\u015f\u0131lmaktad\u0131r?<br \/>\n3. A\u011fr\u0131\u2019da HDP\u2019li Patnos belediyesinin deprem b\u00f6lgesine ula\u015ft\u0131rmaya \u00e7al\u0131\u015ft\u0131\u011f\u0131 yard\u0131m arac\u0131na kaymakaml\u0131k\u00e7a el koyulmas\u0131n\u0131n sebebi nedir?<br \/>\n4. Siirt ve Batman\u2019dan gelen i\u00e7erisinde odun, k\u00f6m\u00fcr ve yakacak olan TIR\u2019lar ve Antep\u2019e giden T\u0131rlar neden engellenmi\u015f ve hangi yetkiyle AFAD bu yard\u0131m malzemelerine el koymu\u015ftur?<\/p>\n","protected":false},"excerpt":{"rendered":"<p>HDP Mersin Milletvekili, Ekonomi ve Tar\u0131m Politikalar\u0131ndan Sorumlu E\u015f Genel Ba\u015fkan Yard\u0131mc\u0131s\u0131 Dr. R\u0131dvan, 6 \u015eubat 2023\u2019de meydana gelen depremin ard\u0131ndan HDP\u2019nin Mara\u015f\u2019\u0131n Pazarc\u0131k il\u00e7esindeki kriz koordinasyon merkezine kayy\u0131m atanmas\u0131n\u0131 &hellip; <a href=\"https:\/\/akdenizolaygazetesi.com\/?p=24287\" class=\"more-link\">Devam\u0131n\u0131 Oku&#8230;<\/a><\/p>\n","protected":false},"author":2,"featured_media":24288,"comment_status":"open","ping_status":"open","sticky":false,"template":"","format":"standard","meta":[],"categories":[3,6],"tags":[],"_links":{"self":[{"href":"https:\/\/akdenizolaygazetesi.com\/index.php?rest_route=\/wp\/v2\/posts\/24287"}],"collection":[{"href":"https:\/\/akdenizolaygazetesi.com\/index.php?rest_route=\/wp\/v2\/posts"}],"about":[{"href":"https:\/\/akdenizolaygazetesi.com\/index.php?rest_route=\/wp\/v2\/types\/post"}],"author":[{"embeddable":true,"href":"https:\/\/akdenizolaygazetesi.com\/index.php?rest_route=\/wp\/v2\/users\/2"}],"replies":[{"embeddable":true,"href":"https:\/\/akdenizolaygazetesi.com\/index.php?rest_route=%2Fwp%2Fv2%2Fcomments&post=24287"}],"version-history":[{"count":1,"href":"https:\/\/akdenizolaygazetesi.com\/index.php?rest_route=\/wp\/v2\/posts\/24287\/revisions"}],"predecessor-version":[{"id":24289,"href":"https:\/\/akdenizolaygazetesi.com\/index.php?rest_route=\/wp\/v2\/posts\/24287\/revisions\/24289"}],"wp:featuredmedia":[{"embeddable":true,"href":"https:\/\/akdenizolaygazetesi.com\/index.php?rest_route=\/wp\/v2\/media\/24288"}],"wp:attachment":[{"href":"https:\/\/akdenizolaygazetesi.com\/index.php?rest_route=%2Fwp%2Fv2%2Fmedia&parent=24287"}],"wp:term":[{"taxonomy":"category","embeddable":true,"href":"https:\/\/akdenizolaygazetesi.com\/index.php?rest_route=%2Fwp%2Fv2%2Fcategories&post=24287"},{"taxonomy":"post_tag","embeddable":true,"href":"https:\/\/akdenizolaygazetesi.com\/index.php?rest_route=%2Fwp%2Fv2%2Ftags&post=24287"}],"curies":[{"name":"wp","href":"https:\/\/api.w.org\/{rel}","templated":true}]}}