{"id":24292,"date":"2023-02-20T16:28:56","date_gmt":"2023-02-20T13:28:56","guid":{"rendered":"http:\/\/akdenizolaygazetesi.com\/?p=24292"},"modified":"2023-02-20T16:28:56","modified_gmt":"2023-02-20T13:28:56","slug":"toroslar-belediyesinin-ambulansi-ve-saglik-ekibi-7-24-depremzedelerin-hizmetinde","status":"publish","type":"post","link":"https:\/\/akdenizolaygazetesi.com\/?p=24292","title":{"rendered":"TOROSLAR BELED\u0130YES\u0130N\u0130N AMBULANSI VE SA\u011eLIK EK\u0130B\u0130, 7\/24 DEPREMZEDELER\u0130N H\u0130ZMET\u0130NDE"},"content":{"rendered":"<p>Deprem b\u00f6lgesinden Mersin&#8217;e gelen yaral\u0131 depremzedeler i\u00e7in ambulans ve sa\u011fl\u0131k ekibi deste\u011fi veren Mersin&#8217;in merkez il\u00e7esi Toroslar Belediyesi, il\u00e7eye yerle\u015fen vatanda\u015flar\u0131n da sa\u011fl\u0131k kontrollerini d\u00fczenli olarak ger\u00e7ekle\u015ftiriyor.<\/p>\n<p>Kahramanmara\u015f merkezli depremlerin ard\u0131ndan Toroslar Belediyesi, t\u00fcm imkanlar\u0131yla depremzedelerin yan\u0131nda yer ald\u0131.<\/p>\n<p>Belediye Sa\u011fl\u0131k \u0130\u015fleri M\u00fcd\u00fcrl\u00fc\u011f\u00fc, sa\u011fl\u0131k ekibi ve hasta nakil ambulans\u0131yla enkazdan \u00e7\u0131kar\u0131lan vatanda\u015flar\u0131n hastanelere naklini ba\u015far\u0131l\u0131 bir \u015fekilde ger\u00e7ekle\u015ftirdi. \u0130l\u00e7ede konaklayan depremzedelere ise 7\/24 sa\u011fl\u0131k hizmeti sunuluyor.<\/p>\n<p>&#8220;T\u00fcm G\u00fcc\u00fcm\u00fczle Depremzede Karde\u015flerimizin Yan\u0131nday\u0131z&#8221;<\/p>\n<p>Toroslar Belediye Ba\u015fkan\u0131 Ats\u0131z Af\u015f\u0131n Y\u0131lmaz, Toroslar Belediyesinin ve Toroslar halk\u0131n\u0131n depremzedeler i\u00e7in seferber oldu\u011funu s\u00f6yleyerek; &#8220;Cumhuriyet tarihinin en b\u00fcy\u00fck afetini ya\u015fad\u0131k. Depremde hayat\u0131n\u0131 kaybeden vatanda\u015flar\u0131m\u0131za bir kez daha Allah&#8217;tan rahmet, yaral\u0131lar\u0131m\u0131za acil \u015fifalar diliyorum. Toroslar Belediyesi olarak t\u00fcm ekip ve ekipmanlar\u0131m\u0131zla vatanda\u015flar\u0131m\u0131z\u0131n yan\u0131nday\u0131z. Depremzede karde\u015flerimizin yaralar\u0131n\u0131 sarmak i\u00e7in deste\u011fimizi s\u00fcrd\u00fcrece\u011fiz. Depremin hemen ard\u0131ndan ba\u015flatt\u0131\u011f\u0131m\u0131z yard\u0131m kampanyam\u0131za destek veren t\u00fcm hem\u015fehrilerimize de g\u00f6n\u00fclden te\u015fekk\u00fcr ediyorum. Bu zor g\u00fcnleri, hep beraber dayan\u0131\u015fma i\u00e7inde atlataca\u011f\u0131z&#8221; ifadelerini kulland\u0131.<\/p>\n","protected":false},"excerpt":{"rendered":"<p>Deprem b\u00f6lgesinden Mersin&#8217;e gelen yaral\u0131 depremzedeler i\u00e7in ambulans ve sa\u011fl\u0131k ekibi deste\u011fi veren Mersin&#8217;in merkez il\u00e7esi Toroslar Belediyesi, il\u00e7eye yerle\u015fen vatanda\u015flar\u0131n da sa\u011fl\u0131k kontrollerini d\u00fczenli olarak ger\u00e7ekle\u015ftiriyor. Kahramanmara\u015f merkezli depremlerin &hellip; <a href=\"https:\/\/akdenizolaygazetesi.com\/?p=24292\" class=\"more-link\">Devam\u0131n\u0131 Oku&#8230;<\/a><\/p>\n","protected":false},"author":2,"featured_media":24293,"comment_status":"open","ping_status":"open","sticky":false,"template":"","format":"standard","meta":[],"categories":[2,3,9],"tags":[],"_links":{"self":[{"href":"https:\/\/akdenizolaygazetesi.com\/index.php?rest_route=\/wp\/v2\/posts\/24292"}],"collection":[{"href":"https:\/\/akdenizolaygazetesi.com\/index.php?rest_route=\/wp\/v2\/posts"}],"about":[{"href":"https:\/\/akdenizolaygazetesi.com\/index.php?rest_route=\/wp\/v2\/types\/post"}],"author":[{"embeddable":true,"href":"https:\/\/akdenizolaygazetesi.com\/index.php?rest_route=\/wp\/v2\/users\/2"}],"replies":[{"embeddable":true,"href":"https:\/\/akdenizolaygazetesi.com\/index.php?rest_route=%2Fwp%2Fv2%2Fcomments&post=24292"}],"version-history":[{"count":1,"href":"https:\/\/akdenizolaygazetesi.com\/index.php?rest_route=\/wp\/v2\/posts\/24292\/revisions"}],"predecessor-version":[{"id":24294,"href":"https:\/\/akdenizolaygazetesi.com\/index.php?rest_route=\/wp\/v2\/posts\/24292\/revisions\/24294"}],"wp:featuredmedia":[{"embeddable":true,"href":"https:\/\/akdenizolaygazetesi.com\/index.php?rest_route=\/wp\/v2\/media\/24293"}],"wp:attachment":[{"href":"https:\/\/akdenizolaygazetesi.com\/index.php?rest_route=%2Fwp%2Fv2%2Fmedia&parent=24292"}],"wp:term":[{"taxonomy":"category","embeddable":true,"href":"https:\/\/akdenizolaygazetesi.com\/index.php?rest_route=%2Fwp%2Fv2%2Fcategories&post=24292"},{"taxonomy":"post_tag","embeddable":true,"href":"https:\/\/akdenizolaygazetesi.com\/index.php?rest_route=%2Fwp%2Fv2%2Ftags&post=24292"}],"curies":[{"name":"wp","href":"https:\/\/api.w.org\/{rel}","templated":true}]}}