{"id":24302,"date":"2023-02-21T13:12:52","date_gmt":"2023-02-21T10:12:52","guid":{"rendered":"http:\/\/akdenizolaygazetesi.com\/?p=24302"},"modified":"2023-02-21T13:12:52","modified_gmt":"2023-02-21T10:12:52","slug":"buyuksehir-belediyesi-yenilenen-istiklal-caddesinin-ilk-etabini-yaya-ve-arac-trafigine-acti","status":"publish","type":"post","link":"https:\/\/akdenizolaygazetesi.com\/?p=24302","title":{"rendered":"B\u00dcY\u00dcK\u015eEH\u0130R BELED\u0130YES\u0130, YEN\u0130LENEN \u0130ST\u0130KLAL CADDES\u0130&#8217;N\u0130N \u0130LK ETABINI YAYA VE ARA\u00c7 TRAF\u0130\u011e\u0130NE A\u00c7TI"},"content":{"rendered":"<p>Mersin B\u00fcy\u00fck\u015fehir Belediyesi yenileme \u00e7al\u0131\u015fmalar\u0131 tamamlanan \u0130stiklal Caddesi&#8217;nin ilk etab\u0131n\u0131 yaya ve ara\u00e7lar\u0131n kullan\u0131m\u0131na a\u00e7t\u0131. Yaya, bisiklet ve ara\u00e7 trafi\u011fini rahatlatmas\u0131n\u0131n yan\u0131 s\u0131ra \u00e7ar\u015f\u0131 merkezinin hareketlenmesine katk\u0131 sunmas\u0131 hedeflenen \u00e7al\u0131\u015fmalar esnaf ve vatanda\u015flardan tam not ald\u0131.<\/p>\n<p>\u0130stiklal Caddesi Yenileme \u00c7al\u0131\u015fmalar\u0131 hakk\u0131nda bilgi veren Et\u00fct ve Projeler Daire Ba\u015fkanl\u0131\u011f\u0131 Mimarlar\u0131ndan \u015eeyma Kaymaz, Tren Gar\u0131&#8217;ndan Kuvayi Milliye Caddesi&#8217;ne kadar olan 1.etab\u0131n altyap\u0131, asfalt ve kent mobilyalar\u0131 yenilemelerinin tamamland\u0131\u011f\u0131n\u0131 belirterek &#8220;Bu projeye \u00f6ncelikli olarak ya\u011fmur suyu hatt\u0131 yenilemesi ile altyap\u0131 \u00e7al\u0131\u015fmalar\u0131yla ba\u015flad\u0131k. Ard\u0131ndan yayalar\u0131n daha konforlu hareket edebilmesi i\u00e7in kald\u0131r\u0131mlar\u0131 geni\u015flettik. Yayalar\u0131n yine dinlenebilece\u011fi oturma birimleri, ye\u015fil alanlar, var olan mevcut a\u011fa\u00e7lar\u0131 koruyarak ayn\u0131 zamanda a\u011fa\u00e7 say\u0131s\u0131n\u0131 da artt\u0131rarak Mersin \u015fartlar\u0131na uygun daha kaliteli alanlar yaratmaya \u00e7al\u0131\u015ft\u0131k. Bunun yan\u0131nda kent mobilyalar\u0131n\u0131n ayd\u0131nlatma elemanlar\u0131n\u0131 yeniledik&#8221; dedi.<\/p>\n<p>&#8220;As\u0131l ama\u00e7 \u0130stiklal Caddesi&#8217;nin yenilenerek eski \u00f6nemine kavu\u015fmas\u0131n\u0131 sa\u011flamak&#8221;<\/p>\n<p>Projenin as\u0131l amac\u0131n\u0131n kent belle\u011finde \u00f6nemli bir yeri olan \u0130stiklal Caddesi&#8217;nin yenilenerek eski \u00f6nemine kavu\u015fmas\u0131n\u0131 sa\u011flamak oldu\u011funu belirten Kaymaz &#8220;Buras\u0131 bildi\u011fimiz kadar\u0131yla \u00e7ok k\u00f6kl\u00fc esnaflar\u0131n bulundu\u011fu bir alan. Yeniden kent merkezini canland\u0131rmay\u0131 sa\u011flayarak, yayalara daha konforlu alanlar yaratarak, yaya ge\u00e7itlerini rahatla\u015ft\u0131rarak, Mersin&#8217;deki b\u00fcy\u00fck \u00f6l\u00e7ekte bulunan bisiklet yolumuzu bu ba\u011flant\u0131 noktas\u0131ndan da ge\u00e7irerek ula\u015f\u0131m\u0131 da rahatlatarak, buran\u0131n eski canl\u0131l\u0131\u011f\u0131na yeniden kavu\u015fmas\u0131n\u0131 asl\u0131nda hedefledik&#8221; diye konu\u015ftu.<\/p>\n<p>2. Etap \u00e7al\u0131\u015fmalar\u0131 23 \u015eubat Per\u015fembe g\u00fcn\u00fc ba\u015fl\u0131yor<\/p>\n<p>Kaymaz, projenin 2.etab\u0131nda ise Kuvayi Milliye Caddesi kesi\u015fimi ile \u00d6zg\u00fcr \u00c7ocuk Park\u0131 aras\u0131ndaki b\u00f6l\u00fcm\u00fcn\u00fcn yenilenece\u011fini belirterek, s\u00f6z konusu alan\u0131n \u00e7al\u0131\u015fmalar\u0131n\u0131n ise 23 \u015eubat 2023 Per\u015fembe g\u00fcn\u00fc ba\u015flayaca\u011f\u0131n\u0131 s\u00f6yledi. 2.etap \u00e7al\u0131\u015fmalar\u0131nda caddenin ilk olarak ara\u00e7 trafi\u011fine kapat\u0131laca\u011f\u0131n\u0131 belirten Kaymaz, altyap\u0131 \u00e7al\u0131\u015fmalar\u0131n\u0131n tamamlanmas\u0131n\u0131n ard\u0131ndan ise kald\u0131r\u0131m d\u00fczenleme \u00e7al\u0131\u015fmalar\u0131 kapsam\u0131nda caddenin yaya trafi\u011fine de kapat\u0131laca\u011f\u0131n\u0131 s\u00f6yledi. Kaymaz 2.etap \u00e7al\u0131\u015fmalar\u0131n\u0131n tamamlanmas\u0131n\u0131n ard\u0131ndan caddenin, 19 May\u0131s Atat\u00fcrk&#8217;\u00fc Anma, Gen\u00e7lik ve Spor Bayram\u0131&#8217;nda hizmete al\u0131nmas\u0131n\u0131 hedeflediklerini kaydetti.<\/p>\n<p>&#8220;Mersin halk\u0131, \u00f6zellikle \u015fehrin bu k\u0131sm\u0131, bu hizmetleri hak ediyor&#8221;<\/p>\n<p>\u0130stiklal Caddesi&#8217;nin yeni halini be\u011fendi\u011fini s\u00f6yleyen Furkan \u00c7at\u0131 isimli vatanda\u015f ise &#8220;Halk\u0131n daha rahat hareket edebildi\u011fi, arabalardan daha uzak gezebildi\u011fi, y\u00fcr\u00fcyebildi\u011fi bir yer. \u0130nsanlar birbirine \u00e7arpmadan rahat bir \u015fekilde gezebiliyor. Buras\u0131 al\u0131\u015fveri\u015f yeri sonu\u00e7ta. Al\u0131\u015fveri\u015f yapaca\u011f\u0131n\u0131z yere bakarak gezersiniz. \u00d6nceden \u00f6n\u00fcm\u00fcze bakam\u0131yorduk \u015fimdi en az\u0131ndan daha rahat, daha g\u00fczel bir \u015fekilde gezebiliyoruz. Mersin halk\u0131 \u00f6zellikle \u015fehrin bu k\u0131sm\u0131 bu hizmetleri hak ediyor&#8221; \u015feklinde konu\u015ftu.<\/p>\n<p>&#8220;Siyaset g\u00f6zetmeksizin ihtiya\u00e7t\u0131, yerinde bir hizmet, \u00e7ok da memnunuz&#8221;<\/p>\n<p>Yakla\u015f\u0131k 9 senedir \u0130stiklal Caddesi&#8217;nde esnaf oldu\u011funu ve yap\u0131lan \u00e7al\u0131\u015fman\u0131n bir ihtiya\u00e7 haline geldi\u011fini ifade eden \u00d6zdemir \u00d6zbek ise &#8220;\u00d6ncelikli ihtiya\u00e7 olan bir hizmetti. 9 senedir bu caddedeyim, ger\u00e7ekten vasat bir g\u00f6r\u00fcnt\u00fcs\u00fc vard\u0131. Siyaset g\u00f6zetmeksizin ihtiya\u00e7t\u0131, yerinde bir hizmet, \u00e7ok da memnunuz. Yani eski hali Mersin&#8217;e yak\u0131\u015fm\u0131yordu her \u015feyden \u00f6nce. \u015e\u00f6yle bir bak\u0131ld\u0131\u011f\u0131 zaman ger\u00e7ekten \u00e7ehreyi bozar nitelikteydi. Umar\u0131m insanlarda sahip \u00e7\u0131karsa gayet g\u00fczel ve yerinde bir hizmet olmu\u015f&#8221; ifadelerini kulland\u0131. <\/p>\n<p>&#8220;\u00c7ar\u015f\u0131n\u0131n eski ruhunun tekrardan gelebilece\u011fini d\u00fc\u015f\u00fcn\u00fcyorum&#8221;<\/p>\n<p>Serta\u00e7 Ulu isimli vatanda\u015f ise \u00e7al\u0131\u015fmalar\u0131 \u00e7ok be\u011fendini belirterek &#8220;\u0130stiklal Caddesi \u015fu an g\u00f6rsel olarak \u00e7ok ho\u015fumuza gitti. Ger\u00e7ekten g\u00fczel bir \u00e7al\u0131\u015fma yap\u0131ld\u0131. \u015eu an memnunuz. Bu hizmetler Mersinimiz i\u00e7in g\u00fczel tabi ki, devam\u0131nda bekliyoruz Zaten buran\u0131n devam\u0131nda yap\u0131laca\u011f\u0131n\u0131 duyduk. G\u00fczel be\u011feniyoruz yap\u0131lan \u00e7al\u0131\u015fmay\u0131. Bu t\u00fcr hizmetlerle \u00e7ar\u015f\u0131n\u0131n eski ruhunun tekrardan gelebilece\u011fini d\u00fc\u015f\u00fcn\u00fcyorum&#8221; dedi.<\/p>\n<p>Proje hakk\u0131nda<\/p>\n<p>Proje kapsam\u0131nda kent genelinde yayg\u0131n olan bisiklet yolu ile entegre edilecek \u015fekilde bisiklet yolu yap\u0131ld\u0131. T\u00fcm kald\u0131r\u0131mlarda g\u00fcvenli engelli eri\u015fimi i\u00e7in hissedilebilir y\u00fczeyler yap\u0131ld\u0131. Yine t\u00fcm cadde boyunca dinlenme alanlar\u0131 ve ye\u015fil alanlar yap\u0131ld\u0131. Sokak giri\u015flerine hareketli bariyer yap\u0131ld\u0131. Ayr\u0131ca yaya trafi\u011fini rahatlatmak i\u00e7in, Yenileme \u00e7al\u0131\u015fmalar\u0131 kapsam\u0131nda, kolay eri\u015fim i\u00e7in d\u00fc\u015f\u00fck kot fark\u0131 olan kald\u0131r\u0131mlar yap\u0131ld\u0131.<\/p>\n","protected":false},"excerpt":{"rendered":"<p>Mersin B\u00fcy\u00fck\u015fehir Belediyesi yenileme \u00e7al\u0131\u015fmalar\u0131 tamamlanan \u0130stiklal Caddesi&#8217;nin ilk etab\u0131n\u0131 yaya ve ara\u00e7lar\u0131n kullan\u0131m\u0131na a\u00e7t\u0131. Yaya, bisiklet ve ara\u00e7 trafi\u011fini rahatlatmas\u0131n\u0131n yan\u0131 s\u0131ra \u00e7ar\u015f\u0131 merkezinin hareketlenmesine katk\u0131 sunmas\u0131 hedeflenen \u00e7al\u0131\u015fmalar &hellip; <a href=\"https:\/\/akdenizolaygazetesi.com\/?p=24302\" class=\"more-link\">Devam\u0131n\u0131 Oku&#8230;<\/a><\/p>\n","protected":false},"author":2,"featured_media":24303,"comment_status":"open","ping_status":"open","sticky":false,"template":"","format":"standard","meta":[],"categories":[2,3,5],"tags":[],"_links":{"self":[{"href":"https:\/\/akdenizolaygazetesi.com\/index.php?rest_route=\/wp\/v2\/posts\/24302"}],"collection":[{"href":"https:\/\/akdenizolaygazetesi.com\/index.php?rest_route=\/wp\/v2\/posts"}],"about":[{"href":"https:\/\/akdenizolaygazetesi.com\/index.php?rest_route=\/wp\/v2\/types\/post"}],"author":[{"embeddable":true,"href":"https:\/\/akdenizolaygazetesi.com\/index.php?rest_route=\/wp\/v2\/users\/2"}],"replies":[{"embeddable":true,"href":"https:\/\/akdenizolaygazetesi.com\/index.php?rest_route=%2Fwp%2Fv2%2Fcomments&post=24302"}],"version-history":[{"count":1,"href":"https:\/\/akdenizolaygazetesi.com\/index.php?rest_route=\/wp\/v2\/posts\/24302\/revisions"}],"predecessor-version":[{"id":24304,"href":"https:\/\/akdenizolaygazetesi.com\/index.php?rest_route=\/wp\/v2\/posts\/24302\/revisions\/24304"}],"wp:featuredmedia":[{"embeddable":true,"href":"https:\/\/akdenizolaygazetesi.com\/index.php?rest_route=\/wp\/v2\/media\/24303"}],"wp:attachment":[{"href":"https:\/\/akdenizolaygazetesi.com\/index.php?rest_route=%2Fwp%2Fv2%2Fmedia&parent=24302"}],"wp:term":[{"taxonomy":"category","embeddable":true,"href":"https:\/\/akdenizolaygazetesi.com\/index.php?rest_route=%2Fwp%2Fv2%2Fcategories&post=24302"},{"taxonomy":"post_tag","embeddable":true,"href":"https:\/\/akdenizolaygazetesi.com\/index.php?rest_route=%2Fwp%2Fv2%2Ftags&post=24302"}],"curies":[{"name":"wp","href":"https:\/\/api.w.org\/{rel}","templated":true}]}}