{"id":24308,"date":"2023-02-21T13:16:47","date_gmt":"2023-02-21T10:16:47","guid":{"rendered":"http:\/\/akdenizolaygazetesi.com\/?p=24308"},"modified":"2023-02-21T13:16:47","modified_gmt":"2023-02-21T10:16:47","slug":"mersin-10-ilin-acisini-yasiyor","status":"publish","type":"post","link":"https:\/\/akdenizolaygazetesi.com\/?p=24308","title":{"rendered":"&#8220;MERS\u0130N 10 \u0130L\u0130N ACISINI YA\u015eIYOR&#8221;"},"content":{"rendered":"<p>Mersin B\u00fcy\u00fck\u015fehir Belediye Ba\u015fkan\u0131 Vahap Se\u00e7er, deprem sonras\u0131nda b\u00f6lgede ve kentte ger\u00e7ekle\u015ftirdikleri \u00e7al\u0131\u015fmalar hakk\u0131nda KRT TV&#8217;de Gazeteci Yavuz O\u011fhan&#8217;\u0131n sundu\u011fu &#8216;Bi&#8217;de Bunu \u0130zle&#8217; program\u0131nda a\u00e7\u0131klamalarda bulundu.<\/p>\n<p>CHP&#8217;li B\u00fcy\u00fck\u015fehir Belediyelerine depremden etkilenen baz\u0131 illerin \u00e7al\u0131\u015fma sahas\u0131 olarak payla\u015ft\u0131r\u0131ld\u0131\u011f\u0131n\u0131 ve Mersin&#8217;in de Ad\u0131yaman&#8217;dan sorumlu oldu\u011funu s\u00f6yleyen Ba\u015fkan Se\u00e7er, ayn\u0131 zamanda di\u011fer illere de deste\u011fin s\u00fcrd\u00fc\u011f\u00fcn\u00fc ifade etti. Ba\u015fkan Se\u00e7er, \u015f\u00f6yle devam etti:<\/p>\n<p>&#8220;Bizimle beraber partimize mensup 23 belediye; Ayd\u0131n B\u00fcy\u00fck\u015fehir, il belediyeleri olarak Bolu, Burdur, bunlar da bize dahil edildi ve il\u00e7e belediyeleri ile beraber Ad\u0131yaman&#8217;da \u00e7al\u0131\u015fmalara ba\u015flad\u0131k. Arkada\u015flar bir ke\u015fif \u00e7al\u0131\u015fmas\u0131 yapt\u0131. Bar\u0131nma sorunu \u00e7ok \u00f6ncelikli, hijyen sorunu ortaya \u00e7\u0131kacak. Sa\u011fl\u0131k sorunu; bula\u015f\u0131c\u0131 hastal\u0131klar. Oradaki kamu kurumlar\u0131yla, yetkililerle, yerel y\u00f6netimlerle bir ili\u015fki halinde bu \u00e7al\u0131\u015fmalar\u0131 \u015fu ana kadar zaten ba\u015flatt\u0131k, s\u00fcrd\u00fcr\u00fcyoruz.&#8221;<\/p>\n<p>&#8220;Ad\u0131yaman&#8217;da 670 konteynerlik bir kent yapma plan\u0131m\u0131z var&#8221;<\/p>\n<p>Ba\u015fkan Se\u00e7er, bar\u0131nma sorununun di\u011fer illerde oldu\u011fu gibi Ad\u0131yaman&#8217;da da \u00f6ncelikli sorun oldu\u011funu ifade ederek, &#8220;Orada bir bar\u0131nma sorunu oldu\u011fu i\u00e7in ilk etapta 670 konteynerlik bir kent yapma haz\u0131rl\u0131\u011f\u0131 ba\u015flad\u0131. Makineler \u00e7al\u0131\u015fmaya ba\u015flad\u0131, 80 d\u00f6n\u00fcm bir alanda \u00e7al\u0131\u015fmalar\u0131 s\u00fcrd\u00fcr\u00fcyorlar. \u00c7ok k\u0131sa zamanda etap etap yap\u0131lacak. Bu so\u011fuk k\u0131\u015f g\u00fcnlerinde vatanda\u015flar\u0131m\u0131za konut yap\u0131lana kadar, bir konuta al\u0131nana kadar, bir an \u00f6nce daha ya\u015fanabilir mekanlar\u0131n sa\u011flanmas\u0131 laz\u0131m&#8221; diye konu\u015ftu.<\/p>\n<p>Mersin B\u00fcy\u00fck\u015fehir Belediyesi olarak b\u00fct\u00fcn imkanlar\u0131 seferber ettiklerini s\u00f6zlerine ekleyen Ba\u015fkan Se\u00e7er, &#8220;Yeti\u015fiyoruz. Hi\u00e7 sorun yok. Ortada \u00e7ok ac\u0131 bir tablo var. Deprem b\u00f6lgesindeki 10 ilin burayla \u00e7ok s\u0131k\u0131 ba\u011flar\u0131 var. Akrabal\u0131k ili\u015fkileri var. Biz ilk hafta Genel Ba\u015fkan\u0131m\u0131z Say\u0131n Kemal K\u0131l\u0131\u00e7daro\u011flu&#8217;nun ba\u015fkanl\u0131\u011f\u0131nda, belediye ba\u015fkanlar\u0131m\u0131zla, bir heyetle o b\u00f6lgeleri gezdik. Sonradan da \u0130stanbul, Ankara, Mersin, \u0130zmir b\u00fct\u00fcn belediyelere g\u00f6rev alanlar\u0131 pay edildi. Bize de Ad\u0131yaman verildi ama hala Hatay&#8217;da \u00e7al\u0131\u015fmalar\u0131m\u0131z s\u00fcr\u00fcyor. Orada da \u015fu anda bir \u00e7ad\u0131r kent \u00e7al\u0131\u015fmam\u0131z var&#8221; dedi.<\/p>\n<p>&#8220;Ad\u0131yaman&#8217;da planlad\u0131\u011f\u0131m\u0131z konteyner kentte sahra hastanesi de olacak&#8221;<\/p>\n<p>Yapacaklar\u0131 konteyner kent alan\u0131nda sahra hastanesi ve sosyal alanlar olaca\u011f\u0131n\u0131n bilgisini veren Ba\u015fkan Se\u00e7er, &#8220;Bizim planlad\u0131\u011f\u0131m\u0131zda sahra hastanesi bile var. Hatta sahra hastanesini uluslararas\u0131 bir kurulu\u015f d\u00f6\u015feyecek. Sosyal alanlar var, spor alanlar\u0131ndan kre\u015flere, okuma salonlar\u0131na, mescidine her \u015feyine kadar muazzam planlama yapt\u0131k. Di\u011fer belediyelerimizle imece olarak bu i\u015fi ger\u00e7ekle\u015ftirece\u011fiz&#8221; \u015feklinde konu\u015ftu.<\/p>\n<p>&#8220;10 il kendi ac\u0131s\u0131n\u0131 ya\u015f\u0131yor ama Mersin b\u00fct\u00fcn illerin ac\u0131s\u0131n\u0131 ya\u015f\u0131yor&#8221;<\/p>\n<p>Mersinli vatanda\u015flar\u0131n, depremi ya\u015fayan illerdeki vatanda\u015flarla da akrabal\u0131k ili\u015fkilerinin \u00e7ok fazla oldu\u011funu kaydeden Se\u00e7er, &#8220;O 10 ilden, her ilden burada insanlar ya\u015f\u0131yor. Onlar\u0131n yan\u0131nda kal\u0131yor, bizim misafirimiz, Valilik yerle\u015ftirmi\u015f, otellerde kal\u0131yor. \u015eimdi orada bir daha deprem olur endi\u015fesi ile evi sa\u011flam dahi olsa hem zarar g\u00f6ren, y\u0131k\u0131lan ya da k\u0131smen zarar g\u00f6ren herkes can havliyle kendini buraya att\u0131&#8221; dedi.<\/p>\n<p>Afet Y\u00f6netimi ve Kentsel D\u00f6n\u00fc\u015f\u00fcm Strateji Daire Ba\u015fkanl\u0131\u011f\u0131 kurulacak<\/p>\n<p>Mersin&#8217;deki binalar\u0131n depreme dayan\u0131kl\u0131l\u0131\u011f\u0131n\u0131n objektif g\u00f6zlemler ve bilimsel olarak tespit edilmesi gerekti\u011fini de s\u00f6zlerine ekleyen Ba\u015fkan Se\u00e7er, B\u00fcy\u00fck\u015fehir Belediyesi olarak Afet Y\u00f6netimi ve Kentsel D\u00f6n\u00fc\u015f\u00fcm Strateji Daire Ba\u015fkanl\u0131\u011f\u0131 kurulmas\u0131 y\u00f6n\u00fcnde \u00e7al\u0131\u015fmalar yapacaklar\u0131n\u0131 ifade etti.<\/p>\n<p>Yavuz O\u011fhan&#8217;\u0131n, &#8220;Merkezi y\u00f6netimle yerel y\u00f6netimin bir arada bir \u015fey yapmas\u0131 laz\u0131m de\u011fil mi Ba\u015fkan? Son d\u00f6nemde o birlikteli\u011fi g\u00f6remiyoruz&#8221; sorusu \u00fczerine Ba\u015fkan Se\u00e7er de, &#8220;Bak\u0131n orada 10 il var, 10 il kendi ac\u0131s\u0131n\u0131 ya\u015f\u0131yor ama Mersin b\u00fct\u00fcn illerin ac\u0131s\u0131n\u0131 ya\u015f\u0131yor. \u00c7\u00fcnk\u00fc herkes oradan buraya g\u00f6\u00e7 ediyor. Yani Malatya&#8217;dan da, Mara\u015f&#8217;tan da, Hatay&#8217;dan da geliyor. Hal b\u00f6yle olunca bunlar\u0131 g\u00f6rmek laz\u0131m. \u015eimdi ortal\u0131k toz duman. Bunlar\u0131n fark\u0131nda olup susmak ya da fark\u0131nda olmamak, bir gaflet ve dalg\u0131nl\u0131k i\u00e7erisinde olmak da b\u00fcy\u00fck bir s\u0131k\u0131nt\u0131. Neticede benim sorumlulu\u011fum var&#8221; diye konu\u015ftu.<\/p>\n<p>&#8220;Biz halk\u0131n hukukunu korumak zorunday\u0131z&#8221;<\/p>\n<p>O\u011fhan&#8217;\u0131n &#8220;Tisan&#8217;da neler oluyor?&#8221; sorusunu da yan\u0131tlayan Ba\u015fkan Se\u00e7er, s\u00f6z konusu b\u00f6lgede depremin ilk g\u00fcn\u00fcnden beri makinelerin \u00e7al\u0131\u015ft\u0131\u011f\u0131n\u0131 s\u00f6yledi. \u0130n\u015faat firmas\u0131n\u0131n yasaya ayk\u0131r\u0131 olarak denizi doldurup, hafriyatlar\u0131 derelere d\u00f6kt\u00fc\u011f\u00fcn\u00fc aktaran Ba\u015fkan Se\u00e7er, yap\u0131lan in\u015faat\u0131n k\u0131y\u0131 kanununa ayk\u0131r\u0131 oldu\u011funu ve k\u0131smi yap\u0131la\u015fma karar\u0131n\u0131n al\u0131nmas\u0131 gerekti\u011fine dikkat \u00e7ekti.<\/p>\n<p>Ba\u015fkan Se\u00e7er konuya ili\u015fkin \u015funlar\u0131 kaydetti:<\/p>\n<p>&#8220;\u0130l\u00e7e belediyesi onu almadan ruhsat veremez. Anlad\u0131\u011f\u0131m kadar\u0131yla ruhsat vermi\u015f ve in\u015faat ba\u015flam\u0131\u015f. Deprem \u00f6ncesi oraya defalarca ceza yaz\u0131lm\u0131\u015f, san\u0131yorum daha bug\u00fcn yaz\u0131lm\u0131\u015f. \u00c7\u00fcnk\u00fc orada yasalara ayk\u0131r\u0131 deniz doldurulmu\u015f, yasalara ayk\u0131r\u0131 resmen da\u011f\u0131 yok ediyorlar, oraya makineler kurmu\u015flar. Bunun yasalara ayk\u0131r\u0131 oldu\u011funu s\u00f6yl\u00fcyoruz. Buna kim bakacak? Sadece B\u00fcy\u00fck\u015fehir de\u011fil ki, \u00c7evre Bakanl\u0131\u011f\u0131 ne yapar? Gidecek kontrol edecek. Orada do\u011fa katliam\u0131 var m\u0131? Deniz dolgusu yasal m\u0131? Hafriyatlar g\u00f6t\u00fcr\u00fcl\u00fcyor derelere boca ediliyor. Bunlar yasalara ayk\u0131r\u0131. Yetkiyi alm\u0131\u015f\u0131m, ceza yaz\u0131yorum, komik cezalar. Cezay\u0131 \u00f6d\u00fcyor, d\u00f6n\u00fcyor yine bildi\u011fini yap\u0131yor. Dolay\u0131s\u0131yla biz halk\u0131n hukukunu korumak zorunday\u0131z.&#8221;<\/p>\n","protected":false},"excerpt":{"rendered":"<p>Mersin B\u00fcy\u00fck\u015fehir Belediye Ba\u015fkan\u0131 Vahap Se\u00e7er, deprem sonras\u0131nda b\u00f6lgede ve kentte ger\u00e7ekle\u015ftirdikleri \u00e7al\u0131\u015fmalar hakk\u0131nda KRT TV&#8217;de Gazeteci Yavuz O\u011fhan&#8217;\u0131n sundu\u011fu &#8216;Bi&#8217;de Bunu \u0130zle&#8217; program\u0131nda a\u00e7\u0131klamalarda bulundu. CHP&#8217;li B\u00fcy\u00fck\u015fehir Belediyelerine depremden &hellip; <a href=\"https:\/\/akdenizolaygazetesi.com\/?p=24308\" class=\"more-link\">Devam\u0131n\u0131 Oku&#8230;<\/a><\/p>\n","protected":false},"author":2,"featured_media":24309,"comment_status":"open","ping_status":"open","sticky":false,"template":"","format":"standard","meta":[],"categories":[2,3,5],"tags":[],"_links":{"self":[{"href":"https:\/\/akdenizolaygazetesi.com\/index.php?rest_route=\/wp\/v2\/posts\/24308"}],"collection":[{"href":"https:\/\/akdenizolaygazetesi.com\/index.php?rest_route=\/wp\/v2\/posts"}],"about":[{"href":"https:\/\/akdenizolaygazetesi.com\/index.php?rest_route=\/wp\/v2\/types\/post"}],"author":[{"embeddable":true,"href":"https:\/\/akdenizolaygazetesi.com\/index.php?rest_route=\/wp\/v2\/users\/2"}],"replies":[{"embeddable":true,"href":"https:\/\/akdenizolaygazetesi.com\/index.php?rest_route=%2Fwp%2Fv2%2Fcomments&post=24308"}],"version-history":[{"count":1,"href":"https:\/\/akdenizolaygazetesi.com\/index.php?rest_route=\/wp\/v2\/posts\/24308\/revisions"}],"predecessor-version":[{"id":24310,"href":"https:\/\/akdenizolaygazetesi.com\/index.php?rest_route=\/wp\/v2\/posts\/24308\/revisions\/24310"}],"wp:featuredmedia":[{"embeddable":true,"href":"https:\/\/akdenizolaygazetesi.com\/index.php?rest_route=\/wp\/v2\/media\/24309"}],"wp:attachment":[{"href":"https:\/\/akdenizolaygazetesi.com\/index.php?rest_route=%2Fwp%2Fv2%2Fmedia&parent=24308"}],"wp:term":[{"taxonomy":"category","embeddable":true,"href":"https:\/\/akdenizolaygazetesi.com\/index.php?rest_route=%2Fwp%2Fv2%2Fcategories&post=24308"},{"taxonomy":"post_tag","embeddable":true,"href":"https:\/\/akdenizolaygazetesi.com\/index.php?rest_route=%2Fwp%2Fv2%2Ftags&post=24308"}],"curies":[{"name":"wp","href":"https:\/\/api.w.org\/{rel}","templated":true}]}}