{"id":24314,"date":"2023-02-22T13:25:09","date_gmt":"2023-02-22T10:25:09","guid":{"rendered":"http:\/\/akdenizolaygazetesi.com\/?p=24314"},"modified":"2023-02-22T13:25:09","modified_gmt":"2023-02-22T10:25:09","slug":"baskan-yilmaz-mersini-de-etkileyen-hatay-depreminin-ardindan-acil-toplanma-alanlarinda-vatandaslari-yalniz-birakmadi","status":"publish","type":"post","link":"https:\/\/akdenizolaygazetesi.com\/?p=24314","title":{"rendered":"BA\u015eKAN YILMAZ, MERS\u0130N&#8217;\u0130 DE ETK\u0130LEYEN HATAY DEPREM\u0130N\u0130N ARDINDAN AC\u0130L TOPLANMA ALANLARINDA VATANDA\u015eLARI YALNIZ BIRAKMADI"},"content":{"rendered":"<p>Toroslar Belediye Ba\u015fkan\u0131 Ats\u0131z Af\u015f\u0131n Y\u0131lmaz, merkez \u00fcss\u00fc Hatay olan,  Mersin ve \u00e7evre illerde de hissedilen depremin ard\u0131ndan geceyi tedbir amac\u0131yla d\u0131\u015far\u0131da ge\u00e7iren vatanda\u015flarla bir araya geldi.<\/p>\n<p>\u0130l\u00e7ede haz\u0131rlad\u0131klar\u0131 Acil Toplanma Alanlar\u0131nda, hem\u015fehrilerini ve deprem b\u00f6lgesinden gelerek il\u00e7eye yerle\u015fen depremzedeleri ziyaret eden Ba\u015fkan Y\u0131lmaz, ge\u00e7mi\u015f olsun dileklerini ileterek; &#8220;T\u00fcm imkanlar\u0131m\u0131zla vatanda\u015flar\u0131m\u0131z\u0131n yan\u0131nday\u0131z. Destek i\u00e7in teyakkuzday\u0131z&#8221; dedi.<\/p>\n<p>Belediye, sosyal medya hesaplar\u0131 \u00fczerinden de Toroslar&#8217;\u0131n d\u00f6rt bir yan\u0131ndaki sosyal tesisler ve spor kompleksleri olmak \u00fczere muhtelif yerlerde Toroslar Kaymakaml\u0131\u011f\u0131 ile birlikte haz\u0131rlanan Acil Toplanma Alanlar\u0131n\u0131 vatanda\u015flara bir kez daha duyurdu.<\/p>\n<p>\u0130kamet etti\u011fi yere en yak\u0131n Acil Toplanma Alanlar\u0131&#8217;nda bulu\u015fan vatanda\u015flara, Toroslar Belediyesince gece boyunca s\u0131cak \u00e7orba ve su ikram\u0131 da yap\u0131ld\u0131.<\/p>\n<p>&#8220;Depremzede Karde\u015flerimizin Ac\u0131s\u0131n\u0131 Payla\u015f\u0131yoruz&#8221;<\/p>\n<p>Ba\u015fkan Y\u0131lmaz, depremden etkilenen vatanda\u015flar\u0131n Belediyenin 0324 322 72 00 numaral\u0131 telefonundan Acil Destek Merkezi&#8217;ne ula\u015fabileceklerini de belirterek;  &#8220;Kahramanmara\u015f&#8217;\u0131n ard\u0131ndan bu kez merkez \u00fcss\u00fc Hatay olan 6.4 ve 5.8 b\u00fcy\u00fckl\u00fc\u011f\u00fcndeki iki depremin \u00fcz\u00fcnt\u00fcs\u00fcn\u00fc ya\u015fad\u0131k. Mersinimizde ve \u00e7evre illerde hissedilen depremlerden etkilenen t\u00fcm vatanda\u015flar\u0131m\u0131za ge\u00e7mi\u015f olsun dileklerimizi iletiyorum.  Depremde hayat\u0131n\u0131 kaybeden vatanda\u015flar\u0131m\u0131za Allah&#8217;tan rahmet, yaral\u0131lara acil \u015fifalar diliyorum. \u0130n\u015fallah bir daha hi\u00e7bir afetle kar\u015f\u0131la\u015fmay\u0131z.  Biz b\u00fcy\u00fck bir devlet, \u00e7ok g\u00fc\u00e7l\u00fc bir milletiz. Bu zor g\u00fcnleri birlik ve beraberlik i\u00e7erisinde atlataca\u011f\u0131z in\u015fallah&#8221; dedi.<\/p>\n","protected":false},"excerpt":{"rendered":"<p>Toroslar Belediye Ba\u015fkan\u0131 Ats\u0131z Af\u015f\u0131n Y\u0131lmaz, merkez \u00fcss\u00fc Hatay olan, Mersin ve \u00e7evre illerde de hissedilen depremin ard\u0131ndan geceyi tedbir amac\u0131yla d\u0131\u015far\u0131da ge\u00e7iren vatanda\u015flarla bir araya geldi. \u0130l\u00e7ede haz\u0131rlad\u0131klar\u0131 Acil &hellip; <a href=\"https:\/\/akdenizolaygazetesi.com\/?p=24314\" class=\"more-link\">Devam\u0131n\u0131 Oku&#8230;<\/a><\/p>\n","protected":false},"author":2,"featured_media":24315,"comment_status":"open","ping_status":"open","sticky":false,"template":"","format":"standard","meta":[],"categories":[2,3,5],"tags":[],"_links":{"self":[{"href":"https:\/\/akdenizolaygazetesi.com\/index.php?rest_route=\/wp\/v2\/posts\/24314"}],"collection":[{"href":"https:\/\/akdenizolaygazetesi.com\/index.php?rest_route=\/wp\/v2\/posts"}],"about":[{"href":"https:\/\/akdenizolaygazetesi.com\/index.php?rest_route=\/wp\/v2\/types\/post"}],"author":[{"embeddable":true,"href":"https:\/\/akdenizolaygazetesi.com\/index.php?rest_route=\/wp\/v2\/users\/2"}],"replies":[{"embeddable":true,"href":"https:\/\/akdenizolaygazetesi.com\/index.php?rest_route=%2Fwp%2Fv2%2Fcomments&post=24314"}],"version-history":[{"count":1,"href":"https:\/\/akdenizolaygazetesi.com\/index.php?rest_route=\/wp\/v2\/posts\/24314\/revisions"}],"predecessor-version":[{"id":24316,"href":"https:\/\/akdenizolaygazetesi.com\/index.php?rest_route=\/wp\/v2\/posts\/24314\/revisions\/24316"}],"wp:featuredmedia":[{"embeddable":true,"href":"https:\/\/akdenizolaygazetesi.com\/index.php?rest_route=\/wp\/v2\/media\/24315"}],"wp:attachment":[{"href":"https:\/\/akdenizolaygazetesi.com\/index.php?rest_route=%2Fwp%2Fv2%2Fmedia&parent=24314"}],"wp:term":[{"taxonomy":"category","embeddable":true,"href":"https:\/\/akdenizolaygazetesi.com\/index.php?rest_route=%2Fwp%2Fv2%2Fcategories&post=24314"},{"taxonomy":"post_tag","embeddable":true,"href":"https:\/\/akdenizolaygazetesi.com\/index.php?rest_route=%2Fwp%2Fv2%2Ftags&post=24314"}],"curies":[{"name":"wp","href":"https:\/\/api.w.org\/{rel}","templated":true}]}}