{"id":24317,"date":"2023-02-22T13:26:51","date_gmt":"2023-02-22T10:26:51","guid":{"rendered":"http:\/\/akdenizolaygazetesi.com\/?p=24317"},"modified":"2023-02-22T13:26:51","modified_gmt":"2023-02-22T10:26:51","slug":"secer-amacimiz-koklerinizle-iliskisi-olan-sizlerin-bizim-bilmediklerimizi-tamamlamaniz","status":"publish","type":"post","link":"https:\/\/akdenizolaygazetesi.com\/?p=24317","title":{"rendered":"SE\u00c7ER: &#8220;AMACIMIZ, K\u00d6KLER\u0130N\u0130ZLE \u0130L\u0130\u015eK\u0130S\u0130 OLAN S\u0130ZLER\u0130N, B\u0130Z\u0130M B\u0130LMED\u0130KLER\u0130M\u0130Z\u0130 TAMAMLAMANIZ&#8221;"},"content":{"rendered":"<p>B\u00fcy\u00fck\u015fehir Belediye Ba\u015fkan\u0131 Se\u00e7er, deprem sonras\u0131 b\u00f6lgede ve kentte s\u00fcrd\u00fcr\u00fclen \u00e7al\u0131\u015fmalarla ilgili toplumun farkl\u0131 kesimleri ile bir araya gelmeye devam ediyor. Son olarak depremin etkiledi\u011fi 10 ilin Mersin&#8217;deki hem\u015fehri dernekleri, vak\u0131flar\u0131 ve STK&#8217;lar\u0131 ile bir araya gelen Ba\u015fkan Se\u00e7er, kentte bu do\u011frultuda faaliyet g\u00f6steren yap\u0131larla g\u00f6r\u00fc\u015f al\u0131\u015fveri\u015finde bulunman\u0131n \u00f6nemine de\u011findi.<\/p>\n<p>Depremin ya\u015fand\u0131\u011f\u0131 10 ildeki yurtta\u015flar\u0131n hepsinin Mersin&#8217;de akrabal\u0131k ba\u011flar\u0131 oldu\u011funa dikkat \u00e7eken Ba\u015fkan Se\u00e7er, &#8220;Amac\u0131m\u0131z, o b\u00f6lgelerle ileti\u015fimi olan, k\u00f6klerinizle ili\u015fkisi olan sizlerin, bize aktaracaklar\u0131, bizim bilmediklerimizi tamamlaman\u0131z, bizden g\u00f6rd\u00fckleriniz do\u011frultusunda yapmam\u0131z\u0131 istedikleriniz, Mersin&#8217;e yans\u0131malar\u0131, Mersin&#8217;de ya\u015fad\u0131\u011f\u0131m\u0131z sorunlar. \u00c7\u00fcnk\u00fc biliyoruz ki \u00e7ok y\u00fcksek say\u0131da akrabalar\u0131n\u0131z buraya geldiler. Sizlerin yan\u0131na, bizlere ve di\u011fer kurumlara misafir oldular. Ge\u00e7en hafta sonu koliler de geldi. \u00c7ok h\u0131zl\u0131 yapt\u0131rd\u0131k onlar\u0131, 15-16 kiloluk. Bu katk\u0131lar\u0131 alabilirsiniz. Hi\u00e7 sorun olmaz, bize s\u00f6yleyin biz yard\u0131mc\u0131 oluruz&#8221; ifadelerini kulland\u0131.<\/p>\n<p>&#8220;B\u00f6lgeden gelen 65-70 bin aile var. 40 bini burada kal\u0131r&#8221;<\/p>\n<p>Ad\u0131yaman, Adana, Diyarbak\u0131r, Gaziantep, Hatay, Kahramanmara\u015f, Kilis, Malatya ve \u015eanl\u0131urfa y\u00f6re dernekleri temsilcilerinin toplant\u0131ya kat\u0131l\u0131m g\u00f6sterdi\u011fini belirten Ba\u015fkan Se\u00e7er, &#8220;Zaten birbirimizi tan\u0131yoruz. Birbirimizi daha iyi anlayabiliriz ve sizden de \u00e7ok yararlanaca\u011f\u0131m\u0131 d\u00fc\u015f\u00fcn\u00fcyorum. \u00c7\u00fcnk\u00fc gelen akrabalar\u0131n\u0131z\u0131n \u00e7o\u011fu burada ya\u015fayacak, gitmeyecek. Bizim hesaplar\u0131m\u0131za g\u00f6re b\u00f6lgeden gelen 65-70 bin aile var. 40 bini \u00e7ok rahat kal\u0131r. Mersin&#8217;in havas\u0131n\u0131 suyunu i\u00e7en de gitmez, tahminimizden \u00f6te kal\u0131r. Siz biliyorsunuz buran\u0131n nas\u0131l bir anlay\u0131\u015fa sahip oldu\u011funu. Burada insanlar kendini yaln\u0131z hissetmiyor. Burada insanlar rahat&#8221; dedi.<\/p>\n<p>&#8220;Bu deprem Mersin&#8217;in ve b\u00f6lgenin tarihini de\u011fi\u015ftirecek&#8221;<\/p>\n<p>Mersin&#8217;in deprem olan b\u00f6lgeye yak\u0131nl\u0131\u011f\u0131 dolay\u0131s\u0131yla olduk\u00e7a stratejik \u00f6neme sahip bir kent oldu\u011funu ifade eden Ba\u015fkan Se\u00e7er, &#8220;Bu deprem Mersin&#8217;in ve b\u00f6lgenin tarihini de\u011fi\u015ftirecek. Gelecek on y\u0131llar, y\u00fcz y\u0131llar tarihini \u015fimdiden yazmaya ba\u015flayacak. O b\u00f6lgede her \u015fey de\u011fi\u015fecek. Mersin&#8217;de de de\u011fi\u015fecek. Bu tip afetler, toplumsal olaylar, d\u00fcnyadaki sava\u015flar bir co\u011frafyan\u0131n kaderini de de\u011fi\u015ftirir. \u015eu anda Mersin&#8217;de 2 milyon 700 bin n\u00fcfus ya\u015f\u0131yor. Bu n\u00fcfusun ya\u015fayabilmesi i\u00e7in burada yat\u0131r\u0131m yapmak laz\u0131m. Yeni alanlar a\u00e7mak laz\u0131m&#8221; diye konu\u015ftu.<\/p>\n<p>&#8220;Afet Y\u00f6netimi ve Kentsel D\u00f6n\u00fc\u015f\u00fcm Daire Ba\u015fkanl\u0131\u011f\u0131&#8217;n\u0131 kurma karar\u0131 ald\u0131k&#8221;<\/p>\n<p>Bu depremlerin kendisinin de yapmas\u0131 gereken i\u015fleri \u00f6ne almas\u0131na neden oldu\u011funa dikkat \u00e7eken Se\u00e7er, &#8220;Kentsel d\u00f6n\u00fc\u015f\u00fcm, benim gelecek d\u00f6nem, se\u00e7im d\u00f6nemindeki en \u00f6nemli bildirgem i\u00e7inde yer alan vaadim olacakt\u0131. Depremden sonra hemen Afet Y\u00f6netimi ve Kentsel D\u00f6n\u00fc\u015f\u00fcm Daire Ba\u015fkanl\u0131\u011f\u0131&#8217;n\u0131 kurma karar\u0131 ald\u0131k. \u00c7ok yetkin bir daire ba\u015fkan\u0131 da atayaca\u011f\u0131m buraya. \u00c7ok iyi, T\u00fcrkiye&#8217;de konusunu iyi bilen birini getirece\u011fim, oraya daire ba\u015fkan\u0131 atayaca\u011f\u0131m&#8221; dedi.<\/p>\n<p>&#8220;TOK\u0130&#8217;nin acilen konut yapmas\u0131 gerek&#8221;<\/p>\n<p>B\u00fcy\u00fck\u015fehir Belediyesi&#8217;nin depremden sonra k\u0131sa s\u00fcrede bar\u0131nma alanlar\u0131 olu\u015fturdu\u011funu dile getiren Ba\u015fkan Se\u00e7er, &#8220;\u00c7ok insan buraya gelecek. \u015eu anda 400 bin ki\u015fi gelmi\u015fse daha da gelecek. Ben ge\u00e7en s\u00f6yledim; TOK\u0130 acilen girecek 40 bin d\u00fc\u015f\u00fck gelirli vatanda\u015f konutu yapacak. Mersin&#8217;in standard\u0131yla Mara\u015f&#8217;\u0131n, Elbistan&#8217;\u0131n, \u0130slahiye&#8217;nin, Nurda\u011f\u0131&#8217;n\u0131n, Yaylakona\u011f\u0131&#8217;n\u0131n standard\u0131 bir de\u011fil. Buran\u0131n standard\u0131 daha y\u00fcksek. Oradan gelen buran\u0131n kiras\u0131n\u0131 \u00f6deyemez, ev alamaz. Ona g\u00f6re konut yapacak. Satmas\u0131 \u015fart de\u011fil kiraya versin. TOK\u0130 yaps\u0131n kiraya versin. O y\u00f6ntemler de var&#8221; diye konu\u015ftu.<\/p>\n<p>Konteyner kent plan\u0131n\u0131n Mersin&#8217;de olup olmad\u0131\u011f\u0131n\u0131n sorulmas\u0131 \u00fczerine Ba\u015fkan Se\u00e7er, &#8220;Bizim burada konteyner plan\u0131m\u0131z yok. Hatay&#8217;da \u015fu anda 300 ailelik \u00e7ad\u0131r kent kurduk. Bug\u00fcn 153 aile ta\u015f\u0131nd\u0131, kalan 147 ailede ta\u015f\u0131nacak. 300 ailelik \u00e7ad\u0131r kenti oraya h\u00e2lihaz\u0131rda kurduk. Ad\u0131yaman&#8217;da da bu so\u011fuk k\u0131\u015f g\u00fcnlerinde vatanda\u015flar\u0131m\u0131za konut yap\u0131lana kadar, bir konuta al\u0131nana kadar, bir an \u00f6nce daha ya\u015fanabilir mekanlar\u0131n sa\u011flanmas\u0131 laz\u0131m. S\u00fcratle 80 d\u00f6n\u00fcm yerde 670 adetlik konteyner kenti kuruyoruz&#8221; dedi.<\/p>\n<p>Ba\u015fkan Se\u00e7er, Ad\u0131yaman&#8217;da yap\u0131m \u00e7al\u0131\u015fmas\u0131 ba\u015flayan konteyner kent i\u00e7erisinde, sahra hastanesinin yan\u0131 s\u0131ra sosyal alanlardan spor alanlar\u0131na, \u00e7ocuklar i\u00e7in kre\u015ften okuma salonlar\u0131na kadar kapsaml\u0131 bir planlama yap\u0131ld\u0131\u011f\u0131n\u0131 kaydetti.<\/p>\n","protected":false},"excerpt":{"rendered":"<p>B\u00fcy\u00fck\u015fehir Belediye Ba\u015fkan\u0131 Se\u00e7er, deprem sonras\u0131 b\u00f6lgede ve kentte s\u00fcrd\u00fcr\u00fclen \u00e7al\u0131\u015fmalarla ilgili toplumun farkl\u0131 kesimleri ile bir araya gelmeye devam ediyor. Son olarak depremin etkiledi\u011fi 10 ilin Mersin&#8217;deki hem\u015fehri dernekleri, &hellip; <a href=\"https:\/\/akdenizolaygazetesi.com\/?p=24317\" class=\"more-link\">Devam\u0131n\u0131 Oku&#8230;<\/a><\/p>\n","protected":false},"author":2,"featured_media":24318,"comment_status":"open","ping_status":"open","sticky":false,"template":"","format":"standard","meta":[],"categories":[1,2,3,5],"tags":[],"_links":{"self":[{"href":"https:\/\/akdenizolaygazetesi.com\/index.php?rest_route=\/wp\/v2\/posts\/24317"}],"collection":[{"href":"https:\/\/akdenizolaygazetesi.com\/index.php?rest_route=\/wp\/v2\/posts"}],"about":[{"href":"https:\/\/akdenizolaygazetesi.com\/index.php?rest_route=\/wp\/v2\/types\/post"}],"author":[{"embeddable":true,"href":"https:\/\/akdenizolaygazetesi.com\/index.php?rest_route=\/wp\/v2\/users\/2"}],"replies":[{"embeddable":true,"href":"https:\/\/akdenizolaygazetesi.com\/index.php?rest_route=%2Fwp%2Fv2%2Fcomments&post=24317"}],"version-history":[{"count":1,"href":"https:\/\/akdenizolaygazetesi.com\/index.php?rest_route=\/wp\/v2\/posts\/24317\/revisions"}],"predecessor-version":[{"id":24319,"href":"https:\/\/akdenizolaygazetesi.com\/index.php?rest_route=\/wp\/v2\/posts\/24317\/revisions\/24319"}],"wp:featuredmedia":[{"embeddable":true,"href":"https:\/\/akdenizolaygazetesi.com\/index.php?rest_route=\/wp\/v2\/media\/24318"}],"wp:attachment":[{"href":"https:\/\/akdenizolaygazetesi.com\/index.php?rest_route=%2Fwp%2Fv2%2Fmedia&parent=24317"}],"wp:term":[{"taxonomy":"category","embeddable":true,"href":"https:\/\/akdenizolaygazetesi.com\/index.php?rest_route=%2Fwp%2Fv2%2Fcategories&post=24317"},{"taxonomy":"post_tag","embeddable":true,"href":"https:\/\/akdenizolaygazetesi.com\/index.php?rest_route=%2Fwp%2Fv2%2Ftags&post=24317"}],"curies":[{"name":"wp","href":"https:\/\/api.w.org\/{rel}","templated":true}]}}