{"id":24320,"date":"2023-02-22T13:28:10","date_gmt":"2023-02-22T10:28:10","guid":{"rendered":"http:\/\/akdenizolaygazetesi.com\/?p=24320"},"modified":"2023-02-22T13:28:10","modified_gmt":"2023-02-22T10:28:10","slug":"sinava-hazirlanan-depremzede-ogrencilerin-egitimi-buyuksehire-emanet","status":"publish","type":"post","link":"https:\/\/akdenizolaygazetesi.com\/?p=24320","title":{"rendered":"SINAVA HAZIRLANAN DEPREMZEDE \u00d6\u011eRENC\u0130LER\u0130N E\u011e\u0130T\u0130M\u0130 B\u00dcY\u00dcK\u015eEH\u0130R&#8217;E EMANET"},"content":{"rendered":"<p>Mersin B\u00fcy\u00fck\u015fehir Belediyesi&#8217;nin e\u011fitime destek verdi\u011fi en \u00f6nemli hizmetlerinden biri olan E\u011fitim ve \u00d6\u011fretimi Destekleme Kurs Merkezleri kap\u0131lar\u0131n\u0131 s\u0131navlara haz\u0131rlanan depremzede \u00f6\u011frencilere a\u00e7t\u0131.<br \/>\nB\u00fcy\u00fck\u015fehir, lise ve \u00fcniversite haz\u0131rl\u0131k a\u015famas\u0131ndaki depremzede \u00f6\u011frencilerin e\u011fitimine katk\u0131 sunuyor<br \/>\nMersin B\u00fcy\u00fck\u015fehir Belediyesi E\u011fitim ve \u00d6\u011fretimi Destekleme Kurs Merkezleri, 2022-2023 e\u011fitim-\u00f6\u011fretim y\u0131l\u0131n\u0131n 2. yar\u0131s\u0131nda da s\u0131navlara haz\u0131rl\u0131k e\u011fitimlerine ba\u015flad\u0131. Afet b\u00f6lgelerinden Mersin&#8217;e gelerek, B\u00fcy\u00fck\u015fehir&#8217;in bar\u0131nma alanlar\u0131nda kalan ve s\u0131nava haz\u0131rlanan depremzede \u00f6\u011frenciler, Mersin B\u00fcy\u00fck\u015fehir Belediyesi Sosyal Hizmetler Dairesi Ba\u015fkanl\u0131\u011f\u0131 taraf\u0131ndan tespit edildi. Bunun \u00fczerine harekete ge\u00e7en B\u00fcy\u00fck\u015fehir, depremzede \u00f6\u011frencileri kurs merkezlerine kaydederek, lise ve \u00fcniversite s\u0131navlar\u0131na b\u00fcy\u00fck bir \u00f6zenle haz\u0131rlamaya ba\u015flad\u0131. B\u00fcy\u00fck\u015fehir, kurs merkezleri sayesinde, depremzede \u00f6\u011frencilerin e\u011fitimden uzakla\u015fmadan hayat\u0131na devam edebilmesine destek olmaya ve katk\u0131 sunmaya \u00e7al\u0131\u015f\u0131yor. Lise veya \u00fcniversite s\u0131navlar\u0131na haz\u0131rl\u0131k a\u015famas\u0131nda olan ve kurslara kay\u0131t yapt\u0131rmak isteyen depremzede \u00f6\u011frenciler, TEKS\u0130N ya da E\u011fitim ve \u00d6\u011fretimi Destekleme Kurs Merkezleri&#8217;ne ba\u015fvuru yapabiliyor.<br \/>\nB\u00fcy\u00fck\u015fehir Belediyesi, deprem b\u00f6lgesinden gelen ve okul nakillerini Mersin&#8217;e ald\u0131ran \u00f6\u011frencilere k\u0131rtasiye deste\u011fi de sunuyor. K\u0131rtasiye deste\u011finden yararlanmak isteyen depremzedeler, taleplerini TEKS\u0130N veya Alo 185 \u00fczerinden iletebiliyor.<br \/>\n&#8220;Tarsus&#8217;tan Anamur&#8217;a kadar bar\u0131nma merkezlerimizde kalan 51 s\u0131nava haz\u0131rlanan \u00f6\u011frencimizi tespit ettik&#8221;<br \/>\nMersin B\u00fcy\u00fck\u015fehir Belediyesi E\u011fitim Hizmetleri \u015eube M\u00fcd\u00fcr\u00fc Cem Karaku\u015f; &#8220;Mersin B\u00fcy\u00fck\u015fehir Belediyesi Sosyal Hizmetler Dairesi Ba\u015fkanl\u0131\u011f\u0131 olarak \u00fclkemizde ya\u015fanan deprem felaketinden sonra ilimize gelen depremzede vatanda\u015flar\u0131m\u0131z i\u00e7in bar\u0131nma, yiyecek, k\u0131yafet ve psiko-sosyal alanda destek i\u00e7in t\u00fcm g\u00fcc\u00fcm\u00fczle \u00e7aba sarf etmi\u015ftik. \u015eimdi de e\u011fitim-\u00f6\u011fretim y\u0131l\u0131m\u0131z\u0131n 2. d\u00f6nemine ba\u015fl\u0131yoruz. Bizler 10 il\u00e7emizde 18 kurs merkezimizde ve 6 bin 589 \u00f6\u011frencimizle d\u00f6neme ba\u015fl\u0131yoruz. Bunun yan\u0131 s\u0131ra ilimize gelen ve Mersin B\u00fcy\u00fck\u015fehir Belediyemiz&#8217;in Tarsus&#8217;tan Anamur&#8217;a kadar bar\u0131nma merkezlerimizde kalan, s\u0131nava haz\u0131rlanan 51 \u00f6\u011frencimizi tespit ettik. Bu \u00f6\u011frencilerimizde bizle beraber s\u0131navlara haz\u0131rlanacaklar. E\u011fitim-\u00f6\u011fretimi destekleme kurs merkezi hizmetimizden faydalanmak isteyen depremzede vatanda\u015flar\u0131m\u0131z, 10 il\u00e7emizde bulunan 18 kurs merkezi m\u00fcd\u00fcrl\u00fc\u011f\u00fcm\u00fczle g\u00f6r\u00fc\u015febilirler. Ayr\u0131ca, TEKS\u0130N \u00fczerinden bizlere rahatl\u0131kla ula\u015fabilirler&#8221; ifadelerini kulland\u0131.<\/p>\n","protected":false},"excerpt":{"rendered":"<p>Mersin B\u00fcy\u00fck\u015fehir Belediyesi&#8217;nin e\u011fitime destek verdi\u011fi en \u00f6nemli hizmetlerinden biri olan E\u011fitim ve \u00d6\u011fretimi Destekleme Kurs Merkezleri kap\u0131lar\u0131n\u0131 s\u0131navlara haz\u0131rlanan depremzede \u00f6\u011frencilere a\u00e7t\u0131. B\u00fcy\u00fck\u015fehir, lise ve \u00fcniversite haz\u0131rl\u0131k a\u015famas\u0131ndaki depremzede &hellip; <a href=\"https:\/\/akdenizolaygazetesi.com\/?p=24320\" class=\"more-link\">Devam\u0131n\u0131 Oku&#8230;<\/a><\/p>\n","protected":false},"author":2,"featured_media":24321,"comment_status":"open","ping_status":"open","sticky":false,"template":"","format":"standard","meta":[],"categories":[2,3],"tags":[],"_links":{"self":[{"href":"https:\/\/akdenizolaygazetesi.com\/index.php?rest_route=\/wp\/v2\/posts\/24320"}],"collection":[{"href":"https:\/\/akdenizolaygazetesi.com\/index.php?rest_route=\/wp\/v2\/posts"}],"about":[{"href":"https:\/\/akdenizolaygazetesi.com\/index.php?rest_route=\/wp\/v2\/types\/post"}],"author":[{"embeddable":true,"href":"https:\/\/akdenizolaygazetesi.com\/index.php?rest_route=\/wp\/v2\/users\/2"}],"replies":[{"embeddable":true,"href":"https:\/\/akdenizolaygazetesi.com\/index.php?rest_route=%2Fwp%2Fv2%2Fcomments&post=24320"}],"version-history":[{"count":1,"href":"https:\/\/akdenizolaygazetesi.com\/index.php?rest_route=\/wp\/v2\/posts\/24320\/revisions"}],"predecessor-version":[{"id":24322,"href":"https:\/\/akdenizolaygazetesi.com\/index.php?rest_route=\/wp\/v2\/posts\/24320\/revisions\/24322"}],"wp:featuredmedia":[{"embeddable":true,"href":"https:\/\/akdenizolaygazetesi.com\/index.php?rest_route=\/wp\/v2\/media\/24321"}],"wp:attachment":[{"href":"https:\/\/akdenizolaygazetesi.com\/index.php?rest_route=%2Fwp%2Fv2%2Fmedia&parent=24320"}],"wp:term":[{"taxonomy":"category","embeddable":true,"href":"https:\/\/akdenizolaygazetesi.com\/index.php?rest_route=%2Fwp%2Fv2%2Fcategories&post=24320"},{"taxonomy":"post_tag","embeddable":true,"href":"https:\/\/akdenizolaygazetesi.com\/index.php?rest_route=%2Fwp%2Fv2%2Ftags&post=24320"}],"curies":[{"name":"wp","href":"https:\/\/api.w.org\/{rel}","templated":true}]}}