{"id":24323,"date":"2023-02-22T13:30:08","date_gmt":"2023-02-22T10:30:08","guid":{"rendered":"http:\/\/akdenizolaygazetesi.com\/?p=24323"},"modified":"2023-02-22T13:30:08","modified_gmt":"2023-02-22T10:30:08","slug":"chp-mersinin-afet-bolgesi-ilan-edilmesi-icin-kanun-teklifi-verdi","status":"publish","type":"post","link":"https:\/\/akdenizolaygazetesi.com\/?p=24323","title":{"rendered":"CHP MERS\u0130N&#8217;\u0130N AFET B\u00d6LGES\u0130 \u0130LAN ED\u0130LMES\u0130 \u0130\u00c7\u0130N KANUN TEKL\u0130F\u0130 VERD\u0130"},"content":{"rendered":"<p>6 \u015eubat Kahramanmara\u015f depremi sonras\u0131 resmi rakamlara g\u00f6re \u015fu ana kadar 43 bin insan hayat\u0131n\u0131 kaybetmi\u015f ve y\u00fczbinlerce depremzede de evsiz kalm\u0131\u015f durumda. Depremle ba\u015flayan g\u00f6\u00e7 dalgas\u0131ndan en \u00e7ok etkilenen illerin ba\u015f\u0131nda Mersin geliyor.<\/p>\n<p>CHP Mersin Milletvekili Alpay Antmen, Mersin&#8217;in afet b\u00f6lgesi ilan edilmesi i\u00e7in kanun teklifi verdi. Teklifinde \u015fu ana kadar Mersin&#8217;e 400 bin depremzede geldi\u011fini belirten CHP&#8217;li Vekil &#8220;Ya\u015fanan deprem felaketlerinden sonra ba\u015fta Hatay, Kahramanmara\u015f, Ad\u0131yaman olmak \u00fczere; depremin en yo\u011fun hissedildi\u011fi b\u00f6lgelerden Mersin\u2019e g\u00f6\u00e7 ba\u015flam\u0131\u015ft\u0131r. Mersin bu illere en yak\u0131n il olmas\u0131 yan\u0131nda bu on ilimizde ya\u015fayan vatanda\u015flar\u0131m\u0131z\u0131n akrabalar\u0131 da Mersin\u2019de yo\u011fun olarak ikamet etmektedir&#8221; dedi.<\/p>\n<p>Mersin&#8217;in deprem b\u00f6lgesinden gelen t\u00fcm depremzede vatanda\u015flara kucak a\u00e7t\u0131\u011f\u0131n\u0131 ve sonuna kadar da kucak a\u00e7maya devam edece\u011fini belirten Antmen &#8220;Mersin\u2019de bar\u0131nmay\u0131 se\u00e7en depremzedelerimizin say\u0131s\u0131n\u0131n yap\u0131lan kay\u0131tlar ve su t\u00fcketim art\u0131\u015f\u0131 hesaplamalar\u0131yla 20 \u015eubat 2023 tarihi itibariyle 400.000 ki\u015fi oldu\u011fu tahmin edilmektedir. Bu say\u0131 her ge\u00e7en g\u00fcn daha da artmaktad\u0131r. Mersin zaten \u015fimdiden sosyal afet b\u00f6lgesi oldu&#8221; ifadelerini kulland\u0131.<\/p>\n<p>DEPREMZEDELER MERS\u0130N&#8217;DE KALICI OLACAK<\/p>\n<p>Deprem yaralar\u0131n\u0131n sar\u0131lmas\u0131yla depremzede vatanda\u015flar\u0131n kendi illerine geri d\u00f6nmesi s\u00f6z konusu olabilecekse de bu s\u00fcrenin en az 1 y\u0131l\u0131 a\u015faca\u011f\u0131n\u0131 s\u00f6yleyen Antmen &#8220;Daha da \u00f6nemlisi Mersin iline gelen depremzedelerin en az %75\u2019inin Mersin\u2019de kal\u0131c\u0131 olarak ikamet edebilece\u011fi tahmin edilmektedir.<br \/>\nMersin ba\u015fta konut sorunu olmak \u00fczere; g\u0131da, giyecek, do\u011falgaz ve temel ihtiya\u00e7lar konusunda \u00e7ok acil deste\u011fe ihtiya\u00e7 duymaktad\u0131r. Bu nedenle Mersin\u2019in afet b\u00f6lgesi ilan edilmesi gerekmektedir.&#8221; dedi.<\/p>\n","protected":false},"excerpt":{"rendered":"<p>6 \u015eubat Kahramanmara\u015f depremi sonras\u0131 resmi rakamlara g\u00f6re \u015fu ana kadar 43 bin insan hayat\u0131n\u0131 kaybetmi\u015f ve y\u00fczbinlerce depremzede de evsiz kalm\u0131\u015f durumda. Depremle ba\u015flayan g\u00f6\u00e7 dalgas\u0131ndan en \u00e7ok etkilenen &hellip; <a href=\"https:\/\/akdenizolaygazetesi.com\/?p=24323\" class=\"more-link\">Devam\u0131n\u0131 Oku&#8230;<\/a><\/p>\n","protected":false},"author":2,"featured_media":24324,"comment_status":"open","ping_status":"open","sticky":false,"template":"","format":"standard","meta":[],"categories":[3],"tags":[],"_links":{"self":[{"href":"https:\/\/akdenizolaygazetesi.com\/index.php?rest_route=\/wp\/v2\/posts\/24323"}],"collection":[{"href":"https:\/\/akdenizolaygazetesi.com\/index.php?rest_route=\/wp\/v2\/posts"}],"about":[{"href":"https:\/\/akdenizolaygazetesi.com\/index.php?rest_route=\/wp\/v2\/types\/post"}],"author":[{"embeddable":true,"href":"https:\/\/akdenizolaygazetesi.com\/index.php?rest_route=\/wp\/v2\/users\/2"}],"replies":[{"embeddable":true,"href":"https:\/\/akdenizolaygazetesi.com\/index.php?rest_route=%2Fwp%2Fv2%2Fcomments&post=24323"}],"version-history":[{"count":1,"href":"https:\/\/akdenizolaygazetesi.com\/index.php?rest_route=\/wp\/v2\/posts\/24323\/revisions"}],"predecessor-version":[{"id":24325,"href":"https:\/\/akdenizolaygazetesi.com\/index.php?rest_route=\/wp\/v2\/posts\/24323\/revisions\/24325"}],"wp:featuredmedia":[{"embeddable":true,"href":"https:\/\/akdenizolaygazetesi.com\/index.php?rest_route=\/wp\/v2\/media\/24324"}],"wp:attachment":[{"href":"https:\/\/akdenizolaygazetesi.com\/index.php?rest_route=%2Fwp%2Fv2%2Fmedia&parent=24323"}],"wp:term":[{"taxonomy":"category","embeddable":true,"href":"https:\/\/akdenizolaygazetesi.com\/index.php?rest_route=%2Fwp%2Fv2%2Fcategories&post=24323"},{"taxonomy":"post_tag","embeddable":true,"href":"https:\/\/akdenizolaygazetesi.com\/index.php?rest_route=%2Fwp%2Fv2%2Ftags&post=24323"}],"curies":[{"name":"wp","href":"https:\/\/api.w.org\/{rel}","templated":true}]}}