{"id":24329,"date":"2023-02-22T16:30:06","date_gmt":"2023-02-22T13:30:06","guid":{"rendered":"http:\/\/akdenizolaygazetesi.com\/?p=24329"},"modified":"2023-02-22T16:30:06","modified_gmt":"2023-02-22T13:30:06","slug":"toroslarda-depremzedelere-kuafor-ve-berber-hizmeti","status":"publish","type":"post","link":"https:\/\/akdenizolaygazetesi.com\/?p=24329","title":{"rendered":"TOROSLAR&#8217;DA DEPREMZEDELERE KUAF\u00d6R VE BERBER H\u0130ZMET\u0130"},"content":{"rendered":"<p>Toroslar Belediyesi, Mersin&#8217;e gelerek il\u00e7eye yerle\u015fen depremzede vatanda\u015flar\u0131n ihtiya\u00e7lar\u0131n\u0131n kar\u015f\u0131lanmas\u0131na y\u00f6nelik \u00e7al\u0131\u015fmalar\u0131n\u0131 aral\u0131ks\u0131z s\u00fcrd\u00fcr\u00fcyor.<\/p>\n<p>Kahramanmara\u015f merkezli \u00e7evre illeri de vuran iki b\u00fcy\u00fck depremin ard\u0131ndan il\u00e7edeki sosyal tesislerde ve evlerde konaklayan depremzedelerin bar\u0131nma, giyim, g\u0131da ve s\u0131cak yemek ihtiyac\u0131n\u0131 kar\u015f\u0131layan Toroslar Belediyesinin Acil Destek Merkezi, Mersin Berberler ve Kuaf\u00f6rler Odas\u0131 i\u015fbirli\u011fiyle berber ve kuaf\u00f6r hizmeti de veriyor.<\/p>\n<p>Toroslar Belediyesinin Sa\u011fl\u0131k Mahallesi&#8217;ndeki TORTEK binas\u0131, kuaf\u00f6r hizmeti i\u00e7in d\u00fczenlendi. Burada a\u011f\u0131rlanan depremzede vatanda\u015flar\u0131n sa\u00e7 ve sakal kesimleri, g\u00f6n\u00fcll\u00fc berber ve kuaf\u00f6rler taraf\u0131ndan \u00fccretsiz olarak yap\u0131l\u0131yor.<\/p>\n<p>BA\u015eKAN YILMAZ; &#8220;HEP B\u0130RL\u0130KTE \u0130Y\u0130LE\u015eECE\u011e\u0130Z&#8221;<\/p>\n<p>Toroslar Belediye Ba\u015fkan\u0131 Ats\u0131z Af\u015f\u0131n Y\u0131lmaz, koordineli bir \u015fekilde y\u00fcr\u00fctt\u00fckleri \u00e7al\u0131\u015fmalarla depremzede vatanda\u015flar\u0131n normalle\u015fme s\u00fcrecine katk\u0131da bulunmaya gayret g\u00f6sterdiklerini s\u00f6yledi.<\/p>\n<p>Ba\u015fkan Y\u0131lmaz; &#8220;\u00d6ncelikle depremden etkilenen t\u00fcm vatanda\u015flar\u0131m\u0131za ge\u00e7mi\u015f olsun dileklerimizi iletiyorum. Kentimizde yak\u0131nlar\u0131 bulunan deprem ma\u011fduru vatanda\u015flar\u0131m\u0131z\u0131n yan\u0131 s\u0131ra bu b\u00f6lgeleri hi\u00e7 bilmeyen vatanda\u015flar\u0131m\u0131z da var. Toroslar\u0131m\u0131zda misafir etti\u011fimiz karde\u015flerimizin kendilerini g\u00fcvende hissetmeleri i\u00e7in var g\u00fcc\u00fcm\u00fczle \u00e7al\u0131\u015f\u0131yoruz. Onlar\u0131, il\u00e7emizde en iyi \u015fekilde a\u011f\u0131rlamaya devam edece\u011fiz. Bu kapsamda depremzede vatanda\u015flar\u0131m\u0131z\u0131n sa\u00e7 ve sakal bak\u0131mlar\u0131n\u0131 Mersin Berberler ve Kuaf\u00f6rler Odam\u0131z\u0131n i\u015fbirli\u011fiyle ger\u00e7ekle\u015ftiriyoruz. Bu \u00e7al\u0131\u015fman\u0131n i\u00e7inde olan Mersin Berberler ve Kuaf\u00f6rler Odam\u0131za da te\u015fekk\u00fcr ediyorum. Depremzede karde\u015flerimizin ihtiya\u00e7lar\u0131n\u0131 bir nebze olsa kar\u015f\u0131lamaya \u00e7al\u0131\u015f\u0131yoruz&#8221; dedi.<\/p>\n","protected":false},"excerpt":{"rendered":"<p>Toroslar Belediyesi, Mersin&#8217;e gelerek il\u00e7eye yerle\u015fen depremzede vatanda\u015flar\u0131n ihtiya\u00e7lar\u0131n\u0131n kar\u015f\u0131lanmas\u0131na y\u00f6nelik \u00e7al\u0131\u015fmalar\u0131n\u0131 aral\u0131ks\u0131z s\u00fcrd\u00fcr\u00fcyor. Kahramanmara\u015f merkezli \u00e7evre illeri de vuran iki b\u00fcy\u00fck depremin ard\u0131ndan il\u00e7edeki sosyal tesislerde ve evlerde konaklayan &hellip; <a href=\"https:\/\/akdenizolaygazetesi.com\/?p=24329\" class=\"more-link\">Devam\u0131n\u0131 Oku&#8230;<\/a><\/p>\n","protected":false},"author":2,"featured_media":24330,"comment_status":"open","ping_status":"open","sticky":false,"template":"","format":"standard","meta":[],"categories":[2,3],"tags":[],"_links":{"self":[{"href":"https:\/\/akdenizolaygazetesi.com\/index.php?rest_route=\/wp\/v2\/posts\/24329"}],"collection":[{"href":"https:\/\/akdenizolaygazetesi.com\/index.php?rest_route=\/wp\/v2\/posts"}],"about":[{"href":"https:\/\/akdenizolaygazetesi.com\/index.php?rest_route=\/wp\/v2\/types\/post"}],"author":[{"embeddable":true,"href":"https:\/\/akdenizolaygazetesi.com\/index.php?rest_route=\/wp\/v2\/users\/2"}],"replies":[{"embeddable":true,"href":"https:\/\/akdenizolaygazetesi.com\/index.php?rest_route=%2Fwp%2Fv2%2Fcomments&post=24329"}],"version-history":[{"count":1,"href":"https:\/\/akdenizolaygazetesi.com\/index.php?rest_route=\/wp\/v2\/posts\/24329\/revisions"}],"predecessor-version":[{"id":24331,"href":"https:\/\/akdenizolaygazetesi.com\/index.php?rest_route=\/wp\/v2\/posts\/24329\/revisions\/24331"}],"wp:featuredmedia":[{"embeddable":true,"href":"https:\/\/akdenizolaygazetesi.com\/index.php?rest_route=\/wp\/v2\/media\/24330"}],"wp:attachment":[{"href":"https:\/\/akdenizolaygazetesi.com\/index.php?rest_route=%2Fwp%2Fv2%2Fmedia&parent=24329"}],"wp:term":[{"taxonomy":"category","embeddable":true,"href":"https:\/\/akdenizolaygazetesi.com\/index.php?rest_route=%2Fwp%2Fv2%2Fcategories&post=24329"},{"taxonomy":"post_tag","embeddable":true,"href":"https:\/\/akdenizolaygazetesi.com\/index.php?rest_route=%2Fwp%2Fv2%2Ftags&post=24329"}],"curies":[{"name":"wp","href":"https:\/\/api.w.org\/{rel}","templated":true}]}}