{"id":24332,"date":"2023-02-22T16:31:46","date_gmt":"2023-02-22T13:31:46","guid":{"rendered":"http:\/\/akdenizolaygazetesi.com\/?p=24332"},"modified":"2023-02-22T16:31:46","modified_gmt":"2023-02-22T13:31:46","slug":"baskan-gultak-evim-yuvan-olsun-kampanyasina-destek-cagrisi-yapti","status":"publish","type":"post","link":"https:\/\/akdenizolaygazetesi.com\/?p=24332","title":{"rendered":"Ba\u015fkan G\u00fcltak, \u201cEvim Yuvan Olsun\u201d kampanyas\u0131na destek \u00e7a\u011fr\u0131s\u0131 yapt\u0131"},"content":{"rendered":"<p>Akdeniz Belediyesi; Fen \u0130\u015fleri ile Park ve Bah\u00e7eler M\u00fcd\u00fcrl\u00fc\u011f\u00fc envanterinde bulunan i\u015f makineleri yard\u0131m\u0131yla deprem b\u00f6lgesinde yaralar\u0131 sarmaya, afetzede vatanda\u015flar\u0131n ihtiya\u00e7lar\u0131n\u0131 kar\u015f\u0131lamaya devam ediyor. \u00d6te yandan Akdeniz Belediye Ba\u015fkan\u0131 M. Mustafa G\u00fcltak, \u0130\u00e7i\u015fleri Bakanl\u0131\u011f\u0131 taraf\u0131ndan deprem ma\u011fduru vatanda\u015flar i\u00e7in ba\u015flat\u0131lan \u201cEvim Yuvan Olsun\u201d kampanyas\u0131na destek \u00e7a\u011fr\u0131s\u0131nda bulundu.<br \/>\nAkdeniz Belediyesi, bir yandan Mersin\u2019e g\u00f6\u00e7 eden binlerce deprem ma\u011fduru vatanda\u015f\u0131 mahalle k\u00fclt\u00fcr sanat evlerinde ve sosyal tesislerde a\u011f\u0131rlarken, b\u00f6lgede ya\u015fayan afetzedeler i\u00e7in ba\u015flatt\u0131\u011f\u0131 yard\u0131m seferberli\u011fine aral\u0131ks\u0131z devam ediyor. Bir yandan i\u015f makineleri ile cadde ve yollarda bulunan in\u015faat at\u0131klar\u0131 ve molozlar\u0131 kald\u0131r\u0131p yollar\u0131 a\u00e7an ekipler, afetzede vatanda\u015flara temiz su ula\u015ft\u0131r\u0131yor, \u00e7ad\u0131r kent kurulacak zeminleri d\u00fczenliyor, tuvalet \u00e7ukuru kaz\u0131m\u0131 yap\u0131yor.<br \/>\n\u00c7ad\u0131r kent i\u00e7in zemin haz\u0131rlan\u0131yor, temiz su ula\u015ft\u0131r\u0131l\u0131yor<br \/>\nHatay K\u0131r\u0131khan\u2019da bulunan Fen \u0130\u015fleri M\u00fcd\u00fcrl\u00fc\u011f\u00fc ekipleri, G\u00fcnd\u00fcz Mahallesi\u2019ne kurulan \u00e7ad\u0131r kent i\u00e7in zemin d\u00fczenleme \u00e7al\u0131\u015fmalar\u0131 yapt\u0131. Yine K\u0131r\u0131khan&#8217;da bulunan Park ve Bah\u00e7eler M\u00fcd\u00fcrl\u00fc\u011f\u00fc ekipleri de araz\u00f6zler yard\u0131m\u0131yla b\u00f6lgede bulunan vatanda\u015flar\u0131n her g\u00fcn temiz i\u00e7me suyu ihtiyac\u0131n\u0131 gidermeye devam ediyor.<br \/>\nBa\u015fkan G\u00fcltak\u2019tan, \u2018Evim Yuvan Olsun\u2019 kampanyas\u0131na destek \u00e7a\u011fr\u0131s\u0131<br \/>\nDi\u011fer yandan Akdeniz Belediye Ba\u015fkan\u0131 M. Mustafa G\u00fcltak da yapt\u0131\u011f\u0131 \u00e7a\u011fr\u0131da; T.C. \u0130\u00e7i\u015fleri Bakanl\u0131\u011f\u0131 Afet ve Acil Durum Y\u00f6netimi Ba\u015fkanl\u0131\u011f\u0131\u2019n\u0131n (AFAD) ba\u015flatt\u0131\u011f\u0131 \u201cEvim Yuvan Olsun\u201d kampanyas\u0131n\u0131 hat\u0131rlatt\u0131, depremzedelere evini a\u00e7mak veya kiraya vermek isteyen Mersinlilere \u00e7a\u011fr\u0131 yapt\u0131. Ba\u015fkan G\u00fcltak, \u201cG\u00fcn, karde\u015flik ve dayan\u0131\u015fma duygular\u0131 i\u00e7in bir ve birlik olma g\u00fcn\u00fcd\u00fcr. Devlet ve Millet el ele vererek, ac\u0131lar\u0131m\u0131z\u0131 ve yaralar\u0131m\u0131z\u0131 hep birlikte saraca\u011f\u0131z. De\u011ferli hem\u015ferilerime \u00e7a\u011fr\u0131md\u0131r; Depremlerde evini kaybeden ve kentimizin farkl\u0131 il\u00e7elerine g\u00f6\u00e7 eden afetzede vatanda\u015flar\u0131m\u0131za destek verelim, g\u00fcc\u00fcm\u00fcz ve imk\u00e2nlar\u0131m\u0131z \u00f6l\u00e7\u00fcs\u00fcnde l\u00fctfen onlara yard\u0131mc\u0131 olal\u0131m\u201d ifadelerini kulland\u0131.<br \/>\nEvim Yuvan Olsun Kampanyas\u0131 Hakk\u0131nda\u2026<br \/>\nAFAD taraf\u0131ndan ba\u015flat\u0131lan kampanyada; aile fertlerini kaybeden \u00e7ocuklu ailelere, kronik hastal\u0131\u011f\u0131, engelli, ya\u015fl\u0131s\u0131 olanlara \u00f6ncelik verilecek. Evi ile kampanyaya kat\u0131lamayanlar nakdi kira deste\u011finde bulunabilir. Yard\u0131m etmek isteyenlerin verece\u011fi destekler indirimli kiralanacak evlerin \u00f6demesinde kullan\u0131lacak. Ev sahiplerine ilave gider olu\u015fmamas\u0131 amac\u0131yla deprem ma\u011fduru vatanda\u015flara tahsis edilecek konutlar\u0131n elektrik, do\u011falgaz, su faturalar\u0131 kaymakaml\u0131klarca \u00f6denecek. Evini depremzedelere a\u00e7mak, kiralamak veya kira deste\u011fi vermek isteyen vatanda\u015flar, www.evimyuvanolsun.org adresinden detayl\u0131 bilgi alabilir.<\/p>\n","protected":false},"excerpt":{"rendered":"<p>Akdeniz Belediyesi; Fen \u0130\u015fleri ile Park ve Bah\u00e7eler M\u00fcd\u00fcrl\u00fc\u011f\u00fc envanterinde bulunan i\u015f makineleri yard\u0131m\u0131yla deprem b\u00f6lgesinde yaralar\u0131 sarmaya, afetzede vatanda\u015flar\u0131n ihtiya\u00e7lar\u0131n\u0131 kar\u015f\u0131lamaya devam ediyor. \u00d6te yandan Akdeniz Belediye Ba\u015fkan\u0131 M. &hellip; <a href=\"https:\/\/akdenizolaygazetesi.com\/?p=24332\" class=\"more-link\">Devam\u0131n\u0131 Oku&#8230;<\/a><\/p>\n","protected":false},"author":2,"featured_media":24333,"comment_status":"open","ping_status":"open","sticky":false,"template":"","format":"standard","meta":[],"categories":[3,5],"tags":[],"_links":{"self":[{"href":"https:\/\/akdenizolaygazetesi.com\/index.php?rest_route=\/wp\/v2\/posts\/24332"}],"collection":[{"href":"https:\/\/akdenizolaygazetesi.com\/index.php?rest_route=\/wp\/v2\/posts"}],"about":[{"href":"https:\/\/akdenizolaygazetesi.com\/index.php?rest_route=\/wp\/v2\/types\/post"}],"author":[{"embeddable":true,"href":"https:\/\/akdenizolaygazetesi.com\/index.php?rest_route=\/wp\/v2\/users\/2"}],"replies":[{"embeddable":true,"href":"https:\/\/akdenizolaygazetesi.com\/index.php?rest_route=%2Fwp%2Fv2%2Fcomments&post=24332"}],"version-history":[{"count":1,"href":"https:\/\/akdenizolaygazetesi.com\/index.php?rest_route=\/wp\/v2\/posts\/24332\/revisions"}],"predecessor-version":[{"id":24334,"href":"https:\/\/akdenizolaygazetesi.com\/index.php?rest_route=\/wp\/v2\/posts\/24332\/revisions\/24334"}],"wp:featuredmedia":[{"embeddable":true,"href":"https:\/\/akdenizolaygazetesi.com\/index.php?rest_route=\/wp\/v2\/media\/24333"}],"wp:attachment":[{"href":"https:\/\/akdenizolaygazetesi.com\/index.php?rest_route=%2Fwp%2Fv2%2Fmedia&parent=24332"}],"wp:term":[{"taxonomy":"category","embeddable":true,"href":"https:\/\/akdenizolaygazetesi.com\/index.php?rest_route=%2Fwp%2Fv2%2Fcategories&post=24332"},{"taxonomy":"post_tag","embeddable":true,"href":"https:\/\/akdenizolaygazetesi.com\/index.php?rest_route=%2Fwp%2Fv2%2Ftags&post=24332"}],"curies":[{"name":"wp","href":"https:\/\/api.w.org\/{rel}","templated":true}]}}