{"id":24337,"date":"2023-02-23T13:43:50","date_gmt":"2023-02-23T10:43:50","guid":{"rendered":"http:\/\/akdenizolaygazetesi.com\/?p=24337"},"modified":"2023-02-23T13:43:50","modified_gmt":"2023-02-23T10:43:50","slug":"istiklal-caddesinde-2-etap-calismalari-basliyor","status":"publish","type":"post","link":"https:\/\/akdenizolaygazetesi.com\/?p=24337","title":{"rendered":"\u0130ST\u0130KLAL CADDES\u0130&#8217;NDE 2. ETAP \u00c7ALI\u015eMALARI BA\u015eLIYOR"},"content":{"rendered":"<p>Mersin B\u00fcy\u00fck\u015fehir Belediyesi, yenileme kapsam\u0131nda \u0130stiklal Caddesi&#8217;nde 2. Etap \u00e7al\u0131\u015fmalar\u0131na ba\u015fl\u0131yor. Belirli bir s\u00fcre ara\u00e7 trafi\u011fine kapat\u0131lacak olan caddede, ilk olarak altyap\u0131 yenileme ve asfaltlama i\u015flemleri tamamlanacak. Sonras\u0131nda kald\u0131r\u0131m d\u00fczenleme, a\u011fa\u00e7land\u0131rma, \u0131\u015f\u0131kland\u0131rma ve kent mobilyalar\u0131 i\u015flemleri tamamlanarak, cadde vatanda\u015flar\u0131n kullan\u0131m\u0131na sunulacak.<\/p>\n<p>Kaymaz: &#8220;\u0130stiklal Caddesi&#8217;ni eski canl\u0131 g\u00fcnlerine kavu\u015fturmak istiyoruz&#8221;<\/p>\n<p>\u00c7al\u0131\u015fma hakk\u0131nda bilgi veren Et\u00fct ve Projeler Dairesi Ba\u015fkanl\u0131\u011f\u0131 mimarlar\u0131ndan \u015eeyda Kaymaz, &#8220;\u0130stiklal Caddesi&#8217;nin 2. etap \u00e7al\u0131\u015fmalar\u0131 kapsam\u0131nda, Hastane Caddesi kav\u015fa\u011f\u0131 ile \u00d6zg\u00fcr \u00c7ocuk Park\u0131 kav\u015fa\u011f\u0131 aras\u0131ndaki k\u0131s\u0131m, 23 \u015eubat 2023 tarihi itibariyle ara\u00e7 trafi\u011fine kapat\u0131lacak ve caddede altyap\u0131 \u00e7al\u0131\u015fmas\u0131 ba\u015flayacak. Sonras\u0131nda ise ya\u011fmur suyu drenaj hatt\u0131 yenileme \u00e7al\u0131\u015fmas\u0131 ve kald\u0131r\u0131m d\u00fczenleme i\u015flemleri devam edecek&#8221; dedi. <\/p>\n<p>Hizmete sunulan 1.etab\u0131, vatanda\u015flar ve \u00e7evre esnaf\u0131 taraf\u0131ndan b\u00fcy\u00fck be\u011feni alan \u0130stiklal Caddesi&#8217;nin 2. etap \u00e7al\u0131\u015fmas\u0131 i\u00e7erisinde, altyap\u0131 ve kald\u0131r\u0131m d\u00fczenleme \u00e7al\u0131\u015fmalar\u0131n\u0131n yan\u0131 s\u0131ra, ayd\u0131nlatma sisteminin de modern bir \u015fekilde dizayn edilece\u011fini kaydeden Kaymaz; kent mobilyalar\u0131n\u0131n, \u00e7\u00f6p kutular\u0131n\u0131n ve a\u011fa\u00e7 alt\u0131 \u0131zgaralar\u0131n da yenilenmesiyle, \u0130stiklal Caddesi \u00e7evresinin daha \u00e7a\u011fda\u015f bir g\u00f6r\u00fcn\u00fcme ula\u015ft\u0131r\u0131laca\u011f\u0131n\u0131 s\u00f6yledi.<\/p>\n<p>Kaymaz, May\u0131s ay\u0131 i\u00e7erisinde tamamlanarak Mersinlilerin kullan\u0131m\u0131na a\u00e7\u0131lmas\u0131 hedeflenen 2. etap \u00e7al\u0131\u015fman\u0131n amac\u0131 hakk\u0131nda ise, &#8220;Burada bizim as\u0131l hedefimiz, kent belle\u011finde \u00f6nemli bir yer edinen \u0130stiklal Caddesi&#8217;nin eski canl\u0131 haline yeniden kavu\u015fmas\u0131 ve dolay\u0131s\u0131yla esnafa katk\u0131 sa\u011flamas\u0131. Ayr\u0131ca buradaki yaya sirk\u00fclasyonunu art\u0131rarak, vatanda\u015flar\u0131m\u0131za daha konforlu ye\u015fil alanlar yaratmak ve mevcut ye\u015fil alan\u0131 da korumak istiyoruz&#8221; ifadelerini kulland\u0131.<\/p>\n<p>Hastane Caddesi kav\u015fa\u011f\u0131 ile \u00d6zg\u00fcr \u00c7ocuk Park\u0131 kav\u015fa\u011f\u0131 aras\u0131nda ger\u00e7ekle\u015fecek olan \u0130stiklal Caddesi 2. etap \u00e7al\u0131\u015fmalar\u0131 dolay\u0131s\u0131yla s\u00fcr\u00fcc\u00fcler, B\u00fcy\u00fck\u015fehir Belediyesi&#8217;nin sosyal medya hesaplar\u0131nda yer alan alternatif g\u00fczergahlar\u0131 kullanabilecek.  <\/p>\n","protected":false},"excerpt":{"rendered":"<p>Mersin B\u00fcy\u00fck\u015fehir Belediyesi, yenileme kapsam\u0131nda \u0130stiklal Caddesi&#8217;nde 2. Etap \u00e7al\u0131\u015fmalar\u0131na ba\u015fl\u0131yor. Belirli bir s\u00fcre ara\u00e7 trafi\u011fine kapat\u0131lacak olan caddede, ilk olarak altyap\u0131 yenileme ve asfaltlama i\u015flemleri tamamlanacak. Sonras\u0131nda kald\u0131r\u0131m d\u00fczenleme, &hellip; <a href=\"https:\/\/akdenizolaygazetesi.com\/?p=24337\" class=\"more-link\">Devam\u0131n\u0131 Oku&#8230;<\/a><\/p>\n","protected":false},"author":2,"featured_media":24338,"comment_status":"open","ping_status":"open","sticky":false,"template":"","format":"standard","meta":[],"categories":[3],"tags":[],"_links":{"self":[{"href":"https:\/\/akdenizolaygazetesi.com\/index.php?rest_route=\/wp\/v2\/posts\/24337"}],"collection":[{"href":"https:\/\/akdenizolaygazetesi.com\/index.php?rest_route=\/wp\/v2\/posts"}],"about":[{"href":"https:\/\/akdenizolaygazetesi.com\/index.php?rest_route=\/wp\/v2\/types\/post"}],"author":[{"embeddable":true,"href":"https:\/\/akdenizolaygazetesi.com\/index.php?rest_route=\/wp\/v2\/users\/2"}],"replies":[{"embeddable":true,"href":"https:\/\/akdenizolaygazetesi.com\/index.php?rest_route=%2Fwp%2Fv2%2Fcomments&post=24337"}],"version-history":[{"count":1,"href":"https:\/\/akdenizolaygazetesi.com\/index.php?rest_route=\/wp\/v2\/posts\/24337\/revisions"}],"predecessor-version":[{"id":24339,"href":"https:\/\/akdenizolaygazetesi.com\/index.php?rest_route=\/wp\/v2\/posts\/24337\/revisions\/24339"}],"wp:featuredmedia":[{"embeddable":true,"href":"https:\/\/akdenizolaygazetesi.com\/index.php?rest_route=\/wp\/v2\/media\/24338"}],"wp:attachment":[{"href":"https:\/\/akdenizolaygazetesi.com\/index.php?rest_route=%2Fwp%2Fv2%2Fmedia&parent=24337"}],"wp:term":[{"taxonomy":"category","embeddable":true,"href":"https:\/\/akdenizolaygazetesi.com\/index.php?rest_route=%2Fwp%2Fv2%2Fcategories&post=24337"},{"taxonomy":"post_tag","embeddable":true,"href":"https:\/\/akdenizolaygazetesi.com\/index.php?rest_route=%2Fwp%2Fv2%2Ftags&post=24337"}],"curies":[{"name":"wp","href":"https:\/\/api.w.org\/{rel}","templated":true}]}}