{"id":24340,"date":"2023-02-23T13:45:16","date_gmt":"2023-02-23T10:45:16","guid":{"rendered":"http:\/\/akdenizolaygazetesi.com\/?p=24340"},"modified":"2023-02-23T13:45:16","modified_gmt":"2023-02-23T10:45:16","slug":"mersin-buyuksehir-verdigi-gida-kolisi-hizmeti-ile-depremzedelerin-sofralarina-as-oluyor","status":"publish","type":"post","link":"https:\/\/akdenizolaygazetesi.com\/?p=24340","title":{"rendered":"MERS\u0130N B\u00dcY\u00dcK\u015eEH\u0130R, VERD\u0130\u011e\u0130 GIDA KOL\u0130S\u0130 H\u0130ZMET\u0130 \u0130LE DEPREMZEDELER\u0130N SOFRALARINA A\u015e OLUYOR"},"content":{"rendered":"<p>Mersin B\u00fcy\u00fck\u015fehir Belediyesi Sosyal Hizmetler Dairesi Ba\u015fkanl\u0131\u011f\u0131 taraf\u0131ndan deprem b\u00f6lgelerinden kente gelerek Mersinlilere misafir olan ya da ev kiralay\u0131p konaklayan depremzedeler i\u00e7in g\u0131da kolisi deste\u011fi ba\u015flat\u0131ld\u0131. Mersin B\u00fcy\u00fck\u015fehir Belediyesi taraf\u0131ndan bug\u00fcne kadar toplam 2 bin aileye g\u0131da kolisi deste\u011fi verildi. Deprem b\u00f6lgelerinden Mersin&#8217;e gelen vatanda\u015flar, ihtiya\u00e7 duymalar\u0131 halinde Teksin \u00fczerinden B\u00fcy\u00fck\u015fehir Belediyesi ile ileti\u015fim sa\u011flay\u0131p, g\u0131da deste\u011finden faydalanabiliyor.<br \/>\n6 \u015eubat depreminin ard\u0131ndan t\u00fcm birimlerini seferber ederek hem Mersin&#8217;de hissedilen depremden etkilenen insanlara hem farkl\u0131 illerden kente gelen depremzedelere hem de deprem b\u00f6lgelerine desteklerini ula\u015ft\u0131ran B\u00fcy\u00fck\u015fehir, bu kez de vermeye ba\u015flad\u0131\u011f\u0131 g\u0131da kolisi hizmeti ile vatanda\u015flar\u0131n sofralar\u0131na a\u015f oluyor. G\u0131da kolilerinin i\u00e7erisinde pirin\u00e7, bulgur, mercimek, kuru fasulye, nohut, makarna, \u015fehriye, irmik, un, \u00e7ay, zeytin, sal\u00e7a, ya\u011f, re\u00e7el, \u015feker ve tuz olmak \u00fczere toplam 16 temel ihtiya\u00e7 malzemesi yer al\u0131yor.<br \/>\n&#8220;Bug\u00fcne kadar yakla\u015f\u0131k 2 bin aileye koli ula\u015ft\u0131rd\u0131k&#8221;<br \/>\nMersin B\u00fcy\u00fck\u015fehir Belediyesi Sosyal Hizmetler Dairesi Ba\u015fkanl\u0131\u011f\u0131 Sosyal Yard\u0131mlar \u015eube M\u00fcd\u00fcr\u00fc \u00d6zlem Ya\u015far, &#8220;6 \u015eubat depreminden sonra B\u00fcy\u00fck\u015fehir Belediyesi olarak hem ilimizde hem de deprem b\u00f6lgesinde aktif \u00e7al\u0131\u015fmalar\u0131m\u0131z\u0131 s\u00fcrd\u00fcr\u00fcyoruz. \u015eehir merkezimizde ba\u015flatt\u0131\u011f\u0131m\u0131z ve y\u00fcr\u00fctt\u00fc\u011f\u00fcm\u00fcz bir koli hizmetimiz var. Depremden etkilenip Mersin&#8217;e gelen, bir tan\u0131d\u0131\u011f\u0131n\u0131n yan\u0131na s\u0131\u011f\u0131nm\u0131\u015f olan ya da kendisi ev kiralam\u0131\u015f olan depremzedelere koli ula\u015ft\u0131r\u0131yoruz. Bunun i\u00e7in de 185 \u00fczerinden talep olu\u015fturmalar\u0131n\u0131 istiyoruz. Talep olu\u015fturan herkese g\u0131da kolimizi ula\u015ft\u0131r\u0131yoruz&#8221; dedi. Kolinin i\u00e7eri\u011fi hakk\u0131nda da bilgiler veren Ya\u015far, &#8220;Kolilerimizde 16 kalem temel ihtiya\u00e7 malzemesi var. Pirinci, ya\u011f\u0131, bulguru makarnas\u0131 gibi. Bug\u00fcne kadar yakla\u015f\u0131k 2 bin aileye ula\u015ft\u0131rd\u0131k, ula\u015ft\u0131rmaya devam edece\u011fiz&#8221; diye konu\u015ftu.<br \/>\n&#8220;G\u00fcnl\u00fck yakla\u015f\u0131k 22 bin kap yemek \u00fcretiyoruz ve depremzedelere ula\u015ft\u0131r\u0131yoruz&#8221;<br \/>\nYa\u015far, Mersin B\u00fcy\u00fck\u015fehir Belediyesi olarak hem deprem b\u00f6lgesine hem de Mersin&#8217;e gelen depremzedelere verdikleri hizmetler hakk\u0131nda da detayl\u0131 bilgiler payla\u015farak, &#8220;Sosyal Hizmetler Dairesi olarak depremin ilk saatlerinden itibaren Mersin&#8217;de \u00e7orba ikram ederek ba\u015flad\u0131k. \u00c7orbam\u0131z haz\u0131rdayd\u0131, ilimizde depremden etkilenenlere \u00e7orba ikram ettik. Hemen ertesi g\u00fcn Mobil Mutfak T\u0131r\u0131m\u0131z Samanda\u011f&#8217;da hizmete ba\u015flad\u0131. Burada g\u00fcnde 5 bin \u00e7orba, 4 bin 400 civar\u0131nda yemek \u00fcretiyoruz. Oradaki depremzedelere hizmet veriyoruz. Mersin ve Tarsus a\u015fhanemiz hizmetteydi, buna ek olarak Silifke, Anamur ve Erdemli&#8217;de mutfaklar olu\u015fturduk, orada da yemek \u00fcretiyoruz. G\u00fcnl\u00fck yakla\u015f\u0131k 22 bin kap yemek \u00fcretiyoruz ve depremzedelere ula\u015ft\u0131r\u0131yoruz&#8221; ifadelerine yer verdi.<br \/>\n\u00d6zellikle toplu ya\u015fanan alanlara toplu yemek g\u00f6nderdiklerini de aktaran Ya\u015far, B\u00fcy\u00fck\u015fehir Belediyesi&#8217;nin Mersin&#8217;de toplam 7 dayan\u0131\u015fma noktas\u0131 oldu\u011funu vurgulad\u0131. Ya\u015far, &#8220;Silifke, K\u0131zkalesi, Erdemli, Mersin ve Tarsus olmak \u00fczere 7 noktada. Bu noktalarda hem ba\u011f\u0131\u015f kabul ediyoruz hem de ihtiya\u00e7 sahiplerine mama, bez, \u0131slak mendil, hijyen malzemeleri, giysi olmak \u00fczere temel ihtiya\u00e7lar\u0131n\u0131 elden teslim ediyoruz&#8221; dedi.<br \/>\n&#8220;\u0130htiyac\u0131 olan herkes 185&#8217;ten yeti\u015febilir&#8221;<br \/>\nKoli deste\u011finden faydalanan vatanda\u015flardan Sabahat Kad\u0131, &#8220;Ger\u00e7ekten bir travma ya\u015fad\u0131k. Zor att\u0131k kendimizi d\u0131\u015far\u0131. Ondan sonra bakt\u0131k olacak gibi de\u011fil, \u00e7ektik k\u0131z\u0131m\u0131z\u0131n yan\u0131na geldik ama b\u00fct\u00fcn e\u015fyalar\u0131m\u0131z enkaz alt\u0131nda kald\u0131. Hi\u00e7bir \u015fey \u00e7\u0131karamad\u0131k. Zaman ne g\u00f6sterir onu da bilmiyorum, k\u0131z\u0131m\u0131n yan\u0131nda kalmay\u0131 d\u00fc\u015f\u00fcn\u00fcyoruz. K\u0131z\u0131m\u0131n da durumu yok ama ba\u015fka gidecek yerimiz yok&#8221; diye depremde ya\u015fad\u0131klar\u0131n\u0131 anlatt\u0131.<br \/>\nG\u0131da kolisi deste\u011finden de nas\u0131l faydaland\u0131\u011f\u0131n\u0131 anlatan Kad\u0131, &#8220;Bir tan\u0131d\u0131\u011f\u0131m\u0131z, bir ahbab\u0131m\u0131z bizi y\u00f6nlendirdi size ve ula\u015ft\u0131k. Ama 185&#8217;ten de B\u00fcy\u00fck\u015fehir Belediyesi aranabiliyor, her t\u00fcrl\u00fc yard\u0131m\u0131 yapabiliyor. \u0130steyenlerin ba\u015fvuru yapmalar\u0131n\u0131 rica ediyorum. \u0130htiyac\u0131 olan herkes 185&#8217;ten yeti\u015febilir&#8221; dedi.<\/p>\n","protected":false},"excerpt":{"rendered":"<p>Mersin B\u00fcy\u00fck\u015fehir Belediyesi Sosyal Hizmetler Dairesi Ba\u015fkanl\u0131\u011f\u0131 taraf\u0131ndan deprem b\u00f6lgelerinden kente gelerek Mersinlilere misafir olan ya da ev kiralay\u0131p konaklayan depremzedeler i\u00e7in g\u0131da kolisi deste\u011fi ba\u015flat\u0131ld\u0131. Mersin B\u00fcy\u00fck\u015fehir Belediyesi taraf\u0131ndan &hellip; <a href=\"https:\/\/akdenizolaygazetesi.com\/?p=24340\" class=\"more-link\">Devam\u0131n\u0131 Oku&#8230;<\/a><\/p>\n","protected":false},"author":2,"featured_media":24341,"comment_status":"open","ping_status":"open","sticky":false,"template":"","format":"standard","meta":[],"categories":[2,3,5],"tags":[],"_links":{"self":[{"href":"https:\/\/akdenizolaygazetesi.com\/index.php?rest_route=\/wp\/v2\/posts\/24340"}],"collection":[{"href":"https:\/\/akdenizolaygazetesi.com\/index.php?rest_route=\/wp\/v2\/posts"}],"about":[{"href":"https:\/\/akdenizolaygazetesi.com\/index.php?rest_route=\/wp\/v2\/types\/post"}],"author":[{"embeddable":true,"href":"https:\/\/akdenizolaygazetesi.com\/index.php?rest_route=\/wp\/v2\/users\/2"}],"replies":[{"embeddable":true,"href":"https:\/\/akdenizolaygazetesi.com\/index.php?rest_route=%2Fwp%2Fv2%2Fcomments&post=24340"}],"version-history":[{"count":1,"href":"https:\/\/akdenizolaygazetesi.com\/index.php?rest_route=\/wp\/v2\/posts\/24340\/revisions"}],"predecessor-version":[{"id":24342,"href":"https:\/\/akdenizolaygazetesi.com\/index.php?rest_route=\/wp\/v2\/posts\/24340\/revisions\/24342"}],"wp:featuredmedia":[{"embeddable":true,"href":"https:\/\/akdenizolaygazetesi.com\/index.php?rest_route=\/wp\/v2\/media\/24341"}],"wp:attachment":[{"href":"https:\/\/akdenizolaygazetesi.com\/index.php?rest_route=%2Fwp%2Fv2%2Fmedia&parent=24340"}],"wp:term":[{"taxonomy":"category","embeddable":true,"href":"https:\/\/akdenizolaygazetesi.com\/index.php?rest_route=%2Fwp%2Fv2%2Fcategories&post=24340"},{"taxonomy":"post_tag","embeddable":true,"href":"https:\/\/akdenizolaygazetesi.com\/index.php?rest_route=%2Fwp%2Fv2%2Ftags&post=24340"}],"curies":[{"name":"wp","href":"https:\/\/api.w.org\/{rel}","templated":true}]}}