{"id":24343,"date":"2023-02-23T13:47:58","date_gmt":"2023-02-23T10:47:58","guid":{"rendered":"http:\/\/akdenizolaygazetesi.com\/?p=24343"},"modified":"2023-02-23T13:47:58","modified_gmt":"2023-02-23T10:47:58","slug":"akdeniz-belediyesinin-kente-goc-eden-afet-magdurlari-icin-baslattigi-yardim-seferberligi-suruyor","status":"publish","type":"post","link":"https:\/\/akdenizolaygazetesi.com\/?p=24343","title":{"rendered":"Akdeniz Belediyesi\u2019nin kente g\u00f6\u00e7 eden afet ma\u011fdurlar\u0131 i\u00e7in ba\u015flatt\u0131\u011f\u0131 yard\u0131m seferberli\u011fi s\u00fcr\u00fcyor"},"content":{"rendered":"<p>Kahramanmara\u015f merkezli 11 ili derinden etkileyen deprem felaketi nedeniyle yard\u0131m seferberli\u011fini aral\u0131ks\u0131z s\u00fcrd\u00fcren Akdeniz Belediyesi, y\u0131k\u0131c\u0131 depremler sonucu ya\u015fad\u0131klar\u0131 kentleri terk ederek Mersin\u2019e g\u00f6\u00e7 eden vatanda\u015flar i\u00e7in haz\u0131rlad\u0131\u011f\u0131 ve binlerce yeni k\u0131yafetin sergilendi\u011fi giysi marketini hizmete a\u00e7t\u0131.<br \/>\nAkdeniz Belediyesi K\u00fclt\u00fcr ve Sosyal \u0130\u015fler M\u00fcd\u00fcrl\u00fc\u011f\u00fc, depremzede vatanda\u015flar i\u00e7in ilk g\u00fcnden itibaren ba\u015flatt\u0131\u011f\u0131 yard\u0131m ve destek seferberli\u011fini s\u00fcrd\u00fcr\u00fcyor. Akdeniz Belediye Ba\u015fkan\u0131 M. Mustafa G\u00fcltak\u2019\u0131n \u00e7a\u011fr\u0131s\u0131yla ba\u015flayan kampanya sayesinde ma\u011fazalar ve hay\u0131rseverlerin katk\u0131s\u0131yla toplanan binlerce kullan\u0131lmam\u0131\u015f k\u0131yafet deprem ma\u011fduru vatanda\u015flara ula\u015ft\u0131r\u0131lacak. Belediye hizmet binas\u0131 yan\u0131nda kurulan \u00e7ad\u0131rlara konulan yeni giysiler, depremzede vatanda\u015flara ilk elden teslim edilecek.<br \/>\nBa\u015fkan G\u00fcltak, \u201cEkiplerimizin deprem b\u00f6lgesinde \u00e7al\u0131\u015fmalar\u0131 s\u00fcr\u00fcyor\u201d<br \/>\nT\u00fcrkiye\u2019nin, son bin y\u0131l\u0131n afetini ya\u015fad\u0131\u011f\u0131n\u0131 dile getiren Akdeniz Belediye Ba\u015fkan\u0131 M. Mustafa G\u00fcltak, depremin ilk g\u00fcn\u00fcnden itibaren b\u00f6lgeye arama kurtarma personeli ile birlikte onlarca i\u015f makinesi g\u00f6nderdiklerini ve \u00e7al\u0131\u015fmalar\u0131n halen s\u00fcrd\u00fc\u011f\u00fcn\u00fc hat\u0131rlatt\u0131. Ba\u015fkan G\u00fcltak, \u201cMersin\u2019e g\u00f6\u00e7 eden depremzede vatanda\u015flar\u0131m\u0131z\u0131 da mahalle k\u00fclt\u00fcr sanat evlerimizde ve di\u011fer tesislerimizde a\u011f\u0131rl\u0131yoruz. Akdeniz\u2019de \u015fu an binin \u00fczerinde afet ma\u011fduru misafirimiz bar\u0131n\u0131yor. Hay\u0131rsever ki\u015fi, kurum ve derneklerin deste\u011fiyle misafirlerimizin 3 \u00f6\u011f\u00fcn yemek ihtiyac\u0131n\u0131 da kar\u015f\u0131l\u0131yoruz\u201d dedi.<br \/>\nGiysi deste\u011fi Pazartesi g\u00fcn\u00fcnden itibaren ba\u015fl\u0131yor<br \/>\nAkdeniz Kaymakaml\u0131\u011f\u0131\u2019na kay\u0131tl\u0131 olan ve Akdeniz il\u00e7emiz s\u0131n\u0131rlar\u0131nda misafir etti\u011fimiz depremzede vatanda\u015flar\u0131m\u0131za her t\u00fcrl\u00fc k\u0131yafet deste\u011fini sunaca\u011f\u0131z. Giyim marketimizde kad\u0131n, \u00e7ocuk, gen\u00e7 her kesimin ihtiyac\u0131na cevap verebilecek s\u0131f\u0131r k\u0131yafet \u00e7e\u015fitlerimiz haz\u0131r. Ba\u015fvuran depremzede vatanda\u015flar\u0131m\u0131z, ihtiya\u00e7 duyduklar\u0131 giysileri buradan temin edebilecek. Hizmetimiz, 27 \u015eubat 2023 Pazartesi g\u00fcn\u00fc hayata ge\u00e7iyor.<br \/>\nGiysi ihtiyac\u0131 olan deprem ma\u011fduru vatanda\u015flar\u0131m\u0131z\u0131 giysi markete bekliyoruz. Misafirlerimize aile s\u0131cakl\u0131\u011f\u0131n\u0131 ya\u015fatarak, ihtiya\u00e7lar\u0131n\u0131 gidermeye y\u00f6nelik hizmetleri vermeye devam edece\u011fiz. Bu marketimizin kurulmas\u0131n\u0131 sa\u011flayan de\u011ferli mesai arkada\u015flar\u0131ma, destek veren ma\u011faza sahiplerine ve depremin ilk g\u00fcn\u00fcnden beri afet ma\u011fduru vatanda\u015flar\u0131m\u0131z\u0131n yan\u0131nda olan hay\u0131rsever vatanda\u015flar\u0131m\u0131za \u015f\u00fckranlar\u0131m\u0131 sunuyorum\u201d diye konu\u015ftu.<\/p>\n","protected":false},"excerpt":{"rendered":"<p>Kahramanmara\u015f merkezli 11 ili derinden etkileyen deprem felaketi nedeniyle yard\u0131m seferberli\u011fini aral\u0131ks\u0131z s\u00fcrd\u00fcren Akdeniz Belediyesi, y\u0131k\u0131c\u0131 depremler sonucu ya\u015fad\u0131klar\u0131 kentleri terk ederek Mersin\u2019e g\u00f6\u00e7 eden vatanda\u015flar i\u00e7in haz\u0131rlad\u0131\u011f\u0131 ve binlerce &hellip; <a href=\"https:\/\/akdenizolaygazetesi.com\/?p=24343\" class=\"more-link\">Devam\u0131n\u0131 Oku&#8230;<\/a><\/p>\n","protected":false},"author":2,"featured_media":24344,"comment_status":"open","ping_status":"open","sticky":false,"template":"","format":"standard","meta":[],"categories":[2,3,5],"tags":[],"_links":{"self":[{"href":"https:\/\/akdenizolaygazetesi.com\/index.php?rest_route=\/wp\/v2\/posts\/24343"}],"collection":[{"href":"https:\/\/akdenizolaygazetesi.com\/index.php?rest_route=\/wp\/v2\/posts"}],"about":[{"href":"https:\/\/akdenizolaygazetesi.com\/index.php?rest_route=\/wp\/v2\/types\/post"}],"author":[{"embeddable":true,"href":"https:\/\/akdenizolaygazetesi.com\/index.php?rest_route=\/wp\/v2\/users\/2"}],"replies":[{"embeddable":true,"href":"https:\/\/akdenizolaygazetesi.com\/index.php?rest_route=%2Fwp%2Fv2%2Fcomments&post=24343"}],"version-history":[{"count":1,"href":"https:\/\/akdenizolaygazetesi.com\/index.php?rest_route=\/wp\/v2\/posts\/24343\/revisions"}],"predecessor-version":[{"id":24345,"href":"https:\/\/akdenizolaygazetesi.com\/index.php?rest_route=\/wp\/v2\/posts\/24343\/revisions\/24345"}],"wp:featuredmedia":[{"embeddable":true,"href":"https:\/\/akdenizolaygazetesi.com\/index.php?rest_route=\/wp\/v2\/media\/24344"}],"wp:attachment":[{"href":"https:\/\/akdenizolaygazetesi.com\/index.php?rest_route=%2Fwp%2Fv2%2Fmedia&parent=24343"}],"wp:term":[{"taxonomy":"category","embeddable":true,"href":"https:\/\/akdenizolaygazetesi.com\/index.php?rest_route=%2Fwp%2Fv2%2Fcategories&post=24343"},{"taxonomy":"post_tag","embeddable":true,"href":"https:\/\/akdenizolaygazetesi.com\/index.php?rest_route=%2Fwp%2Fv2%2Ftags&post=24343"}],"curies":[{"name":"wp","href":"https:\/\/api.w.org\/{rel}","templated":true}]}}