{"id":24346,"date":"2023-02-23T13:49:30","date_gmt":"2023-02-23T10:49:30","guid":{"rendered":"http:\/\/akdenizolaygazetesi.com\/?p=24346"},"modified":"2023-02-23T13:49:30","modified_gmt":"2023-02-23T10:49:30","slug":"secer-buyuksehirin-hatayda-kurdugu-cadir-kenti-ziyaret-etti","status":"publish","type":"post","link":"https:\/\/akdenizolaygazetesi.com\/?p=24346","title":{"rendered":"SE\u00c7ER, B\u00dcY\u00dcK\u015eEH\u0130R&#8217;\u0130N HATAY&#8217;DA KURDU\u011eU \u00c7ADIR KENT\u0130 Z\u0130YARET ETT\u0130"},"content":{"rendered":"<p>Mersin B\u00fcy\u00fck\u015fehir Belediye Ba\u015fkan\u0131 Vahap Se\u00e7er, bir yandan deprem b\u00f6lgeleri ve kente gelen depremzedelere y\u00f6nelik \u00e7al\u0131\u015fmalar\u0131n\u0131 s\u00fcrd\u00fcr\u00fcrken bir yandan da afetin ya\u015fand\u0131\u011f\u0131 b\u00f6lgelere giderek yurtta\u015flar\u0131n yan\u0131nda olmaya devam ediyor. Ya\u015fanan felaketin ilk haftas\u0131nda depremin ya\u015fand\u0131\u011f\u0131 10 ili de ziyaret eden Ba\u015fkan Se\u00e7er, CHP Lideri Kemal K\u0131l\u0131\u00e7daro\u011flu ve CHP&#8217;li B\u00fcy\u00fck\u015fehir Belediye Ba\u015fkanlar\u0131 ile birlikte tekrardan Hatay&#8217;a gitti. Se\u00e7er ve K\u0131l\u0131\u00e7daro\u011flu ile B\u00fcy\u00fck\u015fehir Belediye Ba\u015fkanlar\u0131, Hatay B\u00fcy\u00fck\u015fehir Belediye Ba\u015fkan\u0131 L\u00fctf\u00fc Sava\u015f ile \u00e7al\u0131\u015fmalar hakk\u0131nda isti\u015farede bulundu.<br \/>\nBa\u015fkan Se\u00e7er ve CHP Lideri Kemal K\u0131l\u0131\u00e7daro\u011flu&#8217;na, Hatay&#8217;daki ziyaretlerinde \u0130stanbul B\u00fcy\u00fck\u015fehir Belediye Ba\u015fkan\u0131 Ekrem \u0130mamo\u011flu, Ankara B\u00fcy\u00fck\u015fehir Belediye Ba\u015fkan\u0131 Mansur Yava\u015f, Antalya B\u00fcy\u00fck\u015fehir Belediye Ba\u015fkan\u0131 Muhittin B\u00f6cek, Adana B\u00fcy\u00fck\u015fehir Belediye Ba\u015fkan\u0131 Zeydan Karalar, Ayd\u0131n B\u00fcy\u00fck\u015fehir Belediye Ba\u015fkan\u0131 \u00d6zlem \u00c7er\u00e7io\u011flu ve Tekirda\u011f B\u00fcy\u00fck\u015fehir Belediye Ba\u015fkan\u0131 Kadir Albayrak da e\u015flik etti.<br \/>\nBa\u015fkan Se\u00e7er Mersin B\u00fcy\u00fck\u015fehir&#8217;in kurdu\u011fu \u00e7ad\u0131r kenti ziyaret etti<br \/>\nBa\u015fkan Vahap Se\u00e7er beraberinde Adana B\u00fcy\u00fck\u015fehir Belediye Ba\u015fkan\u0131 Zeydan Karalar ile Mersin B\u00fcy\u00fck\u015fehir Belediyesi ve T\u00fcrk ve \u0130sve\u00e7 Lionlar\u0131 taraf\u0131ndan kurulan 1500 ki\u015fi kapasiteli \u00e7ad\u0131r kenti ziyaret edip incelemelerde bulundu. Yurtta\u015flar taraf\u0131ndan s\u0131cak bir \u015fekilde kar\u015f\u0131lanan ve onlara &#8216;Ge\u00e7mi\u015f olsun&#8217; dileklerini ileterek sohbet eden Ba\u015fkan Se\u00e7er, yetkililerden \u00e7ad\u0131r kentin sosyal donat\u0131 alanlar\u0131, hizmetleri ve g\u00fcnl\u00fck i\u015fleyi\u015fi hakk\u0131nda bilgi ald\u0131.<\/p>\n<p>\u00c7ad\u0131r kentte ya\u015fayan bir depremzede ise Ba\u015fkan Se\u00e7er&#8217;e te\u015fekk\u00fcr ederek &#8220;Ekipleriniz gece-g\u00fcnd\u00fcz demeden b\u00fcy\u00fck fedakarl\u0131kla, canla ba\u015fla \u00e7al\u0131\u015f\u0131yorlar. Emeklerinize, y\u00fcre\u011finize sa\u011fl\u0131k&#8221; diyerek duygular\u0131n\u0131 ifade etti.<br \/>\nK\u0131l\u0131\u00e7daro\u011flu: &#8220;Mersin&#8217;in y\u00fck\u00fc artt\u0131&#8221;<br \/>\n\u00d6te yandan ziyaretlerinin ard\u0131ndan a\u00e7\u0131klamalarda bulunan CHP Lideri Kemal K\u0131l\u0131\u00e7daro\u011flu ise deprem sonras\u0131 Mersin&#8217;de ya\u015fanan yo\u011fun g\u00f6\u00e7 dalgas\u0131n\u0131n kentin y\u00fck\u00fcn\u00fc art\u0131rd\u0131\u011f\u0131na dikkat \u00e7ekerek &#8220;Mersin B\u00fcy\u00fck\u015fehir Belediye Ba\u015fkan\u0131m\u0131z burada. Onun da y\u00fck\u00fc ba\u015fka t\u00fcrl\u00fc artt\u0131. \u00c7\u00fcnk\u00fc buradan oraya yakla\u015f\u0131k 350 bin ki\u015filik bir n\u00fcfus ak\u0131m\u0131 var. Dolay\u0131s\u0131yla oran\u0131n da sorunlar\u0131n\u0131n bir \u015fekilde \u00e7\u00f6z\u00fclmesi gerekiyor, \u00e7aba harcanmas\u0131 gerekiyor. T\u00fcrkiye&#8217;nin \u00e7\u00f6z\u00fclemeyecek hi\u00e7bir sorunu yoktur. B\u00fct\u00fcn mesele, e\u011fer siyaset kurumu do\u011facak olan sorunu \u00f6nceden g\u00f6r\u00fcp bunun \u00f6nlemini alabilirse en az\u0131ndan kay\u0131plar\u0131m\u0131z \u00e7ok daha az olabilirdi, \u00e7ok daha sa\u011fl\u0131kl\u0131 bir planlama yapabilirdik&#8221; diye konu\u015ftu.<\/p>\n<p>&#8220;Bu ac\u0131lar\u0131 sarmak i\u00e7in belediyeler ellerinden gelen b\u00fct\u00fcn \u00e7abalar\u0131 g\u00f6steriyor&#8221;<br \/>\nDepremin \u00fczerinden 17 g\u00fcn ge\u00e7mesine ra\u011fmen Hatay&#8217;da yurtta\u015flar\u0131n hala bir\u00e7ok sorunla kar\u015f\u0131 kar\u015f\u0131ya kald\u0131klar\u0131n\u0131 belirten K\u0131l\u0131\u00e7daro\u011flu,  &#8220;Su sorunu gibi, \u00e7ad\u0131r sorunu gibi gitti\u011fimiz yerlerde dile getiriliyor ama bir \u015fekliyle bunun \u00e7\u00f6z\u00fclmesi laz\u0131m. Elimizden gelen \u00e7abay\u0131 g\u00f6steriyoruz&#8221; dedi.<br \/>\nDepremin a\u00e7t\u0131\u011f\u0131 yaralar\u0131 el birli\u011fiyle saracaklar\u0131n\u0131 belirten K\u0131l\u0131\u00e7daro\u011flu, CHP&#8217;li B\u00fcy\u00fck\u015fehir Belediye Ba\u015fkanlar\u0131n\u0131n da t\u00fcm imk\u00e2nlar\u0131 depremzedeler i\u00e7in seferber ettiklerini belirterek, &#8220;B\u00fct\u00fcn Belediye Ba\u015fkan\u0131 arkada\u015flara y\u00fcrekten te\u015fekk\u00fcr ederiz. \u00c7\u00fcnk\u00fc belediyelerin g\u00fc\u00e7leri var, imk\u00e2nlar\u0131 var. Dolay\u0131s\u0131yla bu ac\u0131lar\u0131 sarmak i\u00e7in belediyeler ellerinden gelen b\u00fct\u00fcn \u00e7abalar\u0131 g\u00f6steriyorlar. El birli\u011fiyle b\u00fct\u00fcn bu sorunlar\u0131 \u00e7\u00f6zece\u011fiz. Belediye Ba\u015fkanlar\u0131m\u0131z burada, onlar\u0131n ekipleri burada. Hepsine y\u00fcrekten te\u015fekk\u00fcr ederim&#8221; ifadelerine yer verdi.<\/p>\n","protected":false},"excerpt":{"rendered":"<p>Mersin B\u00fcy\u00fck\u015fehir Belediye Ba\u015fkan\u0131 Vahap Se\u00e7er, bir yandan deprem b\u00f6lgeleri ve kente gelen depremzedelere y\u00f6nelik \u00e7al\u0131\u015fmalar\u0131n\u0131 s\u00fcrd\u00fcr\u00fcrken bir yandan da afetin ya\u015fand\u0131\u011f\u0131 b\u00f6lgelere giderek yurtta\u015flar\u0131n yan\u0131nda olmaya devam ediyor. Ya\u015fanan &hellip; <a href=\"https:\/\/akdenizolaygazetesi.com\/?p=24346\" class=\"more-link\">Devam\u0131n\u0131 Oku&#8230;<\/a><\/p>\n","protected":false},"author":2,"featured_media":24347,"comment_status":"open","ping_status":"open","sticky":false,"template":"","format":"standard","meta":[],"categories":[2,3,5],"tags":[],"_links":{"self":[{"href":"https:\/\/akdenizolaygazetesi.com\/index.php?rest_route=\/wp\/v2\/posts\/24346"}],"collection":[{"href":"https:\/\/akdenizolaygazetesi.com\/index.php?rest_route=\/wp\/v2\/posts"}],"about":[{"href":"https:\/\/akdenizolaygazetesi.com\/index.php?rest_route=\/wp\/v2\/types\/post"}],"author":[{"embeddable":true,"href":"https:\/\/akdenizolaygazetesi.com\/index.php?rest_route=\/wp\/v2\/users\/2"}],"replies":[{"embeddable":true,"href":"https:\/\/akdenizolaygazetesi.com\/index.php?rest_route=%2Fwp%2Fv2%2Fcomments&post=24346"}],"version-history":[{"count":1,"href":"https:\/\/akdenizolaygazetesi.com\/index.php?rest_route=\/wp\/v2\/posts\/24346\/revisions"}],"predecessor-version":[{"id":24348,"href":"https:\/\/akdenizolaygazetesi.com\/index.php?rest_route=\/wp\/v2\/posts\/24346\/revisions\/24348"}],"wp:featuredmedia":[{"embeddable":true,"href":"https:\/\/akdenizolaygazetesi.com\/index.php?rest_route=\/wp\/v2\/media\/24347"}],"wp:attachment":[{"href":"https:\/\/akdenizolaygazetesi.com\/index.php?rest_route=%2Fwp%2Fv2%2Fmedia&parent=24346"}],"wp:term":[{"taxonomy":"category","embeddable":true,"href":"https:\/\/akdenizolaygazetesi.com\/index.php?rest_route=%2Fwp%2Fv2%2Fcategories&post=24346"},{"taxonomy":"post_tag","embeddable":true,"href":"https:\/\/akdenizolaygazetesi.com\/index.php?rest_route=%2Fwp%2Fv2%2Ftags&post=24346"}],"curies":[{"name":"wp","href":"https:\/\/api.w.org\/{rel}","templated":true}]}}