{"id":24349,"date":"2023-02-23T16:47:48","date_gmt":"2023-02-23T13:47:48","guid":{"rendered":"http:\/\/akdenizolaygazetesi.com\/?p=24349"},"modified":"2023-02-23T16:47:48","modified_gmt":"2023-02-23T13:47:48","slug":"baskan-yilmaz-dayanismayi-birlikte-buyutuyoruz","status":"publish","type":"post","link":"https:\/\/akdenizolaygazetesi.com\/?p=24349","title":{"rendered":"BA\u015eKAN YILMAZ; &#8220;DAYANI\u015eMAYI B\u0130RL\u0130KTE B\u00dcY\u00dcT\u00dcYORUZ&#8221;"},"content":{"rendered":"<p>Toroslar Belediyesi, deprem b\u00f6lgesinden kente gelen depremzedelere deste\u011fini s\u00fcrd\u00fcr\u00fcrken, Toroslar&#8217;da b\u00fcy\u00fck birlik ve beraberlik \u00f6rne\u011fi de sergileniyor.<\/p>\n<p>Depremzedelerin yaralar\u0131n\u0131 sarmak ve temel ihtiya\u00e7lar\u0131n\u0131n kar\u015f\u0131lanmas\u0131 i\u00e7in ilk g\u00fcnden itibaren b\u00fcy\u00fck bir gayret g\u00f6sterdiklerini belirten Toroslar Belediye Ba\u015fkan\u0131 Ats\u0131z Af\u015f\u0131n Y\u0131lmaz; &#8220;\u0130l\u00e7emize misafir olarak gelen depremzede karde\u015flerimizin bar\u0131nma, giyim, g\u0131da ve hijyen gibi ihtiya\u00e7lar\u0131n\u0131 kar\u015f\u0131l\u0131yoruz. Bunu da Toroslar halk\u0131n\u0131n b\u00fcy\u00fck dayan\u0131\u015fmas\u0131yla ger\u00e7ekle\u015ftiriyoruz&#8221; dedi.<\/p>\n<p>Kahramanmara\u015f merkezli 11 ili etkileyen depremlerin ard\u0131ndan il\u00e7edeki sosyal tesislerde ve evlerde konaklayan depremzedelerin her t\u00fcrl\u00fc ya\u015famsal ihtiya\u00e7lar\u0131n\u0131n kar\u015f\u0131lanmas\u0131 i\u00e7in seferber olan Toroslar Belediyesi, Yunus Emre K\u00fclt\u00fcr Merkezi&#8217;nde olu\u015fturdu\u011fu Acil Destek Merkezi ile birebir insana dokunan \u00e7al\u0131\u015fmalar y\u00fcr\u00fct\u00fcyor.<\/p>\n<p>Toroslar Belediyesinin yemekhanesinde de \u00f6zenle haz\u0131rlanan s\u0131cak yemekler her g\u00fcn depremzedelerin kald\u0131klar\u0131 yerlere ula\u015ft\u0131r\u0131l\u0131yor. Ayr\u0131ca, merkezde depremzede \u00e7ocuklar i\u00e7in uzman e\u011fitmenler e\u015fli\u011finde \u00e7e\u015fitli faaliyetler de yap\u0131l\u0131yor.<\/p>\n<p>&#8220;\u00dclkemizin En B\u00fcy\u00fck G\u00fcc\u00fc; Birli\u011fi, Beraberli\u011fi ve Karde\u015fli\u011fidir&#8221;<\/p>\n<p>Toroslar Belediye Ba\u015fkan\u0131 Ats\u0131z Af\u015f\u0131n Y\u0131lmaz; &#8220;Hep birlikte, bir ve beraber olarak bu zor g\u00fcnlerin \u00fcstesinden gelece\u011fimize inan\u0131yorum. Ac\u0131lar\u0131 payla\u015f\u0131yor, yaralar\u0131 birlikte sar\u0131yoruz. T\u00fcm misafirlerimizi en iyi \u015fekilde a\u011f\u0131rlaman\u0131n gayreti i\u00e7erisindeyiz&#8221; dedi.<\/p>\n<p>&#8220;Bu s\u00fcre\u00e7te depremzedelerin yan\u0131nda olan ve destek veren esnaf\u0131m\u0131za, i\u015f insanlar\u0131m\u0131za ve hem\u015fehrilerimize de ayr\u0131 ayr\u0131 te\u015fekk\u00fcr ediyorum&#8221; diyen Ba\u015fkan Y\u0131lmaz; &#8220;El ele g\u00f6n\u00fcl g\u00f6n\u00fcle vererek dayan\u0131\u015fma ve karde\u015flik ruhu ile bu s\u00fcreci birlikte atlataca\u011f\u0131z in\u015fallah. Yunus Emre K\u00fclt\u00fcr Merkezimize gelen depremzede karde\u015flerimiz, T.C. kimlik numaras\u0131 ve adres kontrollerinin sa\u011flanmas\u0131n\u0131n ard\u0131ndan belediyemizden ihtiya\u00e7 duyduklar\u0131 deste\u011fi alabilirler&#8221; diye konu\u015ftu.<\/p>\n","protected":false},"excerpt":{"rendered":"<p>Toroslar Belediyesi, deprem b\u00f6lgesinden kente gelen depremzedelere deste\u011fini s\u00fcrd\u00fcr\u00fcrken, Toroslar&#8217;da b\u00fcy\u00fck birlik ve beraberlik \u00f6rne\u011fi de sergileniyor. Depremzedelerin yaralar\u0131n\u0131 sarmak ve temel ihtiya\u00e7lar\u0131n\u0131n kar\u015f\u0131lanmas\u0131 i\u00e7in ilk g\u00fcnden itibaren b\u00fcy\u00fck bir &hellip; <a href=\"https:\/\/akdenizolaygazetesi.com\/?p=24349\" class=\"more-link\">Devam\u0131n\u0131 Oku&#8230;<\/a><\/p>\n","protected":false},"author":2,"featured_media":24350,"comment_status":"open","ping_status":"open","sticky":false,"template":"","format":"standard","meta":[],"categories":[2,3,5],"tags":[],"_links":{"self":[{"href":"https:\/\/akdenizolaygazetesi.com\/index.php?rest_route=\/wp\/v2\/posts\/24349"}],"collection":[{"href":"https:\/\/akdenizolaygazetesi.com\/index.php?rest_route=\/wp\/v2\/posts"}],"about":[{"href":"https:\/\/akdenizolaygazetesi.com\/index.php?rest_route=\/wp\/v2\/types\/post"}],"author":[{"embeddable":true,"href":"https:\/\/akdenizolaygazetesi.com\/index.php?rest_route=\/wp\/v2\/users\/2"}],"replies":[{"embeddable":true,"href":"https:\/\/akdenizolaygazetesi.com\/index.php?rest_route=%2Fwp%2Fv2%2Fcomments&post=24349"}],"version-history":[{"count":1,"href":"https:\/\/akdenizolaygazetesi.com\/index.php?rest_route=\/wp\/v2\/posts\/24349\/revisions"}],"predecessor-version":[{"id":24351,"href":"https:\/\/akdenizolaygazetesi.com\/index.php?rest_route=\/wp\/v2\/posts\/24349\/revisions\/24351"}],"wp:featuredmedia":[{"embeddable":true,"href":"https:\/\/akdenizolaygazetesi.com\/index.php?rest_route=\/wp\/v2\/media\/24350"}],"wp:attachment":[{"href":"https:\/\/akdenizolaygazetesi.com\/index.php?rest_route=%2Fwp%2Fv2%2Fmedia&parent=24349"}],"wp:term":[{"taxonomy":"category","embeddable":true,"href":"https:\/\/akdenizolaygazetesi.com\/index.php?rest_route=%2Fwp%2Fv2%2Fcategories&post=24349"},{"taxonomy":"post_tag","embeddable":true,"href":"https:\/\/akdenizolaygazetesi.com\/index.php?rest_route=%2Fwp%2Fv2%2Ftags&post=24349"}],"curies":[{"name":"wp","href":"https:\/\/api.w.org\/{rel}","templated":true}]}}