{"id":24352,"date":"2023-02-23T16:49:05","date_gmt":"2023-02-23T13:49:05","guid":{"rendered":"http:\/\/akdenizolaygazetesi.com\/?p=24352"},"modified":"2023-02-23T16:49:05","modified_gmt":"2023-02-23T13:49:05","slug":"depremden-etkilenen-gazetelere-ikinci-destek-paketi-onaylandi","status":"publish","type":"post","link":"https:\/\/akdenizolaygazetesi.com\/?p=24352","title":{"rendered":"Depremden etkilenen gazetelere ikinci destek paketi onayland\u0131"},"content":{"rendered":"<p>Deprem b\u00f6lgesindeki gazetelere maddi destek sa\u011flanmas\u0131na, gazetelerin mevzuat\u0131n baz\u0131 h\u00fck\u00fcmlerinden muaf tutulmas\u0131na ve gazetecilere verilecek bor\u00e7 para miktar\u0131n\u0131n art\u0131r\u0131larak geri \u00f6demelerin ertelenmesine karar verildi.<\/p>\n<p>Bas\u0131n \u0130lan Kurumu Genel Kurulu 31. D\u00f6nem 6. Toplant\u0131s\u0131, ikinci g\u00fcn oturumunun ard\u0131ndan sona erdi. \u0130stanbul\u2019da bulunan Genel M\u00fcd\u00fcrl\u00fck binas\u0131nda ger\u00e7ekle\u015ftirilen toplant\u0131da, Kurumun 2022 Y\u0131l\u0131 Bilan\u00e7osu, Gelir Tablosu ve Y\u00f6netim Kurulu Faaliyet Raporu ile Denet\u00e7iler Raporu\u2019nun oylanarak kabul\u00fcn\u00fcn ard\u0131ndan Y\u00f6netim Kurulu ibras\u0131 onayland\u0131. Daha sonra Y\u00f6netim Kurulunun teklif ve \u00f6nergeleri; \u0130lan \u0130\u015fleri, Hukuk \u0130\u015fleri ve Mali \u0130\u015fler Komisyonlar\u0131n\u0131n g\u00f6r\u00fc\u015fleri al\u0131narak oylamaya sunuldu. Genel Kurul, oylama sonunda a\u015fa\u011f\u0131daki kararlar\u0131 ald\u0131.<\/p>\n<p>Deprem b\u00f6lgesindeki gazetelere maddi yard\u0131m yap\u0131lacak<\/p>\n<p>Bas\u0131n derneklerine ve az\u0131nl\u0131k gazetelerine verilecek 800 bin T\u00fcrk Liras\u0131n\u0131n, deprem b\u00f6lgesindeki 10 ilde yay\u0131nlanan gazetelere zarar durumlar\u0131na g\u00f6re Y\u00f6netim Kurulu taraf\u0131ndan belirlenecek \u015fekilde da\u011f\u0131t\u0131lmas\u0131na karar verildi. Yard\u0131mdan, resmi ilan yay\u0131nlama hakk\u0131 bulunan veya bekleme s\u00fcresi i\u00e7erisinde bulunan gazeteler de yararlanabilecek. Gazeteler yard\u0131mdan faydalanmak i\u00e7in 31 Mart 2023 tarihine kadar ba\u015fvuru yapabilecek. Yard\u0131mlar, gazetelerin idari ofislerinin hasar durumuna g\u00f6re belirlenecek puanlamaya g\u00f6re yap\u0131lacak.<\/p>\n<p>Resmi \u0130lan ve Reklam Y\u00f6netmeli\u011fi\u2019nin baz\u0131 h\u00fck\u00fcmlerinden muafiyet<\/p>\n<p>Deprem b\u00f6lgesindeki 10 ilde yay\u0131nlanan gazeteler, Resmi \u0130lan ve Reklam Y\u00f6netmeli\u011finin asgari fiili sat\u0131\u015f \u015fartlar\u0131na ili\u015fkin h\u00fck\u00fcmlerinden 1 Ocak 2024 tarihine kadar muaf olacak.<\/p>\n<p>Bu gazetelere ait internet haber sitelerinin resmi ilan yay\u0131nlama talebine ili\u015fkin 31 Mart 2023 olan ba\u015fvuru s\u00fcresi 30 Haziran 2023 tarihine, asgari trafik \u015fartlar\u0131n\u0131 yerine getirmeleri i\u00e7in daha \u00f6nce 30 Eyl\u00fcl 2023 olarak belirlenen tarih ise 1 Ocak 2024 tarihine kadar uzat\u0131ld\u0131.<\/p>\n<p>Ayr\u0131ca uygulama s\u00fcresinin, depremin etkisinin devam etmesi halinde 3 ay veya daha fazla s\u00fcreyle uzat\u0131lmas\u0131nda Y\u00f6netim Kurulu yetkili k\u0131l\u0131nd\u0131.<\/p>\n<p>Gazetecilere verilecek bor\u00e7 para miktar\u0131 art\u0131r\u0131ld\u0131, \u00f6deme s\u00fcreleri uzat\u0131ld\u0131<\/p>\n<p>Bas\u0131n \u0130lan Kurumu taraf\u0131ndan afet b\u00f6lgesindeki bas\u0131nda fikren ve bedenen \u00e7al\u0131\u015fanlara verilen bor\u00e7 para miktar\u0131n\u0131n iki kat art\u0131r\u0131lmas\u0131 \u00f6nerisi de Genel Kurul taraf\u0131ndan kabul edildi. Deprem b\u00f6lgesinde g\u00f6rev yapan bas\u0131n \u00e7al\u0131\u015fanlar\u0131, alacaklar\u0131 bor\u00e7 paran\u0131n geri \u00f6demesini 6 aya kadar erteleyebilecek.<\/p>\n<p>S\u00fcreli yay\u0131nlara verilecek krediler i\u00e7in 2023 y\u0131l\u0131nda y\u00fczde 14,30 faiz uygulanacak.<\/p>\n<p>Genel M\u00fcd\u00fcr Erk\u0131l\u0131n\u00e7, bas\u0131n sekt\u00f6r\u00fcne y\u00f6nelik deprem raporunu sundu<\/p>\n<p>Toplant\u0131da Genel M\u00fcd\u00fcr Cavit Erk\u0131l\u0131n\u00e7, Genel M\u00fcd\u00fcr Yard\u0131mc\u0131s\u0131 Mesut Onat ba\u015fkanl\u0131\u011f\u0131nda, Hukuk M\u00fc\u015faviri Bilal K\u0131l\u0131n\u00e7 ve \u015fube m\u00fcd\u00fcrlerinin kat\u0131l\u0131m\u0131 ile olu\u015fturulan heyetin depremin etkiledi\u011fi illerde yay\u0131nlanan gazetelere y\u00f6nelik haz\u0131rlad\u0131\u011f\u0131 saha raporuna ili\u015fkin Genel Kurul \u00fcyelerine bilgi verdi.<\/p>\n<p>G\u00f6revlendirdi\u011fi heyetin 15-21 \u015eubat 2023 tarihleri aras\u0131nda depremin etkiledi\u011fi illerdeki bas\u0131n kurulu\u015flar\u0131 ve gazetecileri ziyaret ederek durumlar\u0131na ili\u015fkin ayr\u0131nt\u0131l\u0131 bir rapor haz\u0131rlad\u0131\u011f\u0131n\u0131 belirten Erk\u0131l\u0131n\u00e7, afetin ilk anlar\u0131ndan itibaren Kurum olarak \u00fczerlerine d\u00fc\u015feni yapt\u0131klar\u0131n\u0131, deprem b\u00f6lgesindeki bas\u0131n \u00e7al\u0131\u015fanlar\u0131n\u0131n sahada da yan\u0131nda olduklar\u0131n\u0131 s\u00f6yledi. B\u00f6lgede 130 gazete i\u015fletmesinin ve 654 gazete \u00e7al\u0131\u015fan\u0131n\u0131n depremden etkilendi\u011fi bilgisini veren Erk\u0131l\u0131n\u00e7, vefat eden 26 bas\u0131n \u00e7al\u0131\u015fan\u0131na rahmet dileyerek \u00fcz\u00fcnt\u00fcs\u00fcn\u00fc dile getirdi.<\/p>\n<p>Haz\u0131rlanan raporun b\u00f6lgedeki gazetecilere verilecek destekler ba\u011flam\u0131nda olduk\u00e7a \u00f6nemli oldu\u011funu vurgulayan Erk\u0131l\u0131n\u00e7, \u201cKurumumuz taraf\u0131ndan g\u00f6revlendirilen heyet b\u00f6lgede incelemelerde bulunmu\u015ftur. Bu kapsamda yetkililerle g\u00f6r\u00fc\u015f\u00fcl\u00fcrken \u015fube m\u00fcd\u00fcrlerimiz ile durum de\u011ferlendirmesi yap\u0131l\u0131p 130 s\u00fcreli yay\u0131n\u0131n imtiyaz sahibi ve yakla\u015f\u0131k 80 bas\u0131n mensubu ile bir araya gelinmi\u015ftir. Bu zor g\u00fcnlerde de bas\u0131n\u0131m\u0131z\u0131n yan\u0131nda olmaya devam edece\u011fiz. Bas\u0131n kurulu\u015flar\u0131n\u0131n hak kayb\u0131 ya\u015famamas\u0131 i\u00e7in mevzuat d\u00fczenlemeleri yap\u0131l\u0131yor. Maddi yard\u0131m noktas\u0131nda da gerekenler yap\u0131lmaktad\u0131r. B\u00f6yle zamanlarda bas\u0131n\u0131n \u00f6nemi daha da artmaktad\u0131r. 69 gazetemizin binas\u0131 hasar g\u00f6rd\u00fc. AFAD koordinasyonunda gerekli t\u00fcm donan\u0131mlara sahip \u2018Bas\u0131n Konteynerleri\u2019 kurularak gazetecilik faaliyetinin aksamadan devam\u0131n\u0131n sa\u011flanmas\u0131na \u00e7al\u0131\u015f\u0131yoruz\u201d diye konu\u015ftu.<\/p>\n<p>Toplant\u0131n\u0131n sonunda g\u00f6rev s\u00fcreleri sona eren Genel Kurul \u00dcyeleri \u015eevket Erzen, \u00dcmit S\u00f6nmez ve \u015eevket Karahan\u2019a plaket takdimi yap\u0131ld\u0131.<\/p>\n<p>Bu toplant\u0131yla birlikte Bas\u0131n \u0130lan Kurumu 31. D\u00f6nem Genel Kurulu g\u00f6rev s\u00fcresini tamamlam\u0131\u015f oldu. Yeni \u00fcyelerin kat\u0131laca\u011f\u0131 32. D\u00f6nem Genel Kurulu \u00dcyeleri ise ilk toplant\u0131s\u0131n\u0131 24 \u015eubat 2023 Cuma g\u00fcn\u00fc ger\u00e7ekle\u015ftirerek Y\u00f6netim Kurulu ve Denet\u00e7iler Kurulu \u00fcyelerini belirleyecek.<\/p>\n","protected":false},"excerpt":{"rendered":"<p>Deprem b\u00f6lgesindeki gazetelere maddi destek sa\u011flanmas\u0131na, gazetelerin mevzuat\u0131n baz\u0131 h\u00fck\u00fcmlerinden muaf tutulmas\u0131na ve gazetecilere verilecek bor\u00e7 para miktar\u0131n\u0131n art\u0131r\u0131larak geri \u00f6demelerin ertelenmesine karar verildi. Bas\u0131n \u0130lan Kurumu Genel Kurulu 31. &hellip; <a href=\"https:\/\/akdenizolaygazetesi.com\/?p=24352\" class=\"more-link\">Devam\u0131n\u0131 Oku&#8230;<\/a><\/p>\n","protected":false},"author":2,"featured_media":24353,"comment_status":"open","ping_status":"open","sticky":false,"template":"","format":"standard","meta":[],"categories":[2,3],"tags":[],"_links":{"self":[{"href":"https:\/\/akdenizolaygazetesi.com\/index.php?rest_route=\/wp\/v2\/posts\/24352"}],"collection":[{"href":"https:\/\/akdenizolaygazetesi.com\/index.php?rest_route=\/wp\/v2\/posts"}],"about":[{"href":"https:\/\/akdenizolaygazetesi.com\/index.php?rest_route=\/wp\/v2\/types\/post"}],"author":[{"embeddable":true,"href":"https:\/\/akdenizolaygazetesi.com\/index.php?rest_route=\/wp\/v2\/users\/2"}],"replies":[{"embeddable":true,"href":"https:\/\/akdenizolaygazetesi.com\/index.php?rest_route=%2Fwp%2Fv2%2Fcomments&post=24352"}],"version-history":[{"count":1,"href":"https:\/\/akdenizolaygazetesi.com\/index.php?rest_route=\/wp\/v2\/posts\/24352\/revisions"}],"predecessor-version":[{"id":24354,"href":"https:\/\/akdenizolaygazetesi.com\/index.php?rest_route=\/wp\/v2\/posts\/24352\/revisions\/24354"}],"wp:featuredmedia":[{"embeddable":true,"href":"https:\/\/akdenizolaygazetesi.com\/index.php?rest_route=\/wp\/v2\/media\/24353"}],"wp:attachment":[{"href":"https:\/\/akdenizolaygazetesi.com\/index.php?rest_route=%2Fwp%2Fv2%2Fmedia&parent=24352"}],"wp:term":[{"taxonomy":"category","embeddable":true,"href":"https:\/\/akdenizolaygazetesi.com\/index.php?rest_route=%2Fwp%2Fv2%2Fcategories&post=24352"},{"taxonomy":"post_tag","embeddable":true,"href":"https:\/\/akdenizolaygazetesi.com\/index.php?rest_route=%2Fwp%2Fv2%2Ftags&post=24352"}],"curies":[{"name":"wp","href":"https:\/\/api.w.org\/{rel}","templated":true}]}}