{"id":24370,"date":"2023-02-24T16:28:13","date_gmt":"2023-02-24T13:28:13","guid":{"rendered":"http:\/\/akdenizolaygazetesi.com\/?p=24370"},"modified":"2023-02-24T16:28:13","modified_gmt":"2023-02-24T13:28:13","slug":"baskan-yilmaz-acil-destek-merkezinin-calismalarini-inceledi","status":"publish","type":"post","link":"https:\/\/akdenizolaygazetesi.com\/?p=24370","title":{"rendered":"BA\u015eKAN YILMAZ, AC\u0130L DESTEK MERKEZ\u0130&#8217;N\u0130N \u00c7ALI\u015eMALARINI \u0130NCELED\u0130"},"content":{"rendered":"<p>Toroslar Belediye Ba\u015fkan\u0131 Ats\u0131z Af\u015f\u0131n Y\u0131lmaz, il\u00e7eye gelen depremzede vatanda\u015flar i\u00e7in yard\u0131mlar\u0131n koordine edildi\u011fi Yunus Emre K\u00fclt\u00fcr Merkezindeki Acil Destek Merkezi&#8217;nde incelemelerde bulundu.<\/p>\n<p>Mersin Valili\u011fi, Toroslar Kaymakaml\u0131\u011f\u0131 ve AFAD ba\u015fta olmak \u00fczere t\u00fcm kurumlarla da koordineli \u00e7al\u0131\u015fmalar\u0131n y\u00fcr\u00fct\u00fcld\u00fc\u011f\u00fc merkezde \u00f6zveriyle g\u00f6rev yapan personelinden bilgiler alan Ba\u015fkan Y\u0131lmaz; &#8220;Hem afet b\u00f6lgesinde hem de il\u00e7emizdeki depremzedeler i\u00e7in olu\u015fturdu\u011fumuz Acil Destek Merkezimizde ekiplerimiz canla ba\u015fla \u00e7al\u0131\u015f\u0131yor. B\u00fct\u00fcn \u00fclkemizin oldu\u011fu Mersinimiz, Toroslar\u0131m\u0131z tek ses, tek y\u00fcrektir&#8221; dedi.<\/p>\n<p>&#8220;Binlerce Depremzedeye Destek&#8221;<\/p>\n<p>Konaklama, s\u0131cak yemek, giyim, psikolojik destek, sa\u011fl\u0131k, \u00c7ocuk Dan\u0131\u015fma Merkezi, ara\u00e7 koordinasyon ve \u00f6zel gereksinimli birey deste\u011fi hizmetinin verildi\u011fi merkeze gelen depremzede vatanda\u015flar\u0131n ac\u0131lar\u0131n\u0131 payla\u015farak ge\u00e7mi\u015f olsun dileklerini ileten Ba\u015fkan Y\u0131lmaz, &#8220;Asr\u0131n felaketi olarak nitelendirilen Kahramanmara\u015f merkezli iki b\u00fcy\u00fck depremin ard\u0131ndan kentimize gelerek il\u00e7emize yerle\u015fen depremzedelerimiz i\u00e7in olu\u015fturdu\u011fumuz Acil Destek Merkezimizde \u00e7al\u0131\u015fmalar 7\/24 devam ediyor. Ekiplerimiz sahada ve t\u00fcm mahalle muhtarlar\u0131m\u0131zla ileti\u015fim halindedir. Yaralar\u0131n en h\u0131zl\u0131 bir \u015fekilde sar\u0131lmas\u0131 i\u00e7in var g\u00fcc\u00fcm\u00fczle \u00e7al\u0131\u015f\u0131yoruz. T\u00fcm imkanlar\u0131m\u0131z ve g\u00f6n\u00fcll\u00fc vatanda\u015flar\u0131m\u0131z\u0131n deste\u011fiyle karde\u015flerimizin yan\u0131nday\u0131z&#8221; diye konu\u015ftu.<\/p>\n","protected":false},"excerpt":{"rendered":"<p>Toroslar Belediye Ba\u015fkan\u0131 Ats\u0131z Af\u015f\u0131n Y\u0131lmaz, il\u00e7eye gelen depremzede vatanda\u015flar i\u00e7in yard\u0131mlar\u0131n koordine edildi\u011fi Yunus Emre K\u00fclt\u00fcr Merkezindeki Acil Destek Merkezi&#8217;nde incelemelerde bulundu. Mersin Valili\u011fi, Toroslar Kaymakaml\u0131\u011f\u0131 ve AFAD ba\u015fta &hellip; <a href=\"https:\/\/akdenizolaygazetesi.com\/?p=24370\" class=\"more-link\">Devam\u0131n\u0131 Oku&#8230;<\/a><\/p>\n","protected":false},"author":2,"featured_media":24371,"comment_status":"open","ping_status":"open","sticky":false,"template":"","format":"standard","meta":[],"categories":[2,3],"tags":[],"_links":{"self":[{"href":"https:\/\/akdenizolaygazetesi.com\/index.php?rest_route=\/wp\/v2\/posts\/24370"}],"collection":[{"href":"https:\/\/akdenizolaygazetesi.com\/index.php?rest_route=\/wp\/v2\/posts"}],"about":[{"href":"https:\/\/akdenizolaygazetesi.com\/index.php?rest_route=\/wp\/v2\/types\/post"}],"author":[{"embeddable":true,"href":"https:\/\/akdenizolaygazetesi.com\/index.php?rest_route=\/wp\/v2\/users\/2"}],"replies":[{"embeddable":true,"href":"https:\/\/akdenizolaygazetesi.com\/index.php?rest_route=%2Fwp%2Fv2%2Fcomments&post=24370"}],"version-history":[{"count":1,"href":"https:\/\/akdenizolaygazetesi.com\/index.php?rest_route=\/wp\/v2\/posts\/24370\/revisions"}],"predecessor-version":[{"id":24372,"href":"https:\/\/akdenizolaygazetesi.com\/index.php?rest_route=\/wp\/v2\/posts\/24370\/revisions\/24372"}],"wp:featuredmedia":[{"embeddable":true,"href":"https:\/\/akdenizolaygazetesi.com\/index.php?rest_route=\/wp\/v2\/media\/24371"}],"wp:attachment":[{"href":"https:\/\/akdenizolaygazetesi.com\/index.php?rest_route=%2Fwp%2Fv2%2Fmedia&parent=24370"}],"wp:term":[{"taxonomy":"category","embeddable":true,"href":"https:\/\/akdenizolaygazetesi.com\/index.php?rest_route=%2Fwp%2Fv2%2Fcategories&post=24370"},{"taxonomy":"post_tag","embeddable":true,"href":"https:\/\/akdenizolaygazetesi.com\/index.php?rest_route=%2Fwp%2Fv2%2Ftags&post=24370"}],"curies":[{"name":"wp","href":"https:\/\/api.w.org\/{rel}","templated":true}]}}