{"id":24373,"date":"2023-02-24T16:30:33","date_gmt":"2023-02-24T13:30:33","guid":{"rendered":"http:\/\/akdenizolaygazetesi.com\/?p=24373"},"modified":"2023-02-24T16:30:33","modified_gmt":"2023-02-24T13:30:33","slug":"torende-bir-yanda-huzun-diger-yanda-mutluluk-yasandi","status":"publish","type":"post","link":"https:\/\/akdenizolaygazetesi.com\/?p=24373","title":{"rendered":"T\u00f6rende bir yanda h\u00fcz\u00fcn, di\u011fer yanda mutluluk ya\u015fand\u0131"},"content":{"rendered":"<p>Akdeniz Belediye Ba\u015fkan\u0131 M. Mustafa G\u00fcltak, deprem felaketi sonras\u0131 Hatay\u2019dan Mersin\u2019e g\u00f6\u00e7 eden Seda Randa ve G\u00f6khan \u00e7ifti ile Sibel Gemici ve Zeki K\u00f6seo\u011flu \u00e7iftinin nik\u00e2hlar\u0131n\u0131 k\u0131yd\u0131, en g\u00fczel g\u00fcnlerinde gen\u00e7lerin yan\u0131nda oldu. T\u00f6rene kat\u0131lamayan gen\u00e7lerin aile yak\u0131nlar\u0131, cep telefonu kameralar\u0131ndan yap\u0131lan canl\u0131 yay\u0131nla evlilik an\u0131n\u0131 takip etti.<br \/>\nHer iki resmi nik\u00e2h merasimi de Akdeniz Belediyesi Evlendirme Memurlu\u011fu salonunda ger\u00e7ekle\u015fti. Bir yanda mutluluk, di\u011fer yanda h\u00fczn\u00fcn ya\u015fand\u0131\u011f\u0131 t\u00f6rende \u00e7iftlerin heyecan\u0131na ortak olan Akdeniz Belediye Ba\u015fkan\u0131 Mustafa G\u00fcltak; \u201cSeda ve G\u00f6khan karde\u015fimiz, Hatay\u2019\u0131n Defne il\u00e7esindeki son depremden de etkilenen bir ailemiz. Tabi son bin y\u0131l\u0131n depreminden bahsediyoruz. D\u00fcnya tarihine bakt\u0131\u011f\u0131m\u0131zda \u00fcst \u00fcste 2 deprem \u00e7ok ender ya\u015fanm\u0131\u015ft\u0131r. Ama biz \u00fcst \u00fcste 4 deprem ya\u015fad\u0131k ve bunlar\u0131n \u015fiddeti, y\u0131k\u0131c\u0131l\u0131\u011f\u0131 \u00e7ok fazlayd\u0131. \u0130nsanlar\u0131m\u0131z\u0131, canlar\u0131m\u0131z\u0131 kaybettik. Ya\u015fam\u0131n\u0131 yitirin insanlar\u0131m\u0131za Allah\u2019tan rahmet diliyorum, yaralanan insanlar\u0131m\u0131za acil \u015fifalar diliyorum. Depremin ilk g\u00fcn\u00fcnden itibaren arama kurtarma faaliyeti i\u00e7in Hatay ve Gaziantep\u2019e ekiplerimizi ve i\u015f makinelerimiz g\u00f6nderdik. Halen de K\u0131r\u0131khan\u2019da \u00e7al\u0131\u015fmalar\u0131m\u0131z devam ediyor\u201d dedi.<br \/>\n\u201cHepimizin kayb\u0131 var, ac\u0131s\u0131 var\u201d<br \/>\nDepremzede \u00e7iftlerin resmi nik\u00e2h\u0131n\u0131n k\u0131y\u0131lmas\u0131 i\u00e7in kendisine haber verildi\u011finde talebi teredd\u00fct etmeden kabul etti\u011fini vurgulayan Ba\u015fkan G\u00fcltak, s\u00f6zlerini \u015f\u00f6yle s\u00fcrd\u00fcrd\u00fc; \u201cCumhuriyetimizin gen\u00e7 kalabilmesi ve s\u00fcrmesi i\u00e7in yeni ailelere, yeni nesillere ihtiyac\u0131m\u0131z var. O y\u00fczden iki karde\u015fimizi de k\u0131rmad\u0131m. Biraz buru\u011fuz, onlar\u0131n da kay\u0131plar\u0131, ac\u0131lar\u0131 var. Ama bir \u015fekilde hayat\u0131m\u0131z\u0131 yeniden ikame etmek zorunday\u0131z. Her iki \u00e7iftimize de hayatlar\u0131 boyunca mutluluk diliyorum. \u0130n\u015fallah g\u00fczel bir aile ve g\u00fczel \u00e7ocuklar\u0131 olur. \u00dclkemiz ve Cumhuriyetimiz bu topraklarda adalet ve bar\u0131\u015f temin etmeye devam eder.\u201d Nik\u00e2hlar\u0131n k\u0131y\u0131lmas\u0131ndan sonra Ba\u015fkan G\u00fcltak, geleneksel \u015fekilde \u00e7iftlere tak\u0131 takt\u0131.<br \/>\n\u201cH\u00fcz\u00fcnl\u00fcy\u00fcz fakat hayat da devam ediyor\u201d<br \/>\nNik\u00e2h masas\u0131na oturan gen\u00e7lerden G\u00f6khan Bilgi\u00e7 ise, buruk bir sevin\u00e7 ya\u015fad\u0131klar\u0131n\u0131 dile getirdi. Deprem esnas\u0131nda Defne&#8217;de olduklar\u0131n\u0131 belirten Bilgi\u00e7; \u201cKentimizi terk etmemek i\u00e7in \u00e7ok direndik ama her yer y\u0131k\u0131ld\u0131\u011f\u0131 i\u00e7in kalmak ad\u0131na bir neden kalmad\u0131. Mecburen \u015fehrimizi terk ettik. Hem h\u00fcz\u00fcnl\u00fc, hem mutluyuz. Ba\u015fka \u00e7are kalmad\u0131\u011f\u0131 i\u00e7in nik\u00e2h\u0131m\u0131z\u0131 burada k\u0131ymak zorunda kal\u0131yoruz. H\u00fcz\u00fcnl\u00fcy\u00fcz ama hayat devam ediyor. \u0130n\u015fallah daha g\u00fczel olacak\u201d diye konu\u015ftu. Bilgi\u00e7, resmi nik\u00e2hlar\u0131 esnas\u0131nda yanlar\u0131nda olamayan aile yak\u0131nlar\u0131 ve sevdikleri ile g\u00f6r\u00fcnt\u00fcl\u00fc g\u00f6r\u00fc\u015fme yapt\u0131klar\u0131n\u0131 da s\u00f6yledi; \u201cTeknolojinin imk\u00e2nlar\u0131n\u0131 kullan\u0131p onlarla bir arada olmaya \u00e7al\u0131\u015ft\u0131k. Tabi h\u00fcz\u00fcnl\u00fcler, a\u011fl\u0131yorlar. Mutluluk g\u00f6zya\u015flar\u0131 diyelim&#8230; Bir arada olmay\u0131 \u00e7ok isterdik\u201d ifadelerini kulland\u0131.<\/p>\n","protected":false},"excerpt":{"rendered":"<p>Akdeniz Belediye Ba\u015fkan\u0131 M. Mustafa G\u00fcltak, deprem felaketi sonras\u0131 Hatay\u2019dan Mersin\u2019e g\u00f6\u00e7 eden Seda Randa ve G\u00f6khan \u00e7ifti ile Sibel Gemici ve Zeki K\u00f6seo\u011flu \u00e7iftinin nik\u00e2hlar\u0131n\u0131 k\u0131yd\u0131, en g\u00fczel g\u00fcnlerinde &hellip; <a href=\"https:\/\/akdenizolaygazetesi.com\/?p=24373\" class=\"more-link\">Devam\u0131n\u0131 Oku&#8230;<\/a><\/p>\n","protected":false},"author":2,"featured_media":24374,"comment_status":"open","ping_status":"open","sticky":false,"template":"","format":"standard","meta":[],"categories":[1,2,3],"tags":[],"_links":{"self":[{"href":"https:\/\/akdenizolaygazetesi.com\/index.php?rest_route=\/wp\/v2\/posts\/24373"}],"collection":[{"href":"https:\/\/akdenizolaygazetesi.com\/index.php?rest_route=\/wp\/v2\/posts"}],"about":[{"href":"https:\/\/akdenizolaygazetesi.com\/index.php?rest_route=\/wp\/v2\/types\/post"}],"author":[{"embeddable":true,"href":"https:\/\/akdenizolaygazetesi.com\/index.php?rest_route=\/wp\/v2\/users\/2"}],"replies":[{"embeddable":true,"href":"https:\/\/akdenizolaygazetesi.com\/index.php?rest_route=%2Fwp%2Fv2%2Fcomments&post=24373"}],"version-history":[{"count":1,"href":"https:\/\/akdenizolaygazetesi.com\/index.php?rest_route=\/wp\/v2\/posts\/24373\/revisions"}],"predecessor-version":[{"id":24375,"href":"https:\/\/akdenizolaygazetesi.com\/index.php?rest_route=\/wp\/v2\/posts\/24373\/revisions\/24375"}],"wp:featuredmedia":[{"embeddable":true,"href":"https:\/\/akdenizolaygazetesi.com\/index.php?rest_route=\/wp\/v2\/media\/24374"}],"wp:attachment":[{"href":"https:\/\/akdenizolaygazetesi.com\/index.php?rest_route=%2Fwp%2Fv2%2Fmedia&parent=24373"}],"wp:term":[{"taxonomy":"category","embeddable":true,"href":"https:\/\/akdenizolaygazetesi.com\/index.php?rest_route=%2Fwp%2Fv2%2Fcategories&post=24373"},{"taxonomy":"post_tag","embeddable":true,"href":"https:\/\/akdenizolaygazetesi.com\/index.php?rest_route=%2Fwp%2Fv2%2Ftags&post=24373"}],"curies":[{"name":"wp","href":"https:\/\/api.w.org\/{rel}","templated":true}]}}