{"id":24376,"date":"2023-02-24T16:32:09","date_gmt":"2023-02-24T13:32:09","guid":{"rendered":"http:\/\/akdenizolaygazetesi.com\/?p=24376"},"modified":"2023-02-24T16:32:09","modified_gmt":"2023-02-24T13:32:09","slug":"foggo-belediye-inanilmaz-bicimde-orgutlenmis","status":"publish","type":"post","link":"https:\/\/akdenizolaygazetesi.com\/?p=24376","title":{"rendered":"FOGGO: &#8220;BELED\u0130YE \u0130NANILMAZ B\u0130\u00c7\u0130MDE \u00d6RG\u00dcTLENM\u0130\u015e&#8221;"},"content":{"rendered":"<p>Mersin B\u00fcy\u00fck\u015fehir Belediyesi&#8217;nin daveti \u00fczerine kente gelen CHP Yoksulluk Dayan\u0131\u015fma Ofisi Koordinat\u00f6r\u00fc Hacer Foggo, B\u00fcy\u00fck\u015fehir&#8217;in deprem sonras\u0131 at\u0131lacak ad\u0131mlar ve yap\u0131lacak \u00e7al\u0131\u015fmalar i\u00e7in STK&#8217;lar, y\u00f6re dernekleri, odalar, sendikalar ve i\u015f insanlar\u0131yla ger\u00e7ekle\u015ftirdi\u011fi bulu\u015fmalara kat\u0131ld\u0131. Ard\u0131ndan B\u00fcy\u00fck\u015fehir&#8217;in kentte a\u011f\u0131rlad\u0131\u011f\u0131 depremzedeler i\u00e7in hayata ge\u00e7irdi\u011fi \u00e7al\u0131\u015fmalar\u0131 da yerinde inceleyen Foggo, yetkililerden bilgi ald\u0131. B\u00fcy\u00fck\u015fehir taraf\u0131ndan depremzedeler i\u00e7in ya\u015fam alan\u0131na d\u00f6n\u00fc\u015ft\u00fcr\u00fclen Tarsus Gen\u00e7lik Kamp\u0131, Berdan Konuk Evi, Yeni\u015fehir Fuar Alan\u0131 ve Davultepe \u00d6\u011frenci Yurdu&#8217;nu ziyaret eden Foggo, depremzedelerle sohbet etti, alanlar\u0131 gezerek incelemelerde bulundu. B\u00fcy\u00fck\u015fehir&#8217;in koordinesinde depremzedeler i\u00e7in ekmek yapan ve \u00f6rg\u00fc \u00f6ren kad\u0131nlarla da bir araya gelen Foggo, bu eylemin, dayan\u0131\u015fman\u0131n en b\u00fcy\u00fck \u00f6rne\u011fi oldu\u011funu vurgulad\u0131.<br \/>\nFoggo: &#8220;Belediye inan\u0131lmaz bi\u00e7imde \u00f6rg\u00fctlenmi\u015f&#8221;<br \/>\nB\u00fcy\u00fck\u015fehir&#8217;in kent genelinde ger\u00e7ekle\u015ftirdi\u011fi \u00e7al\u0131\u015fmalar\u0131 takdir eden Foggo, &#8220;\u00c7ok ac\u0131 bir olay ya\u015fad\u0131k ve bu ac\u0131 hepimizde devam ediyor. 400 binin \u00fczerinde depremzedenin burada olmas\u0131, &#8216;Nas\u0131l olacak, acaba belediye ne yapacak, biz ne yapabiliriz?&#8217; d\u00fc\u015f\u00fcncesiyle Mersin&#8217;e geldim, ama belediye inan\u0131lmaz bi\u00e7imde \u00f6rg\u00fctlenmi\u015f. Hemen depremzedeleri yerle\u015ftirecek alanlar yarat\u0131lm\u0131\u015f. Mesela Fuar Alan\u0131&#8217;na gittim. Fuar Alan\u0131 hemen odalara b\u00f6l\u00fcnm\u00fc\u015f ve depremzedelerin rahat edebilece\u011fi bir \u015fekle \u00e7evrilmi\u015f. Ama sadece onunla da kalmam\u0131\u015flar. \u00c7ocuklar i\u00e7in alanlar yapm\u0131\u015flar. Orada g\u00f6rev yapan psikologlar var, sa\u011fl\u0131k odas\u0131 var. \u0130nsanlar\u0131n kayd\u0131 al\u0131n\u0131yor; g\u0131da, sa\u011fl\u0131k, ila\u00e7 gibi ihtiya\u00e7lar\u0131 gideriliyor&#8221; dedi.<br \/>\n&#8220;Tarsus&#8217;ta da insanlara rahat edebilecekleri alanlar yarat\u0131lm\u0131\u015f&#8221;<br \/>\nBerdan Konuk Evi ve Tarsus Gen\u00e7lik Kamp\u0131&#8217;na da gitti\u011fini belirten Foggo, insanlar\u0131n rahat edebilecekleri ya\u015fam alanlar\u0131n\u0131n olu\u015fturulmas\u0131n\u0131n kendisini \u00e7ok memnun etti\u011fini s\u00f6yleyerek, &#8220;Tarsus&#8217;ta da, insanlara rahat edebilecekleri alanlar yarat\u0131lm\u0131\u015f. Ama en \u00f6nemlisi, deprem sonras\u0131 olu\u015fan travmaya ili\u015fkin psikologlar destek veriyor. Orada da \u00e7ocuklar i\u00e7in alanlar yarat\u0131lm\u0131\u015f&#8221; ifadelerini kulland\u0131. Depremden hemen sonra inan\u0131lmaz bir dayan\u0131\u015fma olu\u015ftu\u011funa dikkat \u00e7eken Foggo, &#8220;Tarsus&#8217;ta da kad\u0131nlar ekmek yap\u0131p depremzedelere da\u011f\u0131t\u0131yorlar. \u00c7ocuklara kazak, atk\u0131 ve \u015fapka \u00f6r\u00fcyorlar. Bunu da dayan\u0131\u015fma ruhuyla yap\u0131yorlar. Bunun \u00e7ok \u00f6nemli oldu\u011funu d\u00fc\u015f\u00fcn\u00fcyorum&#8221; diye belirtti.<br \/>\n&#8220;\u00c7ocuklar i\u00e7in oyun alanlar\u0131 ve psikologlar\u0131n olmas\u0131 \u00e7ok \u00f6nemli&#8221;<br \/>\nDavultepe \u00d6\u011frenci Yurdu&#8217;ndaki g\u00f6zlemlerini de aktaran Foggo, \u00f6zellikle depremden daha fazla etkilenen \u00e7ocuklar i\u00e7in oyun alanlar\u0131 ve psikologlar\u0131n olmas\u0131n\u0131n \u00e7ok \u00f6nemli oldu\u011funa i\u015faret etti. Foggo, &#8220;Burada odalar\u0131 g\u00f6rd\u00fcm. Aileler i\u00e7in rahat ve geni\u015f odalar mevcut. \u00c7ocuklar i\u00e7in bir oyun park\u0131 da yap\u0131l\u0131yor bah\u00e7eye. Yukar\u0131da da bir oyun alan\u0131 var. 12 ya\u015f \u00fcst\u00fc \u00e7ocuklar i\u00e7in bilgisayar odas\u0131 ve k\u00fct\u00fcphane var. \u0130nsanlar\u0131n dinlenilecekleri bir alan da yarat\u0131lmaya ba\u015flanm\u0131\u015f. Tabii en \u00f6nemlisi burada da yine bir psikolo\u011fun olmas\u0131, sa\u011fl\u0131k odas\u0131n\u0131n olmas\u0131, sa\u011fl\u0131k durumu k\u00f6t\u00fc olan insanlar\u0131n hastanelere y\u00f6nlendirilmesi \u00e7ok \u00f6nemli&#8221; ifadelerine yer verdi.<br \/>\n&#8220;Vahap Se\u00e7er&#8217;e depremzedeler ve b\u00fct\u00fcn \u00e7ocuklar ad\u0131na te\u015fekk\u00fcr ediyorum&#8221;<br \/>\n\u00c7al\u0131\u015fmalar\u0131n, bu kadar k\u0131sa s\u00fcre i\u00e7erisinde yap\u0131lmas\u0131n\u0131n da \u00e7ok \u00f6nemli oldu\u011funu s\u00f6zlerine ekleyen Foggo, &#8220;\u0130nsanlar elbette burada ge\u00e7ici olarak kal\u0131yorlar. O travmay\u0131 atlatmak onlar i\u00e7in ger\u00e7ekten \u00e7ok zor. Kendileriyle konu\u015ftu\u011fum zaman, kafalar\u0131nda &#8216;Ne olaca\u011f\u0131z, tekrar geri d\u00f6nebilecek miyiz? Burada bizi nas\u0131l bir ya\u015fam bekliyor?&#8217; \u015feklinde bir belirsizlik var. Kolay de\u011fil; sevdiklerini kaybettiler, i\u015flerini kaybettiler, evlerini kaybettiler&#8230;. Ama o belirsizli\u011fi ortadan kald\u0131rmak gerekiyor.  Bu da devletin g\u00f6revi. Devlet bunu bir an \u00f6nce a\u00e7\u0131k ve \u015feffaf bir \u015fekilde bu insanlara anlatmal\u0131. Ben ayr\u0131ca buradan Say\u0131n Vahap Se\u00e7er&#8217;e, depremzedeler ve b\u00fct\u00fcn \u00e7ocuklar ad\u0131na te\u015fekk\u00fcr ediyorum&#8221; dedi.<\/p>\n","protected":false},"excerpt":{"rendered":"<p>Mersin B\u00fcy\u00fck\u015fehir Belediyesi&#8217;nin daveti \u00fczerine kente gelen CHP Yoksulluk Dayan\u0131\u015fma Ofisi Koordinat\u00f6r\u00fc Hacer Foggo, B\u00fcy\u00fck\u015fehir&#8217;in deprem sonras\u0131 at\u0131lacak ad\u0131mlar ve yap\u0131lacak \u00e7al\u0131\u015fmalar i\u00e7in STK&#8217;lar, y\u00f6re dernekleri, odalar, sendikalar ve i\u015f &hellip; <a href=\"https:\/\/akdenizolaygazetesi.com\/?p=24376\" class=\"more-link\">Devam\u0131n\u0131 Oku&#8230;<\/a><\/p>\n","protected":false},"author":2,"featured_media":24377,"comment_status":"open","ping_status":"open","sticky":false,"template":"","format":"standard","meta":[],"categories":[2,3,5],"tags":[],"_links":{"self":[{"href":"https:\/\/akdenizolaygazetesi.com\/index.php?rest_route=\/wp\/v2\/posts\/24376"}],"collection":[{"href":"https:\/\/akdenizolaygazetesi.com\/index.php?rest_route=\/wp\/v2\/posts"}],"about":[{"href":"https:\/\/akdenizolaygazetesi.com\/index.php?rest_route=\/wp\/v2\/types\/post"}],"author":[{"embeddable":true,"href":"https:\/\/akdenizolaygazetesi.com\/index.php?rest_route=\/wp\/v2\/users\/2"}],"replies":[{"embeddable":true,"href":"https:\/\/akdenizolaygazetesi.com\/index.php?rest_route=%2Fwp%2Fv2%2Fcomments&post=24376"}],"version-history":[{"count":1,"href":"https:\/\/akdenizolaygazetesi.com\/index.php?rest_route=\/wp\/v2\/posts\/24376\/revisions"}],"predecessor-version":[{"id":24378,"href":"https:\/\/akdenizolaygazetesi.com\/index.php?rest_route=\/wp\/v2\/posts\/24376\/revisions\/24378"}],"wp:featuredmedia":[{"embeddable":true,"href":"https:\/\/akdenizolaygazetesi.com\/index.php?rest_route=\/wp\/v2\/media\/24377"}],"wp:attachment":[{"href":"https:\/\/akdenizolaygazetesi.com\/index.php?rest_route=%2Fwp%2Fv2%2Fmedia&parent=24376"}],"wp:term":[{"taxonomy":"category","embeddable":true,"href":"https:\/\/akdenizolaygazetesi.com\/index.php?rest_route=%2Fwp%2Fv2%2Fcategories&post=24376"},{"taxonomy":"post_tag","embeddable":true,"href":"https:\/\/akdenizolaygazetesi.com\/index.php?rest_route=%2Fwp%2Fv2%2Ftags&post=24376"}],"curies":[{"name":"wp","href":"https:\/\/api.w.org\/{rel}","templated":true}]}}