{"id":24379,"date":"2023-02-24T16:33:17","date_gmt":"2023-02-24T13:33:17","guid":{"rendered":"http:\/\/akdenizolaygazetesi.com\/?p=24379"},"modified":"2023-02-24T16:33:17","modified_gmt":"2023-02-24T13:33:17","slug":"ekrem-imamoglu-yenisehirde-alanya-sokagi-esnafini-ziyaret-etti","status":"publish","type":"post","link":"https:\/\/akdenizolaygazetesi.com\/?p=24379","title":{"rendered":"Ekrem \u0130mamo\u011flu, Yeni\u015fehir\u2019de Alanya Soka\u011f\u0131 esnaf\u0131n\u0131 ziyaret etti"},"content":{"rendered":"<p>Mersin\u2019e gelen \u0130stanbul B\u00fcy\u00fck\u015fehir Belediye(\u0130BB) Ba\u015fkan\u0131 Ekrem \u0130mamo\u011flu, Yeni\u015fehir il\u00e7esinde bulunan Alanya Soka\u011f\u0131\u2019nda esnaflar\u0131 ziyaret etti. \u0130mamo\u011flu\u2019na Mersin B\u00fcy\u00fck\u015fehir Belediye Ba\u015fkan\u0131 Vahap Se\u00e7er ve Yeni\u015fehir Belediye Ba\u015fkan\u0131 Abdullah \u00d6zyi\u011fit de e\u015flik etti.<br \/>\nDepremin ard\u0131ndan binlerce yurtta\u015f\u0131n geldi\u011fi Mersin\u2019i ziyaret eden \u0130BB Ba\u015fkan\u0131 Ekrem \u0130mamo\u011flu, Yeni\u015fehir Belediyesi Fuar Merkezi\u2019nde kurulan Mersin B\u00fcy\u00fck\u015fehir Belediyesi Ge\u00e7ici Bar\u0131nma Alan\u0131&#8217;nda incelemelerde bulundu, depremzedelerle g\u00f6r\u00fc\u015ft\u00fc. \u0130mamo\u011flu daha sonra Mersin B\u00fcy\u00fck\u015fehir Belediye Ba\u015fkan\u0131 Vahap Se\u00e7er ve Yeni\u015fehir Belediye Ba\u015fkan\u0131 Abdullah \u00d6zyi\u011fit ile birlikte Alanya Soka\u011f\u0131\u2019nda Yeni\u015fehirlilerle bulu\u015ftu. Yeni\u015fehir Belediye Ba\u015fkan\u0131 Abdullah \u00d6zyi\u011fit, \u201cMersin\u2019imize gelen \u0130BB Ba\u015fkan\u0131m\u0131z Ekrem \u0130mamo\u011flu ile birlikte Alanya Soka\u011f\u0131\u2019nda hem\u015fehrilerimizi ziyaret ettik. \u0130\u00e7erisinde bulundu\u011fumuz bu zor g\u00fcnlerde kentimize gelerek, bizlere g\u00fc\u00e7 veren Ekrem \u0130mamo\u011flu\u2019na te\u015fekk\u00fcr ediyorum. \u201ddedi.<\/p>\n","protected":false},"excerpt":{"rendered":"<p>Mersin\u2019e gelen \u0130stanbul B\u00fcy\u00fck\u015fehir Belediye(\u0130BB) Ba\u015fkan\u0131 Ekrem \u0130mamo\u011flu, Yeni\u015fehir il\u00e7esinde bulunan Alanya Soka\u011f\u0131\u2019nda esnaflar\u0131 ziyaret etti. \u0130mamo\u011flu\u2019na Mersin B\u00fcy\u00fck\u015fehir Belediye Ba\u015fkan\u0131 Vahap Se\u00e7er ve Yeni\u015fehir Belediye Ba\u015fkan\u0131 Abdullah \u00d6zyi\u011fit de &hellip; <a href=\"https:\/\/akdenizolaygazetesi.com\/?p=24379\" class=\"more-link\">Devam\u0131n\u0131 Oku&#8230;<\/a><\/p>\n","protected":false},"author":2,"featured_media":24380,"comment_status":"open","ping_status":"open","sticky":false,"template":"","format":"standard","meta":[],"categories":[2,3],"tags":[],"_links":{"self":[{"href":"https:\/\/akdenizolaygazetesi.com\/index.php?rest_route=\/wp\/v2\/posts\/24379"}],"collection":[{"href":"https:\/\/akdenizolaygazetesi.com\/index.php?rest_route=\/wp\/v2\/posts"}],"about":[{"href":"https:\/\/akdenizolaygazetesi.com\/index.php?rest_route=\/wp\/v2\/types\/post"}],"author":[{"embeddable":true,"href":"https:\/\/akdenizolaygazetesi.com\/index.php?rest_route=\/wp\/v2\/users\/2"}],"replies":[{"embeddable":true,"href":"https:\/\/akdenizolaygazetesi.com\/index.php?rest_route=%2Fwp%2Fv2%2Fcomments&post=24379"}],"version-history":[{"count":1,"href":"https:\/\/akdenizolaygazetesi.com\/index.php?rest_route=\/wp\/v2\/posts\/24379\/revisions"}],"predecessor-version":[{"id":24381,"href":"https:\/\/akdenizolaygazetesi.com\/index.php?rest_route=\/wp\/v2\/posts\/24379\/revisions\/24381"}],"wp:featuredmedia":[{"embeddable":true,"href":"https:\/\/akdenizolaygazetesi.com\/index.php?rest_route=\/wp\/v2\/media\/24380"}],"wp:attachment":[{"href":"https:\/\/akdenizolaygazetesi.com\/index.php?rest_route=%2Fwp%2Fv2%2Fmedia&parent=24379"}],"wp:term":[{"taxonomy":"category","embeddable":true,"href":"https:\/\/akdenizolaygazetesi.com\/index.php?rest_route=%2Fwp%2Fv2%2Fcategories&post=24379"},{"taxonomy":"post_tag","embeddable":true,"href":"https:\/\/akdenizolaygazetesi.com\/index.php?rest_route=%2Fwp%2Fv2%2Ftags&post=24379"}],"curies":[{"name":"wp","href":"https:\/\/api.w.org\/{rel}","templated":true}]}}