{"id":24388,"date":"2023-02-25T17:05:02","date_gmt":"2023-02-25T14:05:02","guid":{"rendered":"http:\/\/akdenizolaygazetesi.com\/?p=24388"},"modified":"2023-02-25T17:05:02","modified_gmt":"2023-02-25T14:05:02","slug":"depremde-hayatini-kaybedenler-dualarla-anildi","status":"publish","type":"post","link":"https:\/\/akdenizolaygazetesi.com\/?p=24388","title":{"rendered":"&#8220;DEPREMDE HAYATINI KAYBEDENLER, DUALARLA ANILDI&#8221;"},"content":{"rendered":"<p>Toroslar Belediye Ba\u015fkan\u0131 Ats\u0131z Af\u015f\u0131n Y\u0131lmaz, Mersin Vanl\u0131lar K\u00fclt\u00fcr ve Dayan\u0131\u015fma Derne\u011fi ile birlikte d\u00fczenledikleri yemekli mevlid program\u0131nda depremzede vatanda\u015flarla bir araya gelerek, ac\u0131lar\u0131n\u0131 payla\u015ft\u0131, yanlar\u0131nda olduklar\u0131n\u0131 bir kez daha hat\u0131rlatt\u0131.<\/p>\n<p>Ba\u015fkan Y\u0131lmaz; &#8220;Bizler, devlet ve millet olarak her t\u00fcrl\u00fc s\u0131k\u0131nt\u0131y\u0131 a\u015facak g\u00fc\u00e7teyiz. El Ele, omuz omuza hep birlikteyiz&#8221; dedi.<\/p>\n<p>Kahramanmara\u015f merkezli 11 ili vuran deprem felaketinin ard\u0131ndan t\u00fcm imk\u00e2nlar\u0131yla seferberlik ba\u015flatan Toroslar Belediyesi, kurumlar\u0131n yan\u0131 s\u0131ra sivil toplum kurulu\u015flar\u0131 ve hem\u015fehri dernekleriyle koordineli bir \u015fekilde \u00e7al\u0131\u015farak, afet b\u00f6lgesinden il\u00e7eye yerle\u015fen depremzede vatanda\u015flar i\u00e7in yard\u0131m \u00e7al\u0131\u015fmalar\u0131n\u0131 aral\u0131ks\u0131z s\u00fcrd\u00fcr\u00fcyor.<\/p>\n<p>&#8220;DEPREMDE HAYATINI KAYBEDENLER, DUALARLA ANILDI&#8221;<\/p>\n<p>Yunus Emre K\u00fclt\u00fcr Merkezi&#8217;nde depremzede vatanda\u015flar i\u00e7in Acil Destek Merkezi olu\u015fturan belediye, Mersin Vanl\u0131lar K\u00fclt\u00fcr ve Dayan\u0131\u015fma Derne\u011fi ile birlikte d\u00fczenledikleri yemekli mevlid program\u0131nda da depremzede aileleri a\u011f\u0131rlad\u0131.<\/p>\n<p>\u0130l\u00e7edeki sosyal tesisler ve evlerde misafir edilen depremzedelerin bulu\u015ftu\u011fu programda, depremde hayat\u0131n\u0131 kaybeden vatanda\u015flar dualarla an\u0131ld\u0131.<\/p>\n<p>Programa; MHP Mersin Milletvekili Olcay K\u0131lavuz, MHP MYK \u00dcyesi Serdar Soydan, MHP Mersin \u0130l Ba\u015fkan Vekili Abdullah Z\u00fcmr\u00fct, MHP Akdeniz \u0130l\u00e7e Ba\u015fkan\u0131 Mehmet G\u00f6ver\u00e7ile, Toroslar \u0130l\u00e7e M\u00fcft\u00fcs\u00fc Bayram Danac\u0131, Mersin Vanl\u0131lar K\u00fclt\u00fcr ve Dayan\u0131\u015fma Derne\u011fi Ba\u015fkan\u0131 Murat Karahan ve Y\u00f6netim Kurulu \u00dcyeleri, il\u00e7e kurum m\u00fcd\u00fcrleri ve belediye meclis \u00fcyeleri de kat\u0131ld\u0131.<\/p>\n<p>Ba\u015fkan Y\u0131lmaz, programda depremzede \u00e7ocuklarla da yak\u0131ndan ilgilenerek taleplerini sordu, ge\u00e7mi\u015f olsun dileklerini iletti.<\/p>\n<p>DERNEK BA\u015eKANI KARAHAN; &#8220;ACILAR, PAYLA\u015eILDIK\u00c7A AZALIR&#8221;<\/p>\n<p>Program\u0131n a\u00e7\u0131l\u0131\u015f konu\u015fmas\u0131n\u0131 yapan Mersin Vanl\u0131lar K\u00fclt\u00fcr ve Dayan\u0131\u015fma Derne\u011fi Ba\u015fkan\u0131 Murat Karahan, depremzede vatanda\u015flara y\u00f6nelik ba\u015far\u0131yla s\u00fcrd\u00fcrd\u00fckleri yard\u0131m ve destek \u00e7al\u0131\u015fmalar\u0131ndan dolay\u0131 Toroslar Belediye Ba\u015fkan\u0131 Ats\u0131z Af\u015f\u0131n Y\u0131lmaz&#8217;a ve ekibine te\u015fekk\u00fcr etti.<\/p>\n<p>Vanl\u0131lar Derne\u011fi olarak depremzede vatanda\u015flar\u0131n yanlar\u0131nda olduklar\u0131n\u0131 s\u00f6yleyen Dernek Ba\u015fkan\u0131 Karahan; &#8220;2011 y\u0131l\u0131nda Van&#8217;da bu ac\u0131y\u0131 ya\u015fad\u0131k. Bizler bu ac\u0131y\u0131 ya\u015farken, \u00fclkemizin b\u00fct\u00fcn insanlar\u0131 yan\u0131 ba\u015f\u0131m\u0131zdayd\u0131. Ac\u0131n\u0131z\u0131 en derinden hisseden insanlar olarak \u015fimdi de biz sizlerin yan\u0131n\u0131zday\u0131z. Bu organizasyona da destek veren Ba\u015fkan\u0131m\u0131z Ats\u0131z Af\u015f\u0131n Y\u0131lmaz&#8217;a te\u015fekk\u00fcr ediyorum. Ba\u015fkan\u0131m\u0131z\u0131n do\u011fru i\u015fler yapt\u0131\u011f\u0131n\u0131 biliyoruz. Toroslar Belediyemiz ile koordineli bir \u015fekilde yard\u0131mlar\u0131m\u0131z devam edecektir. Ac\u0131lar, payla\u015f\u0131ld\u0131k\u00e7a azal\u0131r, sevin\u00e7ler payla\u015f\u0131ld\u0131k\u00e7a \u00e7o\u011fal\u0131r. Allah, hepinizden raz\u0131 olsun. Hayat\u0131n\u0131 kaybeden vatanda\u015flar\u0131m\u0131za Allah&#8217;tan rahmet, yaral\u0131lar\u0131m\u0131za acil \u015fifalar diliyorum&#8221; diye konu\u015ftu.<\/p>\n<p>BA\u015eKAN YILMAZ; &#8220;HO\u015e GELD\u0130N\u0130Z. BA\u015eIMIZIN \u00dcST\u00dcNDE YER\u0130N\u0130Z VAR&#8221;<\/p>\n<p>\u0130l\u00e7eye yerle\u015fen depremzedelerin ac\u0131lar\u0131na ortak olan Toroslar Belediye Ba\u015fkan\u0131 Ats\u0131z Af\u015f\u0131n Y\u0131lmaz; &#8220;D\u00fcnyada g\u00f6r\u00fclmemi\u015f \u00fcst \u00fcste iki b\u00fcy\u00fck deprem ya\u015fad\u0131k. Ac\u0131lar\u0131m\u0131z, kay\u0131plar\u0131m\u0131z oldu. \u00c7ok \u015f\u00fck\u00fcr ki devletimiz, milletimiz g\u00fc\u00e7l\u00fc, birli\u011fimiz ve beraberli\u011fimiz tam. Ho\u015f geldiniz. Ba\u015f\u0131m\u0131z\u0131n \u00fcst\u00fcnde yeriniz var&#8221;  dedi.<\/p>\n<p>Ba\u015fkan Y\u0131lmaz, deprem felaketinin ard\u0131ndan T\u00fcrk milletinin b\u00fcy\u00fck bir dayan\u0131\u015fma \u00f6rne\u011fi sergiledi\u011fini ve bununla da gurur duyduklar\u0131n\u0131 belirterek; &#8220;B\u00fcy\u00fck ac\u0131lar\u0131n ve kay\u0131plar\u0131n yan\u0131nda sokakta, caddelerde gece yar\u0131s\u0131 elindeki s\u0131cak \u00e7orbay\u0131 ve \u00e7ocuk bezini uzat\u0131p insanlar\u0131m\u0131z\u0131n yan\u0131nda olan gen\u00e7lerimiz var. 85 ya\u015f\u0131nda s\u0131rt\u0131na odun y\u00fckleyip, depremzede karde\u015flerimize ula\u015ft\u0131rmak isteyen teyzemiz var. Depremzedelere mont g\u00f6nderip yan\u0131na yiyecek ve eldiven koyan y\u00fcce g\u00f6n\u00fcll\u00fc karde\u015flerimiz var. B\u00fct\u00fcn bunlar\u0131n i\u00e7inde bir g\u00fczellik ortaya \u00e7\u0131kt\u0131. Afet b\u00f6lgesinden buraya geldiniz. Bizlerin misafirisiniz. Ba\u015f\u0131m\u0131z\u0131n \u00fcst\u00fcnde yeriniz var. Ho\u015f geldiniz. Bizler, devletimiz, milletimiz el ele, g\u00f6n\u00fcl g\u00f6n\u00fcle bu yaralar\u0131 sarmak i\u00e7in haz\u0131r\u0131z. Bunun i\u00e7in buraday\u0131z. Bu organizasyonu ger\u00e7ekle\u015ftirdikleri i\u00e7in Mersin Vanl\u0131lar K\u00fclt\u00fcr ve Dayan\u0131\u015fma Derne\u011fi Ba\u015fkan\u0131m\u0131za ve Y\u00f6netim Kurulu \u00dcyelerine \u00e7ok te\u015fekk\u00fcr ediyorum&#8221; diye konu\u015ftu.<\/p>\n<p>&#8220;YARALARI HEP B\u0130RL\u0130KTE SARACA\u011eIZ&#8221;<\/p>\n<p>Yunus Emre K\u00fclt\u00fcr Merkezi&#8217;nde olu\u015fturduklar\u0131 Acil Destek Merkezi&#8217;nde; depremzede vatanda\u015flar i\u00e7in konaklama, s\u0131cak yemek, giyim, psikolojik destek, sa\u011fl\u0131k, \u00c7ocuk Dan\u0131\u015fma Merkezi, ara\u00e7 koordinasyon ve \u00f6zel gereksinimli birey deste\u011fi hizmetinin verildi\u011fini belirten Ba\u015fkan Y\u0131lmaz; &#8220;Burada bizim kriz masam\u0131z var. Bir\u00e7ok s\u0131k\u0131nt\u0131n\u0131z, derdiniz \u00e7\u00f6z\u00fclebiliyor. Bizler, devlet ve millet olarak her t\u00fcrl\u00fc s\u0131k\u0131nt\u0131y\u0131 a\u015fabilecek g\u00fc\u00e7teyiz. Bunu hep birlikte g\u00f6rd\u00fck ve g\u00f6sterdik. Milletimiz ve devletimiz, milli m\u00fccadele verir gibi el ele, g\u00f6n\u00fcl g\u00f6n\u00fcle, omuz omuza t\u00fcm farkl\u0131l\u0131klar\u0131 bir tarafa b\u0131rakarak bu m\u00fccadeleye giri\u015fti. Birli\u011fimiz ve beraberli\u011fimiz daim olsun in\u015fallah. Depremde hayat\u0131n\u0131 kaybeden vatanda\u015flar\u0131m\u0131za Allah&#8217;tan rahmet, yaral\u0131lar\u0131m\u0131za acil \u015fifalar diliyorum&#8221; \u015feklinde konu\u015ftu.<\/p>\n<p>M\u0130LLETVEK\u0130L\u0130 KILAVUZ; &#8220;DEVLET\u0130M\u0130Z G\u00dc\u00c7L\u00dc, M\u0130LLET\u0130M\u0130Z FEDAK\u00c2R&#8221;<\/p>\n<p>Daha sonra konu\u015fan MHP Mersin Milletvekili Olcay K\u0131lavuz ise depremin geni\u015f bir co\u011frafyada ya\u015fand\u0131\u011f\u0131n\u0131 ancak bu zor g\u00fcnleri birlik, beraberlik ve karde\u015flik i\u00e7inde hep beraber atlatacaklar\u0131n\u0131 s\u00f6yledi.<\/p>\n<p>Toroslar Belediyesi&#8217;nin depremzede vatanda\u015flar\u0131n ihtiya\u00e7lar\u0131 i\u00e7in ger\u00e7ekle\u015ftirdi\u011fi dayan\u0131\u015fma \u00f6rne\u011finin de b\u00fcy\u00fck bir hizmet oldu\u011funu belirten Milletvekili K\u0131lavuz; &#8220;\u00c7ok b\u00fcy\u00fck bir felaketle kar\u015f\u0131 kar\u015f\u0131ya kald\u0131k. Geni\u015f bir co\u011frafyada deprem ya\u015fand\u0131. Binlerce insan\u0131m\u0131z hayat\u0131n\u0131 kaybetti. Cenab-\u0131 Allah&#8217;tan rahmet, yaral\u0131lar\u0131m\u0131za acil \u015fifalar diliyorum. Devletimiz g\u00fc\u00e7l\u00fc, milletimiz fedak\u00e2r bir millet. Bu zor g\u00fcnleri, birlik, beraberlik ve karde\u015flik i\u00e7inde hep beraber atlataca\u011f\u0131z. Ula\u015f\u0131mdan g\u0131daya ve giyime, psikolojik destekten bir\u00e7ok hizmete kadar depremden bu yana ola\u011fan\u00fcst\u00fc bir \u015fekilde depremzede vatanda\u015flar\u0131m\u0131za g\u00f6n\u00fcllerini, sofralar\u0131n\u0131 a\u00e7an Toroslar Belediye Ba\u015fkan\u0131m\u0131z Ats\u0131z Af\u015f\u0131n Y\u0131lmaz&#8217;a ve ekibine te\u015fekk\u00fcr ediyorum. Mersin Vanl\u0131lar K\u00fclt\u00fcr ve Dayan\u0131\u015fma Derne\u011fimizin de samimiyetiyle, dayan\u0131\u015fmas\u0131yla b\u00f6yle g\u00fczel bir organizasyonu ger\u00e7ekle\u015ftirdik. Dernek Ba\u015fkan\u0131m\u0131za, y\u00f6netimine, maddi ve manevi katk\u0131 sa\u011flayan b\u00fct\u00fcn g\u00f6n\u00fclda\u015flar\u0131m\u0131za y\u00fcrekten h\u00fcrmetlerimi sunuyorum&#8221; diye konu\u015ftu.<\/p>\n","protected":false},"excerpt":{"rendered":"<p>Toroslar Belediye Ba\u015fkan\u0131 Ats\u0131z Af\u015f\u0131n Y\u0131lmaz, Mersin Vanl\u0131lar K\u00fclt\u00fcr ve Dayan\u0131\u015fma Derne\u011fi ile birlikte d\u00fczenledikleri yemekli mevlid program\u0131nda depremzede vatanda\u015flarla bir araya gelerek, ac\u0131lar\u0131n\u0131 payla\u015ft\u0131, yanlar\u0131nda olduklar\u0131n\u0131 bir kez daha &hellip; <a href=\"https:\/\/akdenizolaygazetesi.com\/?p=24388\" class=\"more-link\">Devam\u0131n\u0131 Oku&#8230;<\/a><\/p>\n","protected":false},"author":2,"featured_media":24389,"comment_status":"open","ping_status":"open","sticky":false,"template":"","format":"standard","meta":[],"categories":[1,2,3,5],"tags":[],"_links":{"self":[{"href":"https:\/\/akdenizolaygazetesi.com\/index.php?rest_route=\/wp\/v2\/posts\/24388"}],"collection":[{"href":"https:\/\/akdenizolaygazetesi.com\/index.php?rest_route=\/wp\/v2\/posts"}],"about":[{"href":"https:\/\/akdenizolaygazetesi.com\/index.php?rest_route=\/wp\/v2\/types\/post"}],"author":[{"embeddable":true,"href":"https:\/\/akdenizolaygazetesi.com\/index.php?rest_route=\/wp\/v2\/users\/2"}],"replies":[{"embeddable":true,"href":"https:\/\/akdenizolaygazetesi.com\/index.php?rest_route=%2Fwp%2Fv2%2Fcomments&post=24388"}],"version-history":[{"count":1,"href":"https:\/\/akdenizolaygazetesi.com\/index.php?rest_route=\/wp\/v2\/posts\/24388\/revisions"}],"predecessor-version":[{"id":24390,"href":"https:\/\/akdenizolaygazetesi.com\/index.php?rest_route=\/wp\/v2\/posts\/24388\/revisions\/24390"}],"wp:featuredmedia":[{"embeddable":true,"href":"https:\/\/akdenizolaygazetesi.com\/index.php?rest_route=\/wp\/v2\/media\/24389"}],"wp:attachment":[{"href":"https:\/\/akdenizolaygazetesi.com\/index.php?rest_route=%2Fwp%2Fv2%2Fmedia&parent=24388"}],"wp:term":[{"taxonomy":"category","embeddable":true,"href":"https:\/\/akdenizolaygazetesi.com\/index.php?rest_route=%2Fwp%2Fv2%2Fcategories&post=24388"},{"taxonomy":"post_tag","embeddable":true,"href":"https:\/\/akdenizolaygazetesi.com\/index.php?rest_route=%2Fwp%2Fv2%2Ftags&post=24388"}],"curies":[{"name":"wp","href":"https:\/\/api.w.org\/{rel}","templated":true}]}}