{"id":24394,"date":"2023-02-26T17:16:45","date_gmt":"2023-02-26T14:16:45","guid":{"rendered":"http:\/\/akdenizolaygazetesi.com\/?p=24394"},"modified":"2023-02-26T17:16:45","modified_gmt":"2023-02-26T14:16:45","slug":"baskan-secer-adiyamanda-buyuksehir-tarafindan-yapilan-konteyner-kenti-inceledi","status":"publish","type":"post","link":"https:\/\/akdenizolaygazetesi.com\/?p=24394","title":{"rendered":"BA\u015eKAN SE\u00c7ER, ADIYAMAN&#8217;DA B\u00dcY\u00dcK\u015eEH\u0130R TARAFINDAN YAPILAN KONTEYNER KENT\u0130 \u0130NCELED\u0130"},"content":{"rendered":"<p>Mersin B\u00fcy\u00fck\u015fehir Belediye Ba\u015fkan\u0131 Vahap Se\u00e7er ve e\u015fi Meral Se\u00e7er, koordinasyonu Mersin B\u00fcy\u00fck\u015fehir Belediyesi&#8217;ne verilen Ad\u0131yaman&#8217;a giderek depremzedeleri ziyaret etti. Ba\u015fkan Se\u00e7er, B\u00fcy\u00fck\u015fehir Belediyesi ekipleri taraf\u0131ndan s\u00fcrd\u00fcr\u00fclen \u00e7al\u0131\u015fmalar\u0131 yerinde inceleyip personellerden bilgi ald\u0131. Ad\u0131yaman ve baz\u0131 il\u00e7e ile belde belediyelerinin ba\u015fkanlar\u0131n\u0131 ziyaret ederek &#8216;ge\u00e7mi\u015f olsun&#8217; dileklerini ileten Ba\u015fkan Se\u00e7er, depremin y\u0131k\u0131m\u0131n\u0131n azalt\u0131lmas\u0131 i\u00e7in her t\u00fcrl\u00fc i\u015fbirli\u011fine haz\u0131r olduklar\u0131n\u0131 vurgulad\u0131.<br \/>\nBa\u015fkan Se\u00e7er ve e\u015fi Meral Se\u00e7er&#8217;e ziyaretlerinde, CHP Ad\u0131yaman Milletvekili Abdurrahman Tutdere, CHP Mu\u011fla Milletvekili M\u00fcrsel Alban ve il ile il\u00e7e ba\u015fkan ve y\u00f6neticileri de e\u015flik etti.<br \/>\nZiyaretine, ilk olarak MESK\u0130&#8217;nin temiz i\u00e7me suyuna kavu\u015fturdu\u011fu Ad\u0131yaman&#8217;\u0131n G\u00f6lba\u015f\u0131 il\u00e7esinde ba\u015flayan Ba\u015fkan Se\u00e7er, burada Belediye Ba\u015fkan\u0131 \u0130skender Y\u0131ld\u0131r\u0131m ile bir araya geldi. Y\u0131ld\u0131r\u0131m&#8217;dan yap\u0131lan \u00e7al\u0131\u015fmalar hakk\u0131nda bilgi alan Ba\u015fkan Se\u00e7er, &#8216;ge\u00e7mi\u015f olsun&#8217; dileklerinde bulundu. Buradan Harmanl\u0131&#8217;ya ge\u00e7en Ba\u015fkan Se\u00e7er, Belediye Ba\u015fkan\u0131 Ahmet De\u011firmenci&#8217;yle g\u00f6r\u00fc\u015ferek, Ad\u0131yaman&#8217;\u0131n yaralar\u0131n\u0131n sar\u0131lmas\u0131 i\u00e7in el birli\u011fiyle \u00e7al\u0131\u015facaklar\u0131n\u0131 vurgulad\u0131. Ba\u015fkan Se\u00e7er, daha sonra \u00c7elikhan il\u00e7esine ba\u011fl\u0131 P\u0131narba\u015f\u0131 Beldesi&#8217;ne giderek Belde Belediye Ba\u015fkan\u0131 Mahmut Alan ile birlikte incelemelerde bulundu.<br \/>\n&#8220;Hayat\u0131n bir an \u00f6nce normalle\u015fmesi i\u00e7in b\u00fct\u00fcn katk\u0131lar\u0131 yapaca\u011f\u0131z&#8221;<br \/>\nBurada Mersin&#8217;de ikamet eden Ad\u0131yamanl\u0131 bir vatanda\u015f, &#8220;Ba\u015fkan\u0131m sizi burada g\u00f6rmek o kadar g\u00fczel ki, sa\u011f olun&#8221; diyerek Ba\u015fkan Se\u00e7er&#8217;e Mersin&#8217;in yan\u0131 s\u0131ra Ad\u0131yaman&#8217;da da y\u00fcr\u00fctt\u00fc\u011f\u00fc hizmetlerden dolay\u0131 te\u015fekk\u00fcr etti. \u00c7elikhan&#8217;da bir taziye evine giderek ba\u015fsa\u011fl\u0131\u011f\u0131 dile\u011finde de bulunan Ba\u015fkan Se\u00e7er, &#8220;Depremin ilk an\u0131ndan itibaren Genel Ba\u015fkan\u0131m\u0131zla t\u00fcm b\u00f6lgeleri gezdim, gezmeye de devam ediyorum. Ger\u00e7ekten y\u0131k\u0131m, can kayb\u0131 ve ma\u011fduriyet \u00e7ok b\u00fcy\u00fck. Yerel y\u00f6netimler, merkezi h\u00fck\u00fcmet, kurum ve imkan\u0131 olan t\u00fcm insanlarla el birli\u011fiyle bu yaralar\u0131 sarmak, insanlar\u0131n ac\u0131s\u0131n\u0131 dindirmek zorunday\u0131z. Hayat\u0131n bir an \u00f6nce normalle\u015fmesi i\u00e7in b\u00fct\u00fcn katk\u0131lar\u0131 yapaca\u011f\u0131z&#8221; diye konu\u015ftu.<br \/>\n&#8220;10 ilimize koordinat\u00f6r B\u00fcy\u00fck\u015fehir Belediye Ba\u015fkanlar\u0131 atand\u0131&#8221;<br \/>\nArd\u0131ndan Mersin B\u00fcy\u00fck\u015fehir Belediyesi&#8217;nin Ad\u0131yaman merkezde yap\u0131m\u0131n\u0131 s\u00fcrd\u00fcrd\u00fc\u011f\u00fc Konteyner Kenti ziyaret eden Ba\u015fkan Se\u00e7er, \u00e7al\u0131\u015fmalar\u0131 yerinde inceledi. Burada a\u00e7\u0131klama yapan Se\u00e7er Ad\u0131yaman&#8217;\u0131n koordinesinde Mersin B\u00fcy\u00fck\u015fehir Belediyesi&#8217;nin yetkilendirildi\u011fini belirterek, &#8220;\u0130lk g\u00fcn\u00fcn heng\u00e2mesi i\u00e7erisinde b\u00fct\u00fcn belediyelerimiz m\u00fcmk\u00fcn olan her noktaya ula\u015fmak i\u00e7in gayret sarf ettik. Daha ne yapt\u0131\u011f\u0131m\u0131z\u0131 bilerek, daha kontroll\u00fc, daha efektif, depremzedelerin ihtiya\u00e7lar\u0131na cevap verebilecek bu \u00e7al\u0131\u015fmalar\u0131, devletin di\u011fer kurumlar\u0131yla beraber isti\u015fare halinde, i\u015fbirli\u011fi halinde y\u00fcr\u00fctme gayreti i\u00e7erisindeyiz&#8221; dedi.<br \/>\n&#8220;Vatanda\u015flar\u0131m\u0131z\u0131n her t\u00fcrl\u00fc ihtiyac\u0131na cevap verebilecek bir mini kent olu\u015fturma gayreti i\u00e7erisindeyiz&#8221;<br \/>\nB\u00fcy\u00fck\u015fehir taraf\u0131ndan yap\u0131m\u0131 devam eden Konteyner Kent hakk\u0131nda bilgiler veren Ba\u015fkan Se\u00e7er, &#8220;Bu g\u00f6rd\u00fc\u011f\u00fcn\u00fcz alan 80 bin metrekare \u00fczerine 670 konteynerdan olu\u015fan sahra hastanesinin, okuma salonunun, kre\u015flerin, sosyal donat\u0131 alanlar\u0131n\u0131n oldu\u011fu g\u00fczel bir \u00e7al\u0131\u015fma. Burada bir Konteyner Kent olu\u015fturuyoruz ama bunu yaparken de her t\u00fcrl\u00fc hassasiyeti g\u00f6steriyoruz. Her t\u00fcrl\u00fc ince hesaplamalar\u0131 yap\u0131yoruz. \u00c7\u00fcnk\u00fc burada insanlar uzun s\u00fcre kalma durumunda olabilirler. Neticede kal\u0131c\u0131 konutlar\u0131n yap\u0131lmas\u0131 mutlaka zaman alacak, s\u00fcre alacak ve Ad\u0131yaman&#8217;da k\u0131\u015f ko\u015fullar\u0131n\u0131n \u00e7etin oldu\u011fu bir b\u00f6lge iklimsel olarak. Dolay\u0131s\u0131yla da burada vatanda\u015flar\u0131m\u0131z\u0131n her t\u00fcrl\u00fc ihtiyac\u0131na cevap verebilecek bir mini kent olu\u015fturma gayreti i\u00e7erisindeyiz&#8221; ifadelerine yer verildi.<br \/>\nBa\u015fkan Se\u00e7er, \u00e7al\u0131\u015fmalarda i\u015fbirli\u011finin \u00f6nemine dikkat \u00e7ekti<br \/>\n\u00c7al\u0131\u015fmalar\u0131 y\u00fcr\u00fct\u00fcrken i\u015fbirli\u011finin son derece \u00f6nem arz etti\u011fine i\u015faret eden Ba\u015fkan Se\u00e7er, &#8220;\u00d6n\u00fcm\u00fcz\u00fcn a\u00e7\u0131lmas\u0131, i\u015flerimizin kolayla\u015ft\u0131r\u0131lmas\u0131 son derece \u00f6nemli. Yani bizim devletin di\u011fer kurumlar\u0131yla uyumlu bir \u015fekilde \u00e7al\u0131\u015fmam\u0131z, buradaki depremzede olacak bir durumdur. Bizim burada yapaca\u011f\u0131m\u0131z i\u015flerin engellenmesi, onlara getirece\u011fimiz hizmetin gecikmesi anlam\u0131na gelir. Umut ediyorum sadece Ad\u0131yaman&#8217;da de\u011fil, di\u011fer b\u00f6lgelerde de bu tip olaylarla belediyelerimiz kar\u015f\u0131la\u015fmaz&#8221; \u015feklinde konu\u015ftu.<br \/>\n&#8220;Ad\u0131yaman&#8217;\u0131n aya\u011fa kalkmas\u0131 i\u00e7in her t\u00fcrl\u00fc gayreti g\u00f6sterece\u011fiz&#8221;<br \/>\nAd\u0131yaman&#8217;\u0131n aya\u011fa kalkmas\u0131 i\u00e7in t\u00fcm imkanlar\u0131 seferber ettiklerine dikkat \u00e7eken Ba\u015fkan Se\u00e7er, &#8220;Elimizin uzand\u0131\u011f\u0131 her noktaya biz de di\u011fer kurumlar\u0131m\u0131zla beraber, i\u015fbirli\u011fi i\u00e7erisinde Ad\u0131yaman&#8217;\u0131n aya\u011fa kalkmas\u0131, hayat\u0131n normalle\u015fmesi, vatanda\u015flar\u0131m\u0131z\u0131n yaralar\u0131n\u0131n sar\u0131lmas\u0131 i\u00e7in, her t\u00fcrl\u00fc gayreti g\u00f6sterece\u011fiz. Umut ediyorum, hep beraber bu yaralar\u0131 saraca\u011f\u0131z. Y\u0131k\u0131m b\u00fcy\u00fck, ac\u0131 b\u00fcy\u00fck, kay\u0131plar \u00e7ok b\u00fcy\u00fck Ama bunlar\u0131 zaman i\u00e7erisinde hep beraber saraca\u011f\u0131z. Milletimiz de vatan\u0131m\u0131z da b\u00fcy\u00fckt\u00fcr. T\u00fcrkiye Cumhuriyeti b\u00fcy\u00fck bir devlettir. Hepimize ge\u00e7mi\u015f olsun&#8221; ifadelerine yer verdi.<br \/>\n3 bin 500 ki\u015filik konteyner kent kuruluyor<br \/>\nB\u00fcy\u00fck\u015fehir Belediyesi, konteyner kent kurulumu i\u00e7in Lions ve Rotary Kul\u00fcpleri, belediyeler, kurumlar ve sivil toplum kurulu\u015flar\u0131 ile i\u015f birli\u011fi i\u00e7erisinde yap\u0131m\u0131n\u0131 s\u00fcrd\u00fcr\u00fcyor. Vatanda\u015flar\u0131n bar\u0131nma ihtiyac\u0131n\u0131 kar\u015f\u0131lamak \u00fczere toplam 3 bin 500 ki\u015finin bar\u0131nmas\u0131n\u0131 sa\u011flayacak olan konteyner kentin k\u0131sa s\u00fcrede haz\u0131r hale getirilebilmesi i\u00e7in, personel yo\u011fun \u015fekilde \u00e7al\u0131\u015f\u0131yor. 670 konteynerin yer alaca\u011f\u0131 konteyner kentte; sahra hastanesi, spor alanlar\u0131, \u00e7ama\u015f\u0131rhane, yemekhane, mutfak, du\u015f ve tuvalet alan\u0131, kre\u015f, okuma salonu, \u00e7ocuk oyun alanlar\u0131, basketbol sahas\u0131, y\u00fcr\u00fcy\u00fc\u015f yollar\u0131, kamelya alan\u0131, mescit, a\u00e7\u0131k otopark, market ve at\u0131k ayr\u0131\u015ft\u0131rma alan\u0131 da olacak.<br \/>\n\u00c7al\u0131\u015fmalar\u0131n\u0131n sadece Konteyner Kent ile s\u0131n\u0131rl\u0131 kalmad\u0131\u011f\u0131n\u0131 vurgulayan Ba\u015fkan Se\u00e7er, \u00f6zelikle G\u00f6lba\u015f\u0131&#8217;nda \u00f6nemli \u00e7al\u0131\u015fmalara imza att\u0131klar\u0131m\u0131 belirtti ve &#8220;\u00d6zellikle oran\u0131n altyap\u0131, kanalizasyon, ar\u0131tma, i\u00e7me suyu \u015febekesinde \u00e7ok \u00f6nemli sorunlar var. Biz orada yakla\u015f\u0131k bir hafta 10 g\u00fcnden beri de di\u011fer belediyelerle beraber i\u00e7mesuyu \u015febekesinin aya\u011fa kald\u0131rmas\u0131 i\u00e7in yo\u011fun \u00e7aba sarf ediyoruz. Yine kanalizasyon sisteminde \u00f6nemli sorunlar var. Ar\u0131tma sisteminde \u00f6nemli sorunlar var. Harmanl\u0131 ve Yaylakonak&#8217;ta \u00e7ok b\u00fcy\u00fck tahribatlar var&#8221; dedi.<br \/>\nBa\u015fkan K\u0131l\u0131n\u00e7&#8217;tan Ba\u015fkan Se\u00e7er&#8217;e te\u015fekk\u00fcr<br \/>\nKonteyner Kent&#8217;teki incelmelerinin ard\u0131ndan Ad\u0131yaman Belediye Ba\u015fkan\u0131 S\u00fcleyman K\u0131l\u0131n\u00e7&#8217;\u0131 da ziyaret eden Ba\u015fkan Se\u00e7er, kendisine &#8216;Ge\u00e7mi\u015f olsun&#8217; dileyerek kentteki son durum hakk\u0131nda bilgi ald\u0131. Bu t\u00fcr afetlerde i\u015fbirli\u011finin \u00f6nemine dikkat \u00e7eken Ba\u015fkan Se\u00e7er, her t\u00fcrl\u00fc \u00e7a\u011fr\u0131ya cevap vereceklerini belirtti. K\u0131l\u0131n\u00e7 ise Ad\u0131yaman&#8217;da ger\u00e7ekle\u015ftirdikleri \u00e7al\u0131\u015fmalar dolay\u0131s\u0131yla Ba\u015fkan Se\u00e7er&#8217;e te\u015fekk\u00fcr etti.<br \/>\nBuradan Yaylakonak&#8217;a ge\u00e7en Ba\u015fkan Se\u00e7er, Yaylakonak Belediye Ba\u015fkan\u0131 Abuzer Ayd\u0131n ve vatanda\u015flarla bir araya geldi. Ac\u0131lar\u0131 sarmak i\u00e7in el birli\u011fiyle \u00e7al\u0131\u015ft\u0131klar\u0131n\u0131 ifade ederek, her t\u00fcrl\u00fc s\u0131k\u0131nt\u0131lar\u0131nda B\u00fcy\u00fck\u015fehir&#8217;in kap\u0131s\u0131n\u0131 \u00e7alabileceklerini belirtti.<br \/>\n&#8220;Bizim anlay\u0131\u015f\u0131m\u0131za uygun \u00e7al\u0131\u015fman\u0131z laz\u0131m&#8221;<br \/>\nBa\u015fkan Se\u00e7er, ziyaretleri sonras\u0131 Ad\u0131yaman il\u00e7e ve belde belediye ba\u015fkanlar\u0131 ile sorunlar\u0131 dinledi\u011fi ve \u00e7\u00f6z\u00fcm \u00f6nerileri payla\u015ft\u0131\u011f\u0131 bir toplant\u0131 ger\u00e7ekle\u015ftirdi. Toplant\u0131da, ama\u00e7lar\u0131n\u0131n, b\u00f6lgelere ve \u00e7al\u0131\u015fmalara proje, maddi ve manevi bazda katk\u0131 vermek oldu\u011funu vurgulayan Se\u00e7er, Mersin B\u00fcy\u00fck\u015fehir Belediyesi koordinasyonunda 23 belediye ile ortak olarak Ad\u0131yaman&#8217;da \u00e7al\u0131\u015facaklar\u0131n\u0131 vurgulad\u0131.<br \/>\nToplant\u0131n\u0131n ard\u0131ndan Ba\u015fkan Se\u00e7er, Konteyner Kent yap\u0131m\u0131nda \u00e7al\u0131\u015fan B\u00fcy\u00fck\u015fehir personellerini ziyaret ederek &#8220;kolay gelsin&#8221; dile\u011finde bulundu, i\u015f\u00e7ilere emeklerinden dolay\u0131 te\u015fekk\u00fcr etti. Personellerle bir s\u00fcre sohbet eden Se\u00e7er, \u00e7al\u0131\u015fmalar hakk\u0131nda da bilgi ald\u0131.<\/p>\n","protected":false},"excerpt":{"rendered":"<p>Mersin B\u00fcy\u00fck\u015fehir Belediye Ba\u015fkan\u0131 Vahap Se\u00e7er ve e\u015fi Meral Se\u00e7er, koordinasyonu Mersin B\u00fcy\u00fck\u015fehir Belediyesi&#8217;ne verilen Ad\u0131yaman&#8217;a giderek depremzedeleri ziyaret etti. Ba\u015fkan Se\u00e7er, B\u00fcy\u00fck\u015fehir Belediyesi ekipleri taraf\u0131ndan s\u00fcrd\u00fcr\u00fclen \u00e7al\u0131\u015fmalar\u0131 yerinde inceleyip &hellip; <a href=\"https:\/\/akdenizolaygazetesi.com\/?p=24394\" class=\"more-link\">Devam\u0131n\u0131 Oku&#8230;<\/a><\/p>\n","protected":false},"author":2,"featured_media":24395,"comment_status":"open","ping_status":"open","sticky":false,"template":"","format":"standard","meta":[],"categories":[1,2,3],"tags":[],"_links":{"self":[{"href":"https:\/\/akdenizolaygazetesi.com\/index.php?rest_route=\/wp\/v2\/posts\/24394"}],"collection":[{"href":"https:\/\/akdenizolaygazetesi.com\/index.php?rest_route=\/wp\/v2\/posts"}],"about":[{"href":"https:\/\/akdenizolaygazetesi.com\/index.php?rest_route=\/wp\/v2\/types\/post"}],"author":[{"embeddable":true,"href":"https:\/\/akdenizolaygazetesi.com\/index.php?rest_route=\/wp\/v2\/users\/2"}],"replies":[{"embeddable":true,"href":"https:\/\/akdenizolaygazetesi.com\/index.php?rest_route=%2Fwp%2Fv2%2Fcomments&post=24394"}],"version-history":[{"count":1,"href":"https:\/\/akdenizolaygazetesi.com\/index.php?rest_route=\/wp\/v2\/posts\/24394\/revisions"}],"predecessor-version":[{"id":24396,"href":"https:\/\/akdenizolaygazetesi.com\/index.php?rest_route=\/wp\/v2\/posts\/24394\/revisions\/24396"}],"wp:featuredmedia":[{"embeddable":true,"href":"https:\/\/akdenizolaygazetesi.com\/index.php?rest_route=\/wp\/v2\/media\/24395"}],"wp:attachment":[{"href":"https:\/\/akdenizolaygazetesi.com\/index.php?rest_route=%2Fwp%2Fv2%2Fmedia&parent=24394"}],"wp:term":[{"taxonomy":"category","embeddable":true,"href":"https:\/\/akdenizolaygazetesi.com\/index.php?rest_route=%2Fwp%2Fv2%2Fcategories&post=24394"},{"taxonomy":"post_tag","embeddable":true,"href":"https:\/\/akdenizolaygazetesi.com\/index.php?rest_route=%2Fwp%2Fv2%2Ftags&post=24394"}],"curies":[{"name":"wp","href":"https:\/\/api.w.org\/{rel}","templated":true}]}}