{"id":24397,"date":"2023-02-27T14:07:39","date_gmt":"2023-02-27T11:07:39","guid":{"rendered":"http:\/\/akdenizolaygazetesi.com\/?p=24397"},"modified":"2023-02-27T14:07:39","modified_gmt":"2023-02-27T11:07:39","slug":"baskan-secer-adiyaman-kahramanmaras-ve-ilcelerinde-depremzede-vatandaslarla-bir-araya-geldi","status":"publish","type":"post","link":"https:\/\/akdenizolaygazetesi.com\/?p=24397","title":{"rendered":"BA\u015eKAN SE\u00c7ER, ADIYAMAN, KAHRAMANMARA\u015e VE \u0130L\u00c7ELER\u0130NDE DEPREMZEDE VATANDA\u015eLARLA B\u0130R ARAYA GELD\u0130"},"content":{"rendered":"<p>Mersin B\u00fcy\u00fck\u015fehir Belediye Ba\u015fkan\u0131 Vahap Se\u00e7er, Kahramanmara\u015f&#8217;ta meydana gelen ve 10 ili etkileyen depremlerin hemen ard\u0131ndan ba\u015flatt\u0131\u011f\u0131 hummal\u0131 \u00e7al\u0131\u015fma ve b\u00f6lge incelemelerine devam ediyor.<br \/>\nBir yandan Mersin&#8217;de konaklayan depremzede vatanda\u015flar i\u00e7in hizmet \u00fcretirken bir yandan da deprem b\u00f6lgelerini ziyaret eden Ba\u015fkan Se\u00e7er, haftasonu mesaisini koordinasyonu Mersin B\u00fcy\u00fck\u015fehir Belediyesi&#8217;nde olan Ad\u0131yaman&#8217;da ge\u00e7irdi. \u0130lk g\u00fcn ger\u00e7ekle\u015ftirdi\u011fi ziyaretlerde b\u00f6lge halk\u0131yla bulu\u015fan Ba\u015fkan Se\u00e7er, b\u00f6lgedeki il\u00e7e ve belde belediye ba\u015fkanlar\u0131 ile de g\u00f6r\u00fc\u015fmeler ger\u00e7ekle\u015ftirerek bilgi al\u0131\u015fveri\u015finde bulundu.<br \/>\nSe\u00e7er, Ad\u0131yaman&#8217;\u0131n il\u00e7elerindeki vatanda\u015flar\u0131 ziyaret ederek &#8216;Ge\u00e7mi\u015f olsun&#8217; dileklerinde bulunup, talep ve istekleri tek tek dinleyerek yaralar\u0131 sarmak ad\u0131na hayata ge\u00e7irdikleri \u00e7al\u0131\u015fmalar\u0131 anlatt\u0131. Geceyi yap\u0131m\u0131 devam eden Konteyner Kent&#8217;te ge\u00e7iren Ba\u015fkan Se\u00e7er, sabah erken saatlerde alan\u0131 inceleyerek yetkililerden bilgi ald\u0131.<br \/>\nBa\u015fkan Se\u00e7er \u00f6nc\u00fcl\u00fc\u011f\u00fcnde Ad\u0131yamanl\u0131 vatanda\u015flar i\u00e7in ya\u015fam alan\u0131 olu\u015fturuluyor<br \/>\nVatanda\u015flar\u0131n acil bar\u0131nma ihtiyac\u0131n\u0131 kar\u015f\u0131lamak \u00fczere 3 bin 500 ki\u015finin bar\u0131nmas\u0131n\u0131 sa\u011flayacak 670 konteynerin yer alaca\u011f\u0131 Konteyner Kent&#8217;te, depremzedelerin sa\u011fl\u0131k ihtiya\u00e7lar\u0131na ilk anda cevap verebilecek donan\u0131mda sahra hastanesinden \u00e7ocuklar\u0131n i\u00e7inde bulunduklar\u0131 travmadan daha kolay \u00e7\u0131kabilmeleri amac\u0131yla haz\u0131rlanan oyun alanlar\u0131na kadar en ince ayr\u0131nt\u0131lar d\u00fc\u015f\u00fcn\u00fcld\u00fc.<br \/>\nBa\u015fkan Se\u00e7er&#8217;in hem fiziki hem altyap\u0131 olarak b\u00fcy\u00fck \u00f6zen g\u00f6sterilerek haz\u0131rlanmas\u0131n\u0131 istedi\u011fi Konteyner Kent&#8217;te; \u00e7ama\u015f\u0131rhane, yemekhane, mutfak, du\u015f ve tuvalet alan\u0131, kre\u015f, okuma salonu, basketbol sahas\u0131, y\u00fcr\u00fcy\u00fc\u015f yollar\u0131, kamelya alan\u0131, mescit, a\u00e7\u0131k otopark, market ve at\u0131k ayr\u0131\u015ft\u0131rma alan\u0131 da olacak.<br \/>\nYa\u011fmur suyu hatt\u0131n\u0131n dahi proje i\u00e7erisinde yer ald\u0131\u011f\u0131 Konteyner Kent&#8217;in zemin d\u00fczenlemesini ve elektrik aksam\u0131n\u0131 Mersin B\u00fcy\u00fck\u015fehir Belediyesi ekipleri, su ve kanalizasyon imalatlar\u0131n\u0131 ise MESK\u0130 Genel M\u00fcd\u00fcrl\u00fc\u011f\u00fc ekipleri yap\u0131yor. Konteyner Kent; depremzedelerin yeni konut alanlar\u0131 olu\u015fturulana kadar ya\u015famlar\u0131n\u0131 s\u00fcrd\u00fcrece\u011fi mini bir kasaba olacak.<br \/>\nBa\u015fkan Se\u00e7er il\u00e7elerde depremzedeler ve y\u00f6neticilerle g\u00f6r\u00fc\u015ft\u00fc<br \/>\nBa\u015fkan Se\u00e7er, B\u00fcy\u00fck\u015fehir taraf\u0131ndan yap\u0131m\u0131 h\u0131zla devam eden Konteyner Kent&#8217;teki incelemelerinin ard\u0131ndan, il\u00e7e ziyaretlerini s\u00fcrd\u00fcrd\u00fc. B\u00f6lgelerde depremzedelerle bulu\u015fan Ba\u015fkan Se\u00e7er, \u00e7ocuklara da \u00e7e\u015fitli hediyeler vererek y\u00fczlerini g\u00fcl\u00fcmsetti.<br \/>\n\u0130lk olarak \u015eambayat il\u00e7esine giden Ba\u015fkan Se\u00e7er, burada \u015eambayat Belediye Ba\u015fkan\u0131 Nejdet Ar\u0131c\u0131 ile bir araya gelerek g\u00f6r\u00fc\u015fme ger\u00e7ekle\u015ftirdi, depremzedelerle sohbet etti. \u015eambayat&#8217;\u0131n ard\u0131ndan MESK\u0130&#8217;nin i\u00e7me suyu bak\u0131m onar\u0131m arac\u0131 ve ekibi ile beraber y\u0131k\u0131lan binalar\u0131n i\u00e7me suyu hatlar\u0131n\u0131n onar\u0131m\u0131n\u0131 tamamlad\u0131\u011f\u0131 Tut il\u00e7esine ge\u00e7en Se\u00e7er, Tut Belediye Ba\u015fkan\u0131 Mehmet K\u0131l\u0131\u00e7 ile birlikte vatanda\u015flarla bir araya geldi.<br \/>\n&#8220;Nas\u0131l bug\u00fcne kadar elimizden geleni yapt\u0131ysak, bundan sonra da yan\u0131n\u0131zday\u0131z&#8221;<br \/>\nDepremzedelerle sohbet eden Ba\u015fkan Se\u00e7er, &#8220;Deprem olur olmaz \u00f6zellikle ilk etapta can kurtarmak i\u00e7in an\u0131nda ekiplerimizi g\u00f6nderdik. Etkilenen t\u00fcm b\u00f6lgelerden gitmedi\u011fimiz yer kalmad\u0131. \u0130lk g\u00fcnlerde insanlar\u0131n acil ihtiya\u00e7lar\u0131na y\u00f6neldi t\u00fcm kurumlar. Bundan sonraki s\u00fcre\u00e7te de yaralar\u0131n sar\u0131lmas\u0131 i\u00e7in hepimiz gayret g\u00f6steriyoruz. Mutlaka her kurumun kendi g\u00f6rev alan\u0131 var, herkes eksiksiz g\u00f6revlerini yaparsa bu yaralar\u0131 eksiksiz bir \u015fekilde sarar\u0131z. Bu bilin\u00e7le nas\u0131l bug\u00fcne kadar elimizden geleni yapt\u0131ysak, bundan sonra da yan\u0131n\u0131zday\u0131z&#8221; dedi.<br \/>\nTeknik olarak hizmet sa\u011flanmas\u0131n\u0131n elzem oldu\u011funu vurgulayan Se\u00e7er, &#8220;Evet, su sisteminde bir ar\u0131za var, boru d\u00f6\u015fenecekse vana da var ama o sistemi kurabilecek, bu i\u015fi bilen teknik eleman ihtiyac\u0131 da var. Elbette ki bizim B\u00fcy\u00fck\u015fehirlerin bu kabiliyeti \u00e7ok b\u00fcy\u00fckt\u00fcr. Bizden katk\u0131 isteyen belediyelerimizi de aya\u011fa kald\u0131rabilecek bilgi ve birikime de sahibiz. Tut halk\u0131n\u0131n da her zaman emrine amadeyiz&#8221; ifadelerine yer verdi.<br \/>\nVatanda\u015flarla bulu\u015fmas\u0131n\u0131n ard\u0131ndan Tut Kaymakam\u0131 Erkut Pamuk ve afet dolay\u0131s\u0131yla g\u00f6revlendiren Kaymakam B\u00fcnyamin Karalo\u011flu ile de g\u00f6r\u00fc\u015fen Ba\u015fkan Se\u00e7er, son durum ve y\u00fcr\u00fct\u00fclen \u00e7al\u0131\u015fmalar hakk\u0131nda bilgi ald\u0131.<br \/>\nBa\u015fkan Se\u00e7er, Ba\u015fkan Yava\u015f ile g\u00f6r\u00fc\u015ft\u00fc<br \/>\nAd\u0131yaman&#8217;dan sonra depremin merkez \u00fcss\u00fc olan Kahramanmara\u015f&#8217;a ge\u00e7en Ba\u015fkan Vahap Se\u00e7er ve e\u015fi Meral Se\u00e7er, Kahramanmara\u015f&#8217;\u0131n koordinasyonunu \u00fcstlenen Ankara B\u00fcy\u00fck\u015fehir Belediyesi Ba\u015fkan\u0131 Mansur Yava\u015f&#8217;\u0131 ziyaret etti. Se\u00e7er, Yava\u015f ile yap\u0131lan ve yap\u0131lacak \u00e7al\u0131\u015fmalar hakk\u0131nda isti\u015farede bulundu. Ankara B\u00fcy\u00fck\u015fehir Belediyesi taraf\u0131ndan olu\u015fturulan ya\u015fam alan\u0131n\u0131 da inceleyen Ba\u015fkan Se\u00e7er, CHP&#8217;li Belediye Ba\u015fkanlar\u0131n\u0131n, ya\u015fanan bu felaketin ard\u0131ndan ivedilikle harekete ge\u00e7ti\u011fini ve deprem b\u00f6lgelerini aya\u011fa kald\u0131rmak i\u00e7in dayan\u0131\u015fmayla \u00e7al\u0131\u015ft\u0131klar\u0131n\u0131 vurgulayarak bu s\u00fcreci el birli\u011fiyle atlatacaklar\u0131n\u0131 s\u00f6yledi.<br \/>\nYava\u015f&#8217;\u0131 ziyaretinin ard\u0131ndan Kahramanmara\u015f&#8217;taki depremden zarar g\u00f6ren ve y\u0131k\u0131ma u\u011frayan b\u00f6lgeleri de gezen Se\u00e7er, buralarda depremzede vatanda\u015flarla bulu\u015ftu, &#8216;ge\u00e7mi\u015f olsun&#8217; dile\u011finde bulundu. Vatanda\u015flar\u0131, B\u00fcy\u00fck\u015fehir taraf\u0131ndan y\u00fcr\u00fct\u00fclen \u00e7al\u0131\u015fmalar hakk\u0131nda bilgilendiren Se\u00e7er, depremden zarar g\u00f6ren b\u00f6lgeleri tekrar hayata d\u00f6nd\u00fcrmek i\u00e7in h\u0131z kesmeden \u00e7al\u0131\u015facaklar\u0131n\u0131 s\u00f6yledi.<\/p>\n","protected":false},"excerpt":{"rendered":"<p>Mersin B\u00fcy\u00fck\u015fehir Belediye Ba\u015fkan\u0131 Vahap Se\u00e7er, Kahramanmara\u015f&#8217;ta meydana gelen ve 10 ili etkileyen depremlerin hemen ard\u0131ndan ba\u015flatt\u0131\u011f\u0131 hummal\u0131 \u00e7al\u0131\u015fma ve b\u00f6lge incelemelerine devam ediyor. Bir yandan Mersin&#8217;de konaklayan depremzede vatanda\u015flar &hellip; <a href=\"https:\/\/akdenizolaygazetesi.com\/?p=24397\" class=\"more-link\">Devam\u0131n\u0131 Oku&#8230;<\/a><\/p>\n","protected":false},"author":2,"featured_media":24398,"comment_status":"open","ping_status":"open","sticky":false,"template":"","format":"standard","meta":[],"categories":[2,3,5],"tags":[],"_links":{"self":[{"href":"https:\/\/akdenizolaygazetesi.com\/index.php?rest_route=\/wp\/v2\/posts\/24397"}],"collection":[{"href":"https:\/\/akdenizolaygazetesi.com\/index.php?rest_route=\/wp\/v2\/posts"}],"about":[{"href":"https:\/\/akdenizolaygazetesi.com\/index.php?rest_route=\/wp\/v2\/types\/post"}],"author":[{"embeddable":true,"href":"https:\/\/akdenizolaygazetesi.com\/index.php?rest_route=\/wp\/v2\/users\/2"}],"replies":[{"embeddable":true,"href":"https:\/\/akdenizolaygazetesi.com\/index.php?rest_route=%2Fwp%2Fv2%2Fcomments&post=24397"}],"version-history":[{"count":1,"href":"https:\/\/akdenizolaygazetesi.com\/index.php?rest_route=\/wp\/v2\/posts\/24397\/revisions"}],"predecessor-version":[{"id":24399,"href":"https:\/\/akdenizolaygazetesi.com\/index.php?rest_route=\/wp\/v2\/posts\/24397\/revisions\/24399"}],"wp:featuredmedia":[{"embeddable":true,"href":"https:\/\/akdenizolaygazetesi.com\/index.php?rest_route=\/wp\/v2\/media\/24398"}],"wp:attachment":[{"href":"https:\/\/akdenizolaygazetesi.com\/index.php?rest_route=%2Fwp%2Fv2%2Fmedia&parent=24397"}],"wp:term":[{"taxonomy":"category","embeddable":true,"href":"https:\/\/akdenizolaygazetesi.com\/index.php?rest_route=%2Fwp%2Fv2%2Fcategories&post=24397"},{"taxonomy":"post_tag","embeddable":true,"href":"https:\/\/akdenizolaygazetesi.com\/index.php?rest_route=%2Fwp%2Fv2%2Ftags&post=24397"}],"curies":[{"name":"wp","href":"https:\/\/api.w.org\/{rel}","templated":true}]}}