{"id":24409,"date":"2023-02-28T13:32:39","date_gmt":"2023-02-28T10:32:39","guid":{"rendered":"http:\/\/akdenizolaygazetesi.com\/?p=24409"},"modified":"2023-02-28T13:32:39","modified_gmt":"2023-02-28T10:32:39","slug":"toroslar-belediyesi-tum-ekipleriyle-depremzedelerin-yaninda","status":"publish","type":"post","link":"https:\/\/akdenizolaygazetesi.com\/?p=24409","title":{"rendered":"TOROSLAR BELED\u0130YES\u0130, T\u00dcM EK\u0130PLER\u0130YLE DEPREMZEDELER\u0130N YANINDA"},"content":{"rendered":"<p>Mersin&#8217;in merkez il\u00e7esi Toroslar Belediyesi, 11 ili etkileyen deprem felaketinin yaralar\u0131n\u0131 sarmak i\u00e7in ba\u015flatt\u0131\u011f\u0131 yard\u0131m ve destek \u00e7al\u0131\u015fmalar\u0131n\u0131 gece g\u00fcnd\u00fcz, aral\u0131ks\u0131z s\u00fcrd\u00fcr\u00fcyor.<\/p>\n<p>Deprem b\u00f6lgesinden il\u00e7eye gelen depremzedeler i\u00e7in t\u00fcm birimleriyle seferber olan belediyenin Yunus Emre K\u00fclt\u00fcr Merkezi&#8217;ndeki Acil Destek Merkezi&#8217;nin yan\u0131 s\u0131ra ana hizmet binas\u0131ndaki Halkla \u0130li\u015fkiler Biriminde bulunan \u00c7\u00f6z\u00fcm Masas\u0131 da sosyal medya hesaplar\u0131 ve \u00e7a\u011fr\u0131 merkezi \u00fczerinden gelen talepleri an\u0131nda de\u011ferlendirerek, ilgili birimlere y\u00f6nlendiriyor.<\/p>\n<p>Mahalle muhtarlar\u0131yla da koordineli bir \u015fekilde \u00e7al\u0131\u015fmalar\u0131n y\u00fcr\u00fct\u00fcld\u00fc\u011f\u00fc Acil Destek Merkezi&#8217;ne ve \u00c7\u00f6z\u00fcm Masas\u0131na ula\u015fan depremzedeler ve yak\u0131nlar\u0131 ise verilen destekten ve g\u00f6rd\u00fckleri misafirperverlikten \u00e7ok mutlu.<\/p>\n<p>&#8220;TOROSLAR HALKI, B\u00d6LGEM\u0130ZE GELEN DEPREMZEDE KARDE\u015eLER\u0130M\u0130Z\u0130 A\u0130LELER\u0130 G\u0130B\u0130 G\u00d6R\u00dcYOR&#8221;<\/p>\n<p>Toroslar Belediye Ba\u015fkan\u0131 Ats\u0131z Af\u015f\u0131n Y\u0131lmaz, deprem b\u00f6lgesinden gelerek il\u00e7edeki sosyal tesisler ve g\u00f6n\u00fcll\u00fc vatanda\u015flar\u0131n evlerinde misafir edilen depremzedelerin,  \u00f6ncelikle temel ihtiya\u00e7lar\u0131n\u0131n kar\u015f\u0131lanmas\u0131 i\u00e7in \u00e7al\u0131\u015fma y\u00fcr\u00fctt\u00fcklerini belirterek; &#8220;T\u00fcm \u00fclkemizi derinden sarsan depremin ilk an\u0131ndan itibaren belediyemizi seferber ettik. Gerek Acil Durum Afet ekiplerimiz ve i\u015f makinelerimizle, gerekse yard\u0131m t\u0131rlar\u0131m\u0131zla depremzede karde\u015flerimizin yan\u0131nda olduk. Afet b\u00f6lgesinden kentimize gelen karde\u015flerimizi de yaln\u0131z b\u0131rakm\u0131yoruz. T\u00fcm imkanlar\u0131m\u0131zla ve g\u00f6n\u00fcll\u00fc hem\u015fehrilerimizle yanlar\u0131nday\u0131z. Depremzede karde\u015flerimize kap\u0131lar\u0131n\u0131 a\u00e7an hem\u015fehrilerimize yeniden te\u015fekk\u00fcr ediyorum&#8221; diye konu\u015ftu.<\/p>\n","protected":false},"excerpt":{"rendered":"<p>Mersin&#8217;in merkez il\u00e7esi Toroslar Belediyesi, 11 ili etkileyen deprem felaketinin yaralar\u0131n\u0131 sarmak i\u00e7in ba\u015flatt\u0131\u011f\u0131 yard\u0131m ve destek \u00e7al\u0131\u015fmalar\u0131n\u0131 gece g\u00fcnd\u00fcz, aral\u0131ks\u0131z s\u00fcrd\u00fcr\u00fcyor. Deprem b\u00f6lgesinden il\u00e7eye gelen depremzedeler i\u00e7in t\u00fcm birimleriyle &hellip; <a href=\"https:\/\/akdenizolaygazetesi.com\/?p=24409\" class=\"more-link\">Devam\u0131n\u0131 Oku&#8230;<\/a><\/p>\n","protected":false},"author":2,"featured_media":24410,"comment_status":"open","ping_status":"open","sticky":false,"template":"","format":"standard","meta":[],"categories":[3,9],"tags":[],"_links":{"self":[{"href":"https:\/\/akdenizolaygazetesi.com\/index.php?rest_route=\/wp\/v2\/posts\/24409"}],"collection":[{"href":"https:\/\/akdenizolaygazetesi.com\/index.php?rest_route=\/wp\/v2\/posts"}],"about":[{"href":"https:\/\/akdenizolaygazetesi.com\/index.php?rest_route=\/wp\/v2\/types\/post"}],"author":[{"embeddable":true,"href":"https:\/\/akdenizolaygazetesi.com\/index.php?rest_route=\/wp\/v2\/users\/2"}],"replies":[{"embeddable":true,"href":"https:\/\/akdenizolaygazetesi.com\/index.php?rest_route=%2Fwp%2Fv2%2Fcomments&post=24409"}],"version-history":[{"count":1,"href":"https:\/\/akdenizolaygazetesi.com\/index.php?rest_route=\/wp\/v2\/posts\/24409\/revisions"}],"predecessor-version":[{"id":24411,"href":"https:\/\/akdenizolaygazetesi.com\/index.php?rest_route=\/wp\/v2\/posts\/24409\/revisions\/24411"}],"wp:featuredmedia":[{"embeddable":true,"href":"https:\/\/akdenizolaygazetesi.com\/index.php?rest_route=\/wp\/v2\/media\/24410"}],"wp:attachment":[{"href":"https:\/\/akdenizolaygazetesi.com\/index.php?rest_route=%2Fwp%2Fv2%2Fmedia&parent=24409"}],"wp:term":[{"taxonomy":"category","embeddable":true,"href":"https:\/\/akdenizolaygazetesi.com\/index.php?rest_route=%2Fwp%2Fv2%2Fcategories&post=24409"},{"taxonomy":"post_tag","embeddable":true,"href":"https:\/\/akdenizolaygazetesi.com\/index.php?rest_route=%2Fwp%2Fv2%2Ftags&post=24409"}],"curies":[{"name":"wp","href":"https:\/\/api.w.org\/{rel}","templated":true}]}}