{"id":24418,"date":"2023-02-28T13:37:57","date_gmt":"2023-02-28T10:37:57","guid":{"rendered":"http:\/\/akdenizolaygazetesi.com\/?p=24418"},"modified":"2023-02-28T13:37:57","modified_gmt":"2023-02-28T10:37:57","slug":"hayat-boyu-ogrenme-birimi-destek-koordinasyon-ekibi-hataya-ugurlandi","status":"publish","type":"post","link":"https:\/\/akdenizolaygazetesi.com\/?p=24418","title":{"rendered":"HAYAT BOYU \u00d6\u011eRENME B\u0130R\u0130M\u0130 &#8220;DESTEK KOORD\u0130NASYON EK\u0130B\u0130&#8221; HATAY&#8217;A U\u011eURLANDI"},"content":{"rendered":"<p>\u0130l Milli E\u011fitim M\u00fcd\u00fcr\u00fcm\u00fcz Say\u0131n Adem KOCA, \u0130l Milli E\u011fitim M\u00fcd\u00fcrl\u00fc\u011f\u00fcm\u00fcze ba\u011fl\u0131 Hayat Boyu \u00d6\u011frenme Kurumlar\u0131m\u0131zda g\u00f6rev yapan 2 idareci ve 5 \u00f6\u011fretmenden olu\u015fan ekibi, Milli E\u011fitim Bakanl\u0131\u011f\u0131 Hayat Boyu \u00d6\u011frenme Genel M\u00fcd\u00fcrl\u00fc\u011f\u00fcm\u00fczce olu\u015fturulan &#8220;Destek Koordinasyon Merkezi&#8221; nde hayat boyu \u00f6\u011frenme kurslar\u0131 a\u00e7mak ve vatanda\u015flar\u0131m\u0131za destek olmak i\u00e7in Hatay iline u\u011furlad\u0131.<br \/>\nSay\u0131n Adem KOCA, &#8220;T\u00fcrkiye olarak bu zorlu g\u00fcnleri a\u015fmak i\u00e7in devletimiz ve milletimiz omuz omuza verdik. \u00dclkemizin her k\u00f6\u015fesinden afet b\u00f6lgesine yard\u0131mlar g\u00f6nderiliyor. Vatanda\u015flar\u0131m\u0131z, yaralar\u0131 sarmak i\u00e7in g\u00f6n\u00fcll\u00fc olarak afet b\u00f6lgesine gidiyorlar. Bizler de Mersin \u0130l Milli E\u011fitim M\u00fcd\u00fcrl\u00fc\u011f\u00fc olarak afet b\u00f6lgesine her t\u00fcrl\u00fc katk\u0131y\u0131 sa\u011flamak i\u00e7in var g\u00fcc\u00fcm\u00fczle \u00e7al\u0131\u015f\u0131yoruz. Hayat Boyu \u00d6\u011frenme kurumlar\u0131m\u0131z\u0131n tamam\u0131nda \u00f6\u011fretmenlerimiz, usta \u00f6\u011freticilerimiz, kursiyerlerimiz canla ba\u015fla \u00e7al\u0131\u015farak afet b\u00f6lgesinde ihtiya\u00e7 duyulan bir\u00e7ok malzemenin \u00fcretimini yap\u0131yorlar. Bug\u00fcn Hayat Boyu \u00d6\u011frenme Genel M\u00fcd\u00fcrl\u00fc\u011f\u00fcm\u00fczce olu\u015fturulan &#8220;Destek Koordinasyon Merkezi&#8221; ne katk\u0131 sunmak \u00fczere hayat boyu \u00f6\u011frenme ekibimizi Hatay iline u\u011furluyoruz. Destek Koordinasyon B\u00f6lgesi&#8217;nde g\u00f6rev yapacak ekibimiz yine hayat boyu \u00f6\u011frenme kurumlar\u0131m\u0131z taraf\u0131ndan \u00fcretilen \u00e7e\u015fitli yard\u0131m ve a\u00e7\u0131lacak kurslar i\u00e7in ihtiya\u00e7 duyulan sarf malzemelerini de b\u00f6lgeye g\u00f6t\u00fcr\u00fcyorlar. Hayat Boyu \u00d6\u011frenme birimimizin Mobil Kurs Arac\u0131 da yar\u0131n itibariyle a\u00e7\u0131k \u00f6\u011fretim kay\u0131tlar\u0131 almak ve kurs vermek amac\u0131yla Hatay&#8217;a ula\u015facak. Afet b\u00f6lgesi i\u00e7in desteklerini esirgemeyen t\u00fcm meslekta\u015flar\u0131ma, t\u00fcm vatanda\u015flar\u0131m\u0131za en kalbi duygular\u0131mla te\u015fekk\u00fcr ediyorum. \u0130nan\u0131yorum ki devletimiz ve milletimiz el ele, hep birlikte bu yaralar\u0131 saraca\u011f\u0131z. Allah milletimize bir daha b\u00f6yle bir ac\u0131 ya\u015fatmas\u0131n.&#8221; dedi.<\/p>\n","protected":false},"excerpt":{"rendered":"<p>\u0130l Milli E\u011fitim M\u00fcd\u00fcr\u00fcm\u00fcz Say\u0131n Adem KOCA, \u0130l Milli E\u011fitim M\u00fcd\u00fcrl\u00fc\u011f\u00fcm\u00fcze ba\u011fl\u0131 Hayat Boyu \u00d6\u011frenme Kurumlar\u0131m\u0131zda g\u00f6rev yapan 2 idareci ve 5 \u00f6\u011fretmenden olu\u015fan ekibi, Milli E\u011fitim Bakanl\u0131\u011f\u0131 Hayat Boyu &hellip; <a href=\"https:\/\/akdenizolaygazetesi.com\/?p=24418\" class=\"more-link\">Devam\u0131n\u0131 Oku&#8230;<\/a><\/p>\n","protected":false},"author":2,"featured_media":24419,"comment_status":"open","ping_status":"open","sticky":false,"template":"","format":"standard","meta":[],"categories":[3,5],"tags":[],"_links":{"self":[{"href":"https:\/\/akdenizolaygazetesi.com\/index.php?rest_route=\/wp\/v2\/posts\/24418"}],"collection":[{"href":"https:\/\/akdenizolaygazetesi.com\/index.php?rest_route=\/wp\/v2\/posts"}],"about":[{"href":"https:\/\/akdenizolaygazetesi.com\/index.php?rest_route=\/wp\/v2\/types\/post"}],"author":[{"embeddable":true,"href":"https:\/\/akdenizolaygazetesi.com\/index.php?rest_route=\/wp\/v2\/users\/2"}],"replies":[{"embeddable":true,"href":"https:\/\/akdenizolaygazetesi.com\/index.php?rest_route=%2Fwp%2Fv2%2Fcomments&post=24418"}],"version-history":[{"count":1,"href":"https:\/\/akdenizolaygazetesi.com\/index.php?rest_route=\/wp\/v2\/posts\/24418\/revisions"}],"predecessor-version":[{"id":24420,"href":"https:\/\/akdenizolaygazetesi.com\/index.php?rest_route=\/wp\/v2\/posts\/24418\/revisions\/24420"}],"wp:featuredmedia":[{"embeddable":true,"href":"https:\/\/akdenizolaygazetesi.com\/index.php?rest_route=\/wp\/v2\/media\/24419"}],"wp:attachment":[{"href":"https:\/\/akdenizolaygazetesi.com\/index.php?rest_route=%2Fwp%2Fv2%2Fmedia&parent=24418"}],"wp:term":[{"taxonomy":"category","embeddable":true,"href":"https:\/\/akdenizolaygazetesi.com\/index.php?rest_route=%2Fwp%2Fv2%2Fcategories&post=24418"},{"taxonomy":"post_tag","embeddable":true,"href":"https:\/\/akdenizolaygazetesi.com\/index.php?rest_route=%2Fwp%2Fv2%2Ftags&post=24418"}],"curies":[{"name":"wp","href":"https:\/\/api.w.org\/{rel}","templated":true}]}}