{"id":2444,"date":"2020-11-04T18:22:57","date_gmt":"2020-11-04T15:22:57","guid":{"rendered":"http:\/\/mersinekonomipolitikagazetesi.com\/?p=2444"},"modified":"2020-11-04T18:22:57","modified_gmt":"2020-11-04T15:22:57","slug":"hedeflerimize-kararlilikla-yuruyecegiz","status":"publish","type":"post","link":"https:\/\/akdenizolaygazetesi.com\/?p=2444","title":{"rendered":"HEDEFLER\u0130M\u0130ZE KARARLILIKLA  Y\u00dcR\u00dcYECE\u011e\u0130Z"},"content":{"rendered":"<p>AK Parti Mersin \u0130l Ba\u015fkan\u0131 Cesim Ercik, parti binas\u0131nda d\u00fczenledi\u011fi toplant\u0131da, partisinin 18 A\u011fustos Cumartesi g\u00fcn\u00fc Ankara&#8217;da ger\u00e7ekle\u015ftirilecek olan 6. Ola\u011fan B\u00fcy\u00fck Kongresi&#8217;ne ili\u015fkin a\u00e7\u0131klamalarda bulundu.<\/p>\n<p>\u00c7ok say\u0131da partilinin de kat\u0131ld\u0131\u011f\u0131 toplant\u0131da, 16 Nisan 2017 tarihinde yap\u0131lan halk oylamas\u0131 ile milletin onay\u0131n\u0131, 24 Haziran se\u00e7imleri ile de teyidini alarak hayata ge\u00e7irilen Cumhurba\u015fkanl\u0131\u011f\u0131 H\u00fck\u00fcmet Sistemiyle birlikte T\u00fcrkiye\u2019de yeni bir d\u00f6nemin ba\u015flad\u0131\u011f\u0131na i\u015faret eden Ercik, &#8220;Liderimiz, Genel Ba\u015fkan\u0131m\u0131z, Cumhurba\u015fkan\u0131m\u0131z Recep Tayyip Erdo\u011fan, kurucusu oldu\u011fu, &#8216;yuvam, sevdam, a\u015fk\u0131m&#8217; dedi\u011fi partisine geri d\u00f6nm\u00fc\u015ft\u00fcr. 6. Ola\u011fan B\u00fcy\u00fck Kongre ile partimiz, i\u00e7inde bulundu\u011fumuz bu yeni s\u00fcrece uyum a\u015famas\u0131n\u0131 tamamlayacakt\u0131r. AK Parti, T\u00fcrkiye\u2019ye hizmet etmeye ahdetmi\u015f bir parti olman\u0131n getirdi\u011fi sorumluluk bilinciyle, bir demokrasi \u015f\u00f6leni i\u00e7erisinde kongresini yapacakt\u0131r&#8221; diye konu\u015ftu.\u00a0<\/p>\n<p>\u2018\u2019L\u0130DER\u0130M\u0130Z RECEP TAYY\u0130P ERDO\u011eAN \u0130LE YORULMADAN YILMADAN Y\u00dcR\u00dcMEYE DEVAM EDECE\u011e\u0130Z\u2019\u2019<\/p>\n<p>16 y\u0131ld\u0131r girdi\u011fi t\u00fcm se\u00e7imleri kazanan AK Parti&#8217;nin ilerlemeyi ve yenilenmeyi teminat alt\u0131na ald\u0131\u011f\u0131n\u0131 vurgulayan Ercik, &#8220;Liderimiz Recep Tayyip Erdo\u011fan \u00f6nc\u00fcl\u00fc\u011f\u00fcndeki bu kutlu davan\u0131n neferleri olarak bizler, siyaseti bir bayrak yar\u0131\u015f\u0131 olarak g\u00f6r\u00fcyoruz. Siyaseti bir makam ve stat\u00fc de\u011fil bir g\u00f6rev ve sorumluluk addediyoruz. G\u00f6rev ve sorumluluklar\u0131m\u0131zdaki de\u011fi\u015fim bizim i\u00e7in her seferinde bir yenilenme ve tazelenme anlam\u0131na gelmektedir. Bug\u00fcne kadar hizmet yar\u0131\u015f\u0131nda bayra\u011f\u0131 ald\u0131\u011f\u0131 noktadan hep daha ileriye ta\u015f\u0131yan kadrolar\u0131m\u0131z, bug\u00fcnden sonra da bu hizmet yar\u0131\u015f\u0131nda hep daha iyisi i\u00e7in \u00e7al\u0131\u015fmaya devam edecektir&#8221; ifadelerini kulland\u0131.\u00a0<br \/>\n&#8220;Kutlu y\u00fcr\u00fcy\u00fc\u015f\u00fcm\u00fcz\u00fc engellemeye y\u00f6nelik b\u00fct\u00fcn giri\u015fimler bo\u015fa \u00e7\u0131kacakt\u0131r&#8221;\u00a0<br \/>\n18 A\u011fustos Cumartesi g\u00fcn\u00fc b\u00fct\u00fcn te\u015fkilatlar\u0131yla birlikte Ankara Spor Salonu\u2019nda olacaklar\u0131n\u0131 ifade eden Ercik, konu\u015fmas\u0131n\u0131 \u015f\u00f6yle tamamlad\u0131; &#8220;Liderimiz Recep Tayyip Erdo\u011fan ile birlikte yorulmadan, bir an dahi duraksamadan b\u00fcy\u00fck bir azim ve kararl\u0131l\u0131kla yolumuza devam edece\u011fiz. \u0130stikbalimiz olan \u00e7ocuklar\u0131m\u0131za ve gen\u00e7lerimize verdi\u011fimiz\u00a0<br \/>\ns\u00f6z\u00fc tutarak, T\u00fcrkiye\u2019yi lider \u00fclke yapma hedefimize kararl\u0131l\u0131kla y\u00fcr\u00fcyece\u011fiz. Aziz milletimizin kutlu y\u00fcr\u00fcy\u00fc\u015f\u00fcn\u00fc engellemek i\u00e7in yap\u0131lan t\u00fcm giri\u015fimler, ad\u0131 her ne olursa olsun, hangi mecrada yap\u0131l\u0131rsa yap\u0131ls\u0131n, milletimizin kararl\u0131 ve dik duru\u015fu, AK Parti kadrolar\u0131n\u0131n azmi ve gayretiyle bo\u015fa \u00e7\u0131kacakt\u0131r. B\u00fcy\u00fck ve g\u00fc\u00e7l\u00fc T\u00fcrkiye, \u00e7ocuklar\u0131m\u0131za borcumuzdur. Kongremizin t\u00fcm AK Parti ailesine ve \u00fclkemize hay\u0131rl\u0131 olmas\u0131n\u0131 temenni ederiz.&#8221;\u00a0<\/p>\n","protected":false},"excerpt":{"rendered":"<p>AK Parti Mersin \u0130l Ba\u015fkan\u0131 Cesim Ercik, parti binas\u0131nda d\u00fczenledi\u011fi toplant\u0131da, partisinin 18 A\u011fustos Cumartesi g\u00fcn\u00fc Ankara&#8217;da ger\u00e7ekle\u015ftirilecek olan 6. Ola\u011fan B\u00fcy\u00fck Kongresi&#8217;ne ili\u015fkin a\u00e7\u0131klamalarda bulundu. \u00c7ok say\u0131da partilinin de &hellip; <a href=\"https:\/\/akdenizolaygazetesi.com\/?p=2444\" class=\"more-link\">Devam\u0131n\u0131 Oku&#8230;<\/a><\/p>\n","protected":false},"author":1,"featured_media":0,"comment_status":"open","ping_status":"open","sticky":false,"template":"","format":"standard","meta":[],"categories":[],"tags":[],"_links":{"self":[{"href":"https:\/\/akdenizolaygazetesi.com\/index.php?rest_route=\/wp\/v2\/posts\/2444"}],"collection":[{"href":"https:\/\/akdenizolaygazetesi.com\/index.php?rest_route=\/wp\/v2\/posts"}],"about":[{"href":"https:\/\/akdenizolaygazetesi.com\/index.php?rest_route=\/wp\/v2\/types\/post"}],"author":[{"embeddable":true,"href":"https:\/\/akdenizolaygazetesi.com\/index.php?rest_route=\/wp\/v2\/users\/1"}],"replies":[{"embeddable":true,"href":"https:\/\/akdenizolaygazetesi.com\/index.php?rest_route=%2Fwp%2Fv2%2Fcomments&post=2444"}],"version-history":[{"count":0,"href":"https:\/\/akdenizolaygazetesi.com\/index.php?rest_route=\/wp\/v2\/posts\/2444\/revisions"}],"wp:attachment":[{"href":"https:\/\/akdenizolaygazetesi.com\/index.php?rest_route=%2Fwp%2Fv2%2Fmedia&parent=2444"}],"wp:term":[{"taxonomy":"category","embeddable":true,"href":"https:\/\/akdenizolaygazetesi.com\/index.php?rest_route=%2Fwp%2Fv2%2Fcategories&post=2444"},{"taxonomy":"post_tag","embeddable":true,"href":"https:\/\/akdenizolaygazetesi.com\/index.php?rest_route=%2Fwp%2Fv2%2Ftags&post=2444"}],"curies":[{"name":"wp","href":"https:\/\/api.w.org\/{rel}","templated":true}]}}