{"id":24440,"date":"2023-03-01T14:00:42","date_gmt":"2023-03-01T11:00:42","guid":{"rendered":"http:\/\/akdenizolaygazetesi.com\/?p=24440"},"modified":"2023-03-01T14:00:42","modified_gmt":"2023-03-01T11:00:42","slug":"3-cevre-yolu-ile-20-cadde-kesisimindeki-kanalize-kavsak-calismasi-tamamlandi","status":"publish","type":"post","link":"https:\/\/akdenizolaygazetesi.com\/?p=24440","title":{"rendered":"3. \u00c7EVRE YOLU \u0130LE 20. CADDE KES\u0130\u015e\u0130M\u0130NDEK\u0130 KANAL\u0130ZE KAV\u015eAK \u00c7ALI\u015eMASI TAMAMLANDI"},"content":{"rendered":"<p>Mersin B\u00fcy\u00fck\u015fehir Belediyesi Yol Yap\u0131m Bak\u0131m ve Onar\u0131m Dairesi ekipleri, 3. \u00c7evre Yolu&#8217;nda ger\u00e7ekle\u015ftirdi\u011fi \u00e7al\u0131\u015fmalar kapsam\u0131nda 3. kanalize kav\u015fa\u011f\u0131 tamamlayarak trafi\u011fe a\u00e7t\u0131. Ara\u00e7lar i\u00e7in 3 farkl\u0131 kulvardan y\u00f6nlendirme yapan kanalize kav\u015fak sayesinde trafik \u0131\u015f\u0131\u011f\u0131nda bekleme s\u00fcresi k\u0131sal\u0131rken trafikte olu\u015fan ara\u00e7 yo\u011funlu\u011fu da azalacak. Bisiklet yolunun da yap\u0131ld\u0131\u011f\u0131 kav\u015fak 7 g\u00fcn gibi k\u0131sa bir s\u00fcrede tamamlanarak hizmete a\u00e7\u0131ld\u0131.<br \/>\nD\u00f6nel kav\u015fak, kanalize kav\u015fak haline getirildi<br \/>\nYol Yap\u0131m Bak\u0131m ve Onar\u0131m Dairesi Ba\u015fkanl\u0131\u011f\u0131 ekiplerinin 3. \u00c7evre Yolu \u00fczerinde a\u015famal\u0131 olarak s\u00fcrd\u00fcrd\u00fc\u011f\u00fc yol d\u00fczenleme, yenileme ve iyile\u015ftirme \u00e7al\u0131\u015fmalar\u0131 devam ediyor. \u0130htiyaca g\u00f6re a\u015famal\u0131 olarak yap\u0131lan \u00e7al\u0131\u015fmalar kapsam\u0131nda yo\u011fun olan kav\u015faklardan biri olan 3. \u00c7evre Yolu&#8217;nu 20. Caddeye ba\u011flayan d\u00f6nel kav\u015fak yap\u0131lan d\u00fczenleme ile kanalize kav\u015fak haline getirildi.<br \/>\nAra\u00e7lar\u0131n d\u00fcz istikamette, sa\u011fa ve sola d\u00f6n\u00fc\u015flerinde 3 farkl\u0131 kulvardan y\u00f6nlendirme yapan kav\u015fak \u00e7al\u0131\u015fmas\u0131 sayesinde ara\u00e7lar\u0131n trafik \u0131\u015f\u0131\u011f\u0131nda bekleme s\u00fcresi azal\u0131rken, ara\u00e7 yo\u011funlu\u011funun da miminuma indirilmesi sa\u011flanm\u0131\u015f olacak. Kav\u015fak, deprem sonras\u0131 artan Mersin n\u00fcfusu nedeniyle olu\u015fan ekstra trafik yo\u011funlu\u011funun da azalmas\u0131na katk\u0131 sunacak.<br \/>\nBisiklet kullan\u0131c\u0131lar\u0131n\u0131n da konforlu ve g\u00fcvenli bir s\u00fcr\u00fc\u015f sa\u011flamas\u0131 i\u00e7in bisiklet yolunun yap\u0131ld\u0131\u011f\u0131 kav\u015fakta 2 bin 300 ton asfalt d\u00f6k\u00fcm\u00fc, 1800 metre de bord\u00fcr \u00e7al\u0131\u015fmas\u0131 yap\u0131ld\u0131.<br \/>\n&#8220;Konforlu ve g\u00fcvenli seyahati ama\u00e7l\u0131yoruz&#8221;<br \/>\nYol Yap\u0131m Bak\u0131m ve Onar\u0131m Dairesi Ba\u015fkanl\u0131\u011f\u0131&#8217;nda \u0130n\u015faat M\u00fchendisi ve yap\u0131m\u0131 tamamlanan kav\u015fa\u011f\u0131n kontrol\u00f6r\u00fc olan S\u00fcleyman Tufan Gen\u00e7, hemzemin kanalize kav\u015fa\u011f\u0131n \u00f6zelliklerini anlatarak, &#8220;Hemzemin kanalize kav\u015fak modeli hem sa\u011fa d\u00f6n\u00fc\u015flerde hem sola d\u00f6n\u00fc\u015flerde hem de d\u00fcz istikamette ara\u00e7lar\u0131n daha az bekleme s\u00fcreleriyle daha konforlu seyahat etmelerini ama\u00e7layan bir kav\u015fak modelimizdir&#8221; dedi.<br \/>\n3. \u00c7evre Yolu&#8217;nda yapt\u0131klar\u0131 3. kanalize kav\u015fak oldu\u011funu s\u00f6yleyen Gen\u00e7, kav\u015fa\u011f\u0131n trafi\u011fin yo\u011funlu\u011funu azaltaca\u011f\u0131n\u0131 belirterek, &#8220;Buras\u0131 3. \u00c7evre Yolu istikametini 20. Cadde&#8217;ye ba\u011flayan kav\u015fa\u011f\u0131m\u0131zd\u0131r. G\u00f6rd\u00fc\u011f\u00fcn\u00fcz gibi baya\u011f\u0131 yo\u011fun trafik ak\u0131\u015f\u0131 olan bir kav\u015fak. 3. \u00c7evre Yolu&#8217;nda 3. kav\u015fa\u011f\u0131m\u0131z. Kanalize kav\u015fak yapmam\u0131z\u0131n sebebi; s\u00fcr\u00fcc\u00fclerin olabildi\u011fince konforlu ve g\u00fcvenli seyahat etmelerini ama\u00e7l\u0131yoruz.  Bu sayede Mersin halk\u0131 ve ba\u015f\u0131m\u0131za gelen deprem felaketinden dolay\u0131 Mersin&#8217;e gelen misafirlerimizin daha k\u0131sa s\u00fcrede ve daha g\u00fcvenli bir \u015fekilde seyahat etmelerini ama\u00e7l\u0131yoruz&#8221; diye konu\u015ftu.<\/p>\n","protected":false},"excerpt":{"rendered":"<p>Mersin B\u00fcy\u00fck\u015fehir Belediyesi Yol Yap\u0131m Bak\u0131m ve Onar\u0131m Dairesi ekipleri, 3. \u00c7evre Yolu&#8217;nda ger\u00e7ekle\u015ftirdi\u011fi \u00e7al\u0131\u015fmalar kapsam\u0131nda 3. kanalize kav\u015fa\u011f\u0131 tamamlayarak trafi\u011fe a\u00e7t\u0131. Ara\u00e7lar i\u00e7in 3 farkl\u0131 kulvardan y\u00f6nlendirme yapan kanalize &hellip; <a href=\"https:\/\/akdenizolaygazetesi.com\/?p=24440\" class=\"more-link\">Devam\u0131n\u0131 Oku&#8230;<\/a><\/p>\n","protected":false},"author":2,"featured_media":24441,"comment_status":"open","ping_status":"open","sticky":false,"template":"","format":"standard","meta":[],"categories":[3,5],"tags":[],"_links":{"self":[{"href":"https:\/\/akdenizolaygazetesi.com\/index.php?rest_route=\/wp\/v2\/posts\/24440"}],"collection":[{"href":"https:\/\/akdenizolaygazetesi.com\/index.php?rest_route=\/wp\/v2\/posts"}],"about":[{"href":"https:\/\/akdenizolaygazetesi.com\/index.php?rest_route=\/wp\/v2\/types\/post"}],"author":[{"embeddable":true,"href":"https:\/\/akdenizolaygazetesi.com\/index.php?rest_route=\/wp\/v2\/users\/2"}],"replies":[{"embeddable":true,"href":"https:\/\/akdenizolaygazetesi.com\/index.php?rest_route=%2Fwp%2Fv2%2Fcomments&post=24440"}],"version-history":[{"count":1,"href":"https:\/\/akdenizolaygazetesi.com\/index.php?rest_route=\/wp\/v2\/posts\/24440\/revisions"}],"predecessor-version":[{"id":24442,"href":"https:\/\/akdenizolaygazetesi.com\/index.php?rest_route=\/wp\/v2\/posts\/24440\/revisions\/24442"}],"wp:featuredmedia":[{"embeddable":true,"href":"https:\/\/akdenizolaygazetesi.com\/index.php?rest_route=\/wp\/v2\/media\/24441"}],"wp:attachment":[{"href":"https:\/\/akdenizolaygazetesi.com\/index.php?rest_route=%2Fwp%2Fv2%2Fmedia&parent=24440"}],"wp:term":[{"taxonomy":"category","embeddable":true,"href":"https:\/\/akdenizolaygazetesi.com\/index.php?rest_route=%2Fwp%2Fv2%2Fcategories&post=24440"},{"taxonomy":"post_tag","embeddable":true,"href":"https:\/\/akdenizolaygazetesi.com\/index.php?rest_route=%2Fwp%2Fv2%2Ftags&post=24440"}],"curies":[{"name":"wp","href":"https:\/\/api.w.org\/{rel}","templated":true}]}}