{"id":24445,"date":"2023-03-01T17:33:19","date_gmt":"2023-03-01T14:33:19","guid":{"rendered":"http:\/\/akdenizolaygazetesi.com\/?p=24445"},"modified":"2023-03-01T17:33:19","modified_gmt":"2023-03-01T14:33:19","slug":"chpli-ozgur-ozel-yenisehir-belediyesi-giysi-evinde-depremzedeleri-ziyaret-etti","status":"publish","type":"post","link":"https:\/\/akdenizolaygazetesi.com\/?p=24445","title":{"rendered":"CHP&#8217;li \u00d6zg\u00fcr \u00d6zel, Yeni\u015fehir Belediyesi Giysi Evi&#8217;nde depremzedeleri ziyaret etti"},"content":{"rendered":"<p>CHP Grup Ba\u015fkanvekili \u00d6zg\u00fcr \u00d6zel, Mersin Yeni\u015fehir Belediyesi taraf\u0131ndan depremzede yurtta\u015flar i\u00e7in haz\u0131rlanan ve bug\u00fcne kadar 32 bin ki\u015finin yaraland\u0131\u011f\u0131 Giysi Evi&#8217;ni ziyaret etti.<br \/>\nMersin&#8217;e gelen CHP Grup Ba\u015fkanvekili ve Manisa Milletvekili \u00d6zg\u00fcr \u00d6zel, Mersin Yeni\u015fehir Belediyesinin depremzedelere k\u0131yafet deste\u011fi verdi\u011fi Giysi Evi&#8217;nde yurtta\u015flarla bir araya geldi, yap\u0131lan \u00e7al\u0131\u015fmalar\u0131 yerinde inceledi.  CHP&#8217;li \u00d6zg\u00fcr \u00d6zel&#8217;e  Yeni\u015fehir Belediye Ba\u015fkan\u0131 Abdullah \u00d6zyi\u011fit&#8217;in yan\u0131 s\u0131ra CHP PM \u00dcyesi ve Mersin Milletvekili Ali Mahir Ba\u015far\u0131r, CHP Mersin \u0130l Ba\u015fkan\u0131 Koral \u00d6m\u00fcr, CHP Adana Milletvekili Burhanettin Bulut, Mezitli Belediye Ba\u015fkan\u0131 Ne\u015fet Tarhan, CHP Yeni\u015fehir \u0130l\u00e7e Ba\u015fkan\u0131 Tayar Tahiro\u011flu ve CHP Mezitli \u0130l\u00e7e Ba\u015fkan\u0131 Ahmet Serkan Tuncer de e\u015flik etti.<br \/>\nBa\u015fkan Abdullah \u00d6zyi\u011fit, Yeni\u015fehir Belediyesi Atat\u00fcrk K\u00fclt\u00fcr Merkezi&#8217;nde kurulan Giysi Evi&#8217;ni gezen \u00d6zg\u00fcr \u00d6zel ve beraberindekilere depremzedeler y\u00f6nelik yapt\u0131klar\u0131 \u00e7al\u0131\u015fmalar hakk\u0131nda da bilgi verdi.  Yeni\u015fehir Belediyesinin depremzedelere y\u00f6nelik hizmet verdi\u011fi Giysi Evi&#8217;ni gezen \u00d6zg\u00fcr \u00d6zel, deprem b\u00f6lgesinden gelen yurtta\u015flarla da tek tek g\u00f6r\u00fc\u015ft\u00fc.<\/p>\n","protected":false},"excerpt":{"rendered":"<p>CHP Grup Ba\u015fkanvekili \u00d6zg\u00fcr \u00d6zel, Mersin Yeni\u015fehir Belediyesi taraf\u0131ndan depremzede yurtta\u015flar i\u00e7in haz\u0131rlanan ve bug\u00fcne kadar 32 bin ki\u015finin yaraland\u0131\u011f\u0131 Giysi Evi&#8217;ni ziyaret etti. Mersin&#8217;e gelen CHP Grup Ba\u015fkanvekili ve &hellip; <a href=\"https:\/\/akdenizolaygazetesi.com\/?p=24445\" class=\"more-link\">Devam\u0131n\u0131 Oku&#8230;<\/a><\/p>\n","protected":false},"author":2,"featured_media":24446,"comment_status":"open","ping_status":"open","sticky":false,"template":"","format":"standard","meta":[],"categories":[3],"tags":[],"_links":{"self":[{"href":"https:\/\/akdenizolaygazetesi.com\/index.php?rest_route=\/wp\/v2\/posts\/24445"}],"collection":[{"href":"https:\/\/akdenizolaygazetesi.com\/index.php?rest_route=\/wp\/v2\/posts"}],"about":[{"href":"https:\/\/akdenizolaygazetesi.com\/index.php?rest_route=\/wp\/v2\/types\/post"}],"author":[{"embeddable":true,"href":"https:\/\/akdenizolaygazetesi.com\/index.php?rest_route=\/wp\/v2\/users\/2"}],"replies":[{"embeddable":true,"href":"https:\/\/akdenizolaygazetesi.com\/index.php?rest_route=%2Fwp%2Fv2%2Fcomments&post=24445"}],"version-history":[{"count":1,"href":"https:\/\/akdenizolaygazetesi.com\/index.php?rest_route=\/wp\/v2\/posts\/24445\/revisions"}],"predecessor-version":[{"id":24447,"href":"https:\/\/akdenizolaygazetesi.com\/index.php?rest_route=\/wp\/v2\/posts\/24445\/revisions\/24447"}],"wp:featuredmedia":[{"embeddable":true,"href":"https:\/\/akdenizolaygazetesi.com\/index.php?rest_route=\/wp\/v2\/media\/24446"}],"wp:attachment":[{"href":"https:\/\/akdenizolaygazetesi.com\/index.php?rest_route=%2Fwp%2Fv2%2Fmedia&parent=24445"}],"wp:term":[{"taxonomy":"category","embeddable":true,"href":"https:\/\/akdenizolaygazetesi.com\/index.php?rest_route=%2Fwp%2Fv2%2Fcategories&post=24445"},{"taxonomy":"post_tag","embeddable":true,"href":"https:\/\/akdenizolaygazetesi.com\/index.php?rest_route=%2Fwp%2Fv2%2Ftags&post=24445"}],"curies":[{"name":"wp","href":"https:\/\/api.w.org\/{rel}","templated":true}]}}