{"id":2445,"date":"2020-11-04T18:22:58","date_gmt":"2020-11-04T15:22:58","guid":{"rendered":"http:\/\/mersinekonomipolitikagazetesi.com\/?p=2445"},"modified":"2020-11-04T18:22:58","modified_gmt":"2020-11-04T15:22:58","slug":"liman-hal-kavsaginda-sona-gelindi","status":"publish","type":"post","link":"https:\/\/akdenizolaygazetesi.com\/?p=2445","title":{"rendered":"Liman &#8211; Hal Kav\u015fa\u011f\u0131&#8217;nda sona gelindi"},"content":{"rendered":"<p>Eski Kalk\u0131nma Bakan\u0131 ve AK Parti Mersin Milletvekili L\u00fctfi Elvan, Liman &#8211; Hal K\u00f6pr\u00fcl\u00fc Kav\u015fak Projesi\u2019nde sona geldiklerini belirterek, \u201c\u0130n\u015fallah \u00f6n\u00fcm\u00fczdeki g\u00fcnlerde a\u00e7aca\u011f\u0131z. Mersin trafi\u011fi b\u00fcy\u00fck \u00f6l\u00e7\u00fcde rahatlatacak. O zaman kuyruklar olu\u015fturan t\u0131rlar\u0131 da g\u00f6rmeyece\u011fiz\u201d dedi.\u00a0<br \/>\nElvan, Mersin Valisi Ali \u0130hsan Su ile birlikte Liman &#8211; Hal K\u00f6pr\u00fcl\u00fc Kav\u015fak \u00e7al\u0131\u015fmalar\u0131n\u0131 yerinde inceledi. Y\u00fcklenici firma yetkililerinden \u00e7al\u0131\u015fmalar ile ilgili bilgi alan Elvan, k\u00f6pr\u00fcn\u00fcn tamamland\u0131\u011f\u0131n\u0131, sadece korkuluk ve asfaltlama \u00e7al\u0131\u015fmalar\u0131n\u0131n kald\u0131\u011f\u0131n\u0131 s\u00f6yledi.\u00a0<\/p>\n<p>\u201c\u00d6n\u00fcm\u00fczdeki g\u00fcnlerde a\u00e7\u0131lacak\u201d\u00a0<br \/>\nKav\u015fa\u011f\u0131n \u00e7ok yak\u0131nda hizmete girece\u011fini vurgulayan Elvan, \u201cBildi\u011finiz gibi bu k\u00f6pr\u00fcl\u00fc kav\u015fak bin metre uzunlu\u011funda. Bunun devam\u0131nda da 2 kilometrelik k\u0131sm\u0131 8 \u015feritli yol haline getiriyoruz. \u00c7al\u0131\u015fmalar hemen hemen tamamland\u0131. K\u00f6pr\u00fcn\u00fcn tamam\u0131 bitti. \u015euanda korkuluklar\u0131n monte edilmesi s\u00f6z konusu ve bir de k\u00f6pr\u00fc \u00e7\u0131k\u0131\u015f\u0131n\u0131n baz\u0131 ba\u011flant\u0131 yollar\u0131 ve asfaltlar\u0131 kald\u0131. \u0130n\u015fallah \u00f6n\u00fcm\u00fczdeki g\u00fcnlerde Liman ve Hal Kav\u015fa\u011f\u0131n\u0131n a\u00e7\u0131l\u0131\u015f\u0131n\u0131 ger\u00e7ekle\u015ftirece\u011fiz\u201d diye konu\u015ftu.\u00a0<\/p>\n<p>\u201c4 \u015feritli yol 8 \u015feride \u00e7\u0131kart\u0131ld\u0131\u201d\u00a0<br \/>\nProjenin Mersin i\u00e7in \u00e7ok \u00f6nemli bir yat\u0131r\u0131m oldu\u011funu kaydeden Elvan, \u201cDevasa bir k\u00f6pr\u00fcl\u00fc kav\u015fak in\u015fa ettik. \u00d6zellikle liman b\u00f6lgesinin trafi\u011fini b\u00fcy\u00fck \u00f6l\u00e7\u00fcde rahatlatacak bir kav\u015fak. Bu yolumuz 2 gidi\u015f 2 geli\u015f 4 \u015ferit halinde \u00e7al\u0131\u015f\u0131yordu. Bunu 8 \u015feride \u00e7\u0131kar\u0131yoruz ve hi\u00e7 bir \u0131\u015f\u0131\u011fa u\u011framadan 1 kilometrelik kesimi ge\u00e7mi\u015f oluyoruz. 8 \u015ferit halinde yolumuz bundan sonraki s\u00fcre\u00e7te Kazanl\u0131ya kadar devam edecek. Kazanl\u0131dan sonras\u0131 i\u00e7inde ihalesi yap\u0131lacak ve Adana\u2019ya kadar D-400 karayolumuzu 8 \u015feride \u00e7\u0131karaca\u011f\u0131z. Art\u0131k t\u0131rlar\u0131n uzun kuyruklar olu\u015fturdu\u011funu g\u00f6rmeyece\u011fiz\u201d ifadelerini kulland\u0131.\u00a0<\/p>\n<p>\u201cMaliyetine 10-15 alt-\u00fcst ge\u00e7it yap\u0131l\u0131r\u201d\u00a0<br \/>\nKav\u015fa\u011f\u0131n s\u0131radan bir k\u00f6pr\u00fcl\u00fc kav\u015fak olmad\u0131\u011f\u0131n\u0131 aktaran Elvan, \u201cTeknik y\u00f6n\u00fcnden bakt\u0131\u011f\u0131m\u0131zda olduk\u00e7a farkl\u0131 bir metot kullan\u0131ld\u0131. Germe y\u00f6ntemi denilen bir y\u00f6ntem kullan\u0131ld\u0131. Bu k\u00f6pr\u00fcn\u00fcn maliyetine kent merkezlerinde 10-15 alt ge\u00e7it \u00fcst ge\u00e7it yapabilirsiniz. O derece b\u00fcy\u00fck bir k\u00f6pr\u00fcl\u00fc kav\u015fak\u201d \u015feklinde konu\u015ftu.\u00a0<\/p>\n","protected":false},"excerpt":{"rendered":"<p>Eski Kalk\u0131nma Bakan\u0131 ve AK Parti Mersin Milletvekili L\u00fctfi Elvan, Liman &#8211; Hal K\u00f6pr\u00fcl\u00fc Kav\u015fak Projesi\u2019nde sona geldiklerini belirterek, \u201c\u0130n\u015fallah \u00f6n\u00fcm\u00fczdeki g\u00fcnlerde a\u00e7aca\u011f\u0131z. Mersin trafi\u011fi b\u00fcy\u00fck \u00f6l\u00e7\u00fcde rahatlatacak. O zaman &hellip; <a href=\"https:\/\/akdenizolaygazetesi.com\/?p=2445\" class=\"more-link\">Devam\u0131n\u0131 Oku&#8230;<\/a><\/p>\n","protected":false},"author":1,"featured_media":0,"comment_status":"open","ping_status":"open","sticky":false,"template":"","format":"standard","meta":[],"categories":[],"tags":[],"_links":{"self":[{"href":"https:\/\/akdenizolaygazetesi.com\/index.php?rest_route=\/wp\/v2\/posts\/2445"}],"collection":[{"href":"https:\/\/akdenizolaygazetesi.com\/index.php?rest_route=\/wp\/v2\/posts"}],"about":[{"href":"https:\/\/akdenizolaygazetesi.com\/index.php?rest_route=\/wp\/v2\/types\/post"}],"author":[{"embeddable":true,"href":"https:\/\/akdenizolaygazetesi.com\/index.php?rest_route=\/wp\/v2\/users\/1"}],"replies":[{"embeddable":true,"href":"https:\/\/akdenizolaygazetesi.com\/index.php?rest_route=%2Fwp%2Fv2%2Fcomments&post=2445"}],"version-history":[{"count":0,"href":"https:\/\/akdenizolaygazetesi.com\/index.php?rest_route=\/wp\/v2\/posts\/2445\/revisions"}],"wp:attachment":[{"href":"https:\/\/akdenizolaygazetesi.com\/index.php?rest_route=%2Fwp%2Fv2%2Fmedia&parent=2445"}],"wp:term":[{"taxonomy":"category","embeddable":true,"href":"https:\/\/akdenizolaygazetesi.com\/index.php?rest_route=%2Fwp%2Fv2%2Fcategories&post=2445"},{"taxonomy":"post_tag","embeddable":true,"href":"https:\/\/akdenizolaygazetesi.com\/index.php?rest_route=%2Fwp%2Fv2%2Ftags&post=2445"}],"curies":[{"name":"wp","href":"https:\/\/api.w.org\/{rel}","templated":true}]}}