{"id":24454,"date":"2023-03-02T13:15:32","date_gmt":"2023-03-02T10:15:32","guid":{"rendered":"http:\/\/akdenizolaygazetesi.com\/?p=24454"},"modified":"2023-03-02T13:15:32","modified_gmt":"2023-03-02T10:15:32","slug":"arslankoyun-kurtulusunun-103-yil-donumunde-milli-birlik-ve-beraberlik-vurgusu","status":"publish","type":"post","link":"https:\/\/akdenizolaygazetesi.com\/?p=24454","title":{"rendered":"ARSLANK\u00d6Y&#8217;\u00dcN KURTULU\u015eUNUN 103. YIL D\u00d6N\u00dcM\u00dcNDE M\u0130LL\u0130 B\u0130RL\u0130K VE BERABERL\u0130K VURGUSU"},"content":{"rendered":"<p>Anadolu&#8217;da yaz\u0131lan kurtulu\u015f destan\u0131nda imzas\u0131 bulunan ve Mersin&#8217;de Kuvayi Milliye m\u00fccadelesinin ba\u015flad\u0131\u011f\u0131 yer olarak tarihe ge\u00e7en Arslank\u00f6y&#8217;\u00fcn D\u00fc\u015fman \u0130\u015fgalinden kurtulu\u015funun 103. y\u0131l d\u00f6n\u00fcm\u00fcnde anma program\u0131 d\u00fczenlendi.<\/p>\n<p>Toroslar Belediye Ba\u015fkan\u0131 Ats\u0131z Af\u015f\u0131n Y\u0131lmaz; &#8220;Arslank\u00f6y, milli m\u00fccadele d\u00f6neminde ad\u0131na yak\u0131\u015f\u0131r bir kahramanl\u0131k \u00f6rne\u011fi g\u00f6stermi\u015ftir. 103 y\u0131l \u00f6nce Arslank\u00f6y&#8217;de ya\u015fanan ve hissedilen milli m\u00fccadele ruhuyla bug\u00fcn de milletimiz, \u00fclkemizi derinden sarsan depremin ard\u0131ndan omuz omuza yaralar\u0131 sarmak i\u00e7in m\u00fccadele etmektedir. \u00c7ok \u015f\u00fck\u00fcr ki milletimiz, kahramanlar \u00e7\u0131karmaya devam ediyor&#8221; dedi.<\/p>\n<p>Arslank\u00f6y Mahallesi Cumhuriyet alan\u0131nda d\u00fczenlenen program, sayg\u0131 duru\u015fu ve \u0130stiklal Mar\u015f\u0131&#8217;n\u0131n okunmas\u0131n\u0131n ard\u0131ndan Atat\u00fcrk an\u0131t\u0131na \u00e7elenk sunulmas\u0131yla ba\u015flad\u0131.<\/p>\n<p>Kuran-\u0131 Kerim tilavetiyle devam eden programda depremde hayat\u0131n\u0131 kaybeden vatanda\u015flar ve kuvayi milliye kahramanlar\u0131 dualarla yad edildi. T\u00f6ren alan\u0131nda Toroslar Belediyesi taraf\u0131ndan vatanda\u015flara lokma ikram\u0131 yap\u0131l\u0131rken, milli m\u00fccadelenin simgesi kalpak da hediye edildi.<\/p>\n<p>Program\u0131n a\u00e7\u0131l\u0131\u015f konu\u015fmas\u0131n\u0131 Arslank\u00f6y Mahalle Muhtar\u0131 Erdal Cengiz yaparak Arslank\u00f6y&#8217;de verilen kahramanl\u0131k destan\u0131n\u0131 anlatt\u0131.  Depremde hayat\u0131n\u0131 kaybeden vatanda\u015flara Allah&#8217;tan rahmet, yaral\u0131lara acil \u015fifalar dileyen muhtar Cengiz;  &#8220;Bug\u00fcn al bayra\u011f\u0131m\u0131z\u0131n alt\u0131nda Arslank\u00f6y\u00fcm\u00fcz\u00fcn kurtulu\u015funu kutlayabiliyorsak, ba\u015fta Gazi Mustafa Kemal Atat\u00fcrk ve silah arkada\u015flar\u0131, aziz \u015fehitlerimiz, kahraman gazilerimiz, kad\u0131n\u0131 ve erke\u011fiyle kahramanl\u0131k destan\u0131 yazan k\u00f6yl\u00fcm\u00fcz sayesindedir.  Sayg\u0131, minnet ve \u015f\u00fckranla an\u0131yorum. Ruhlar\u0131 \u015fad, mekanlar\u0131 cennet olsun&#8221; dedi.<\/p>\n<p> &#8220;Arslank\u00f6y&#8217;deki Zafer Anadolu&#8217;daki Kuvayi Milliye Hareketinin \u00d6zetidir&#8221;<\/p>\n<p>Toroslar Belediye Ba\u015fkan\u0131 Ats\u0131z Af\u015f\u0131n Y\u0131lmaz ise, Arslank\u00f6y&#8217;de yaz\u0131lan destan\u0131n ve verilen m\u00fccadelenin, Anadolu&#8217;daki kuvayi milliye hareketinin bir \u00f6zeti oldu\u011funu s\u00f6yledi.<\/p>\n<p>&#8220;Burada Arslank\u00f6yl\u00fc hem\u015fehrilerimizin vatan, millet, bayrak ve ba\u011f\u0131ms\u0131zl\u0131k sevgisi \u00f6ne \u00e7\u0131kmaktad\u0131r&#8221; diyen Ba\u015fkan Y\u0131lmaz; &#8220;1 Mart \u00c7ete Bayram\u0131. Y\u0131llarca Arslank\u00f6y&#8217;de b\u00f6yle anla\u015f\u0131l\u0131r. Kuvayi Milliye ate\u015fi, \u00c7ukurova&#8217;da ilk Arslank\u00f6y&#8217;de yak\u0131lm\u0131\u015ft\u0131r. Gazi Mustafa Kemal Atat\u00fcrk&#8217;\u00fcn, \u0130ngilizlerin Mersin&#8217;i i\u015fgalinden yakla\u015f\u0131k 1 ay \u00f6nce 5 Kas\u0131m 1918&#8217;da Mersin&#8217;e gelmesi ve \u00f6zellikle da\u011f k\u00f6ylerimizi te\u015fkilatland\u0131rmas\u0131, bu y\u00f6nde kararlar almas\u0131, i\u015fgale kar\u015f\u0131 haz\u0131rl\u0131klar\u0131n ger\u00e7ekle\u015ftirilmesini sa\u011flamas\u0131yla, kahraman Arslank\u00f6yl\u00fc&#8217;n\u00fcn bunu g\u00f6rmesi, anlamas\u0131, alg\u0131lamas\u0131 ve organize olmas\u0131yla bu zafer kazan\u0131lm\u0131\u015ft\u0131r.  Arslank\u00f6y&#8217;\u00fcn kurtulu\u015fundan sonra Arslank\u00f6yl\u00fclerin her y\u0131l buraya gelmesi, kalpaklar\u0131n\u0131 giymesi, madalyalar\u0131n\u0131 takmas\u0131 kendi i\u00e7inde bir halk bayram\u0131 olarak kutlamas\u0131 da son derece k\u0131ymetlidir. Tek ba\u015f\u0131na Anadolu&#8217;daki Kuvayi Milliye Hareketinin \u00f6zetidir. Ba\u015fta Gazi Mustafa Kemal Atat\u00fcrk ve silah arkada\u015flar\u0131 olmak \u00fczere kan veren, can veren, al\u0131n teri ak\u0131tan t\u00fcm b\u00fcy\u00fcklerimizi rahmetle an\u0131yorum. Ruhlar\u0131 \u015fad olsun. Bug\u00fcn de yine ayn\u0131 \u015fartlar ve benzer bir hadise ya\u015fasak Arslank\u00f6yl\u00fc, Mersinli ayn\u0131 \u015fevkle, ayn\u0131 heyecanla, ayn\u0131 mili \u015fuurla hareket edecektir ve etmeye devam edecektir. Milletimizin en \u00f6nemli g\u00fcc\u00fc de budur&#8221; diye konu\u015ftu.<\/p>\n<p>&#8220;Devlet Millet El Ele, G\u00f6n\u00fcl G\u00f6n\u00fcle Yaralar\u0131m\u0131z\u0131 Saraca\u011f\u0131z&#8221;<\/p>\n<p>6 \u015eubat tarihinde ya\u015fanan ve 11 ili vuran deprem felaketinin ard\u0131ndan T\u00fcrk Milleti&#8217;nin b\u00fcy\u00fck bir \u015fekilde kenetlendi\u011fini ve bununla da gurur duyduklar\u0131n\u0131 ifade eden Ba\u015fkan Y\u0131lmaz; &#8220;Son bir ayd\u0131r \u00fclkemizde deprem felaketi ya\u015f\u0131yoruz. Kay\u0131plar\u0131m\u0131z ve ac\u0131lar\u0131m\u0131z b\u00fcy\u00fck. Hayat\u0131n\u0131 kaybeden vatanda\u015flar\u0131m\u0131z\u0131 rahmetle an\u0131yorum. \u00c7ok \u015f\u00fck\u00fcr ki milletimiz kahramanlar \u00e7\u0131karmaya devam ediyor. 103 y\u0131l \u00f6nce silah\u0131n\u0131 al\u0131p, kalpa\u011f\u0131n\u0131 giyen ve vatan\u0131m\u0131z i\u00e7in m\u00fccadele eden, can veren, kan veren b\u00fcy\u00fcklerimizin torunlar\u0131 bug\u00fcn de ayn\u0131 \u015fevkle m\u00fccadele etmeye devam ediyor. Depremin ard\u0131ndan gece yar\u0131s\u0131 yol kenar\u0131nda bedava s\u0131cak \u00e7orba, \u00e7ocuk bezi ve erzak vererek arabalar\u0131n \u00f6n\u00fcne ge\u00e7en k\u0131ymetli gen\u00e7lerimizin g\u00f6zlerinden \u00f6p\u00fcyorum. 85 ya\u015f\u0131nda odununu s\u0131rt\u0131na al\u0131p deprem b\u00f6lgesine g\u00f6nderen k\u0131ymetli teyzemizin ellerinden \u00f6p\u00fcyorum. Ellerinde ne imkan varsa h\u0131zl\u0131 bir \u015fekilde depremin ilk an\u0131ndan itibaren belediyemize getiren k\u0131ymetli vatanda\u015flar\u0131m\u0131za te\u015fekk\u00fcr ediyorum. Bu hepimizin ayn\u0131 heyecanla m\u00fccadele verdi\u011fimizin g\u00f6stergesidir. Bu duygu ve d\u00fc\u015f\u00fcncelerle \u00c7ukurova&#8217;da bir bayrak ve kale gibi duran Arslank\u00f6y\u00fcm\u00fcz\u00fcn d\u00fc\u015fman \u0130\u015fgalinden kurtulu\u015funun 103&#8217;\u00fcnc\u00fc y\u0131l d\u00f6n\u00fcm\u00fc kutlu olsun&#8221; \u015feklinde konu\u015ftu.<\/p>\n<p>Kaymakam \u00c7enet; &#8220;Burada B\u00fcy\u00fck Bir Milli \u015euur ve Kenetlenme Var&#8221;<\/p>\n<p>Toroslar Kaymakam\u0131 \u0130brahim \u00c7enet de Arslank\u00f6y&#8217;\u00fcn, Akdeniz co\u011frafyas\u0131nda \u00e7ok \u00f6nemli bir yeri oldu\u011funu s\u00f6yleyerek; &#8220;Arslank\u00f6y&#8217;\u00fcn D\u00fc\u015fman \u0130\u015fgalinden Kurtulu\u015funun 103. Y\u0131l d\u00f6n\u00fcm\u00fc kutlu olsun. Ba\u015fta Gazi Mustafa Kemal Atat\u00fcrk olmak \u00fczere bu topraklar i\u00e7in can veren \u015fehitlerimizi, Kuvayi Milliye kahramanlar\u0131n\u0131 rahmetle an\u0131yorum. Burada b\u00fcy\u00fck bir milli \u015fuur, kenetlenme ve vatan\u0131na sahip \u00e7\u0131kmak var. Bu irade y\u00fczy\u0131llarca devam ediyor. Akdeniz b\u00f6lgesini saran deprem nedeniyle on binlerce vatanda\u015f\u0131m\u0131z hayat\u0131n\u0131 kaybetti. Allah&#8217;tan rahmet diliyorum. Bir taraftan milli \u015fuuru ya\u015fat\u0131rken, bir taraftan da ac\u0131m\u0131z\u0131 b\u00f6ylesi bir g\u00fcnde payla\u015fman\u0131n bizlerin millet olma bilincini daha da g\u00fc\u00e7lendirece\u011fine inan\u0131yoruz. \u00c7ocuklar\u0131m\u0131z\u0131n bu bilin\u00e7le ya\u015famas\u0131n\u0131, milli birlik, milli kimlik ve milli benlik kazanmalar\u0131n\u0131 temin ederek gelece\u011fimizi daha emin ad\u0131mlarla tesis edece\u011fiz in\u015fallah&#8221; ifadelerini kulland\u0131.<\/p>\n<p>Konu\u015fmalar\u0131n ard\u0131ndan Toroslar Belediye Ba\u015fkan\u0131 Ats\u0131z Af\u015f\u0131n Y\u0131lmaz ve Kaymakam \u0130brahim \u00c7enet, askeri erkan ve kent protokol\u00fcyle birlikte Arslank\u00f6yl\u00fc vatanda\u015flarla k\u00f6y kahvesinde bir araya geldi.<\/p>\n<p>Ba\u015fkan Y\u0131lmaz, Arslank\u00f6y Mahalle Muhtar\u0131 Erdal Cengiz&#8217;e, T\u00fcrk dili, k\u00fclt\u00fcr\u00fc ve tarihinin en de\u011ferli an\u0131tlar\u0131ndan olan Orhun Yaz\u0131tlar\u0131&#8217;n\u0131n minyat\u00fcr \u00f6rne\u011fini vererek, te\u015fekk\u00fcr etti.<\/p>\n","protected":false},"excerpt":{"rendered":"<p>Anadolu&#8217;da yaz\u0131lan kurtulu\u015f destan\u0131nda imzas\u0131 bulunan ve Mersin&#8217;de Kuvayi Milliye m\u00fccadelesinin ba\u015flad\u0131\u011f\u0131 yer olarak tarihe ge\u00e7en Arslank\u00f6y&#8217;\u00fcn D\u00fc\u015fman \u0130\u015fgalinden kurtulu\u015funun 103. y\u0131l d\u00f6n\u00fcm\u00fcnde anma program\u0131 d\u00fczenlendi. Toroslar Belediye Ba\u015fkan\u0131 Ats\u0131z &hellip; <a href=\"https:\/\/akdenizolaygazetesi.com\/?p=24454\" class=\"more-link\">Devam\u0131n\u0131 Oku&#8230;<\/a><\/p>\n","protected":false},"author":2,"featured_media":24455,"comment_status":"open","ping_status":"open","sticky":false,"template":"","format":"standard","meta":[],"categories":[2,3],"tags":[],"_links":{"self":[{"href":"https:\/\/akdenizolaygazetesi.com\/index.php?rest_route=\/wp\/v2\/posts\/24454"}],"collection":[{"href":"https:\/\/akdenizolaygazetesi.com\/index.php?rest_route=\/wp\/v2\/posts"}],"about":[{"href":"https:\/\/akdenizolaygazetesi.com\/index.php?rest_route=\/wp\/v2\/types\/post"}],"author":[{"embeddable":true,"href":"https:\/\/akdenizolaygazetesi.com\/index.php?rest_route=\/wp\/v2\/users\/2"}],"replies":[{"embeddable":true,"href":"https:\/\/akdenizolaygazetesi.com\/index.php?rest_route=%2Fwp%2Fv2%2Fcomments&post=24454"}],"version-history":[{"count":1,"href":"https:\/\/akdenizolaygazetesi.com\/index.php?rest_route=\/wp\/v2\/posts\/24454\/revisions"}],"predecessor-version":[{"id":24456,"href":"https:\/\/akdenizolaygazetesi.com\/index.php?rest_route=\/wp\/v2\/posts\/24454\/revisions\/24456"}],"wp:featuredmedia":[{"embeddable":true,"href":"https:\/\/akdenizolaygazetesi.com\/index.php?rest_route=\/wp\/v2\/media\/24455"}],"wp:attachment":[{"href":"https:\/\/akdenizolaygazetesi.com\/index.php?rest_route=%2Fwp%2Fv2%2Fmedia&parent=24454"}],"wp:term":[{"taxonomy":"category","embeddable":true,"href":"https:\/\/akdenizolaygazetesi.com\/index.php?rest_route=%2Fwp%2Fv2%2Fcategories&post=24454"},{"taxonomy":"post_tag","embeddable":true,"href":"https:\/\/akdenizolaygazetesi.com\/index.php?rest_route=%2Fwp%2Fv2%2Ftags&post=24454"}],"curies":[{"name":"wp","href":"https:\/\/api.w.org\/{rel}","templated":true}]}}